{"id":89145,"date":"2025-07-29T08:29:09","date_gmt":"2025-07-29T11:29:09","guid":{"rendered":"https:\/\/blogdoeloiltoncajuhy.com.br\/site\/?p=89145"},"modified":"2025-07-29T08:29:11","modified_gmt":"2025-07-29T11:29:11","slug":"senhor-do-bonfim-marca-presenca-no-maior-evento-nacional-sobre-o-cangaco-e-articula-edicao-do-cariri-cangaco-na-cidade","status":"publish","type":"post","link":"https:\/\/blogdoeloiltoncajuhy.com.br\/site\/senhor-do-bonfim-marca-presenca-no-maior-evento-nacional-sobre-o-cangaco-e-articula-edicao-do-cariri-cangaco-na-cidade\/","title":{"rendered":"Senhor do Bonfim marca presen\u00e7a no maior evento nacional sobre o Canga\u00e7o e articula edi\u00e7\u00e3o do Cariri Canga\u00e7o na cidade"},"content":{"rendered":"\n<p><strong>Blog do Eloilton Cajuhy \u2013 BEC<\/strong><\/p>\n\n\n\n<figure class=\"wp-block-image aligncenter size-full\"><a href=\"https:\/\/i0.wp.com\/blogdoeloiltoncajuhy.com.br\/site\/wp-content\/uploads\/2025\/07\/Bonfim-evento-cangaco-01-2025-07-28.jpeg?ssl=1\"><img data-recalc-dims=\"1\" fetchpriority=\"high\" decoding=\"async\" width=\"760\" height=\"584\" src=\"https:\/\/i0.wp.com\/blogdoeloiltoncajuhy.com.br\/site\/wp-content\/uploads\/2025\/07\/Bonfim-evento-cangaco-01-2025-07-28.jpeg?resize=760%2C584&#038;ssl=1\" alt=\"\" class=\"wp-image-89146\" srcset=\"https:\/\/i0.wp.com\/blogdoeloiltoncajuhy.com.br\/site\/wp-content\/uploads\/2025\/07\/Bonfim-evento-cangaco-01-2025-07-28.jpeg?w=760&amp;ssl=1 760w, https:\/\/i0.wp.com\/blogdoeloiltoncajuhy.com.br\/site\/wp-content\/uploads\/2025\/07\/Bonfim-evento-cangaco-01-2025-07-28.jpeg?resize=300%2C231&amp;ssl=1 300w\" sizes=\"(max-width: 760px) 100vw, 760px\" \/><\/a><figcaption class=\"wp-element-caption\"><sub>Foto: Divulga\u00e7\u00e3o<\/sub><\/figcaption><\/figure>\n\n\n\n<p>No dia 28 de julho de 1938, h\u00e1 exatos 87 anos, o Brasil recebia a not\u00edcia da morte de Lampi\u00e3o, Maria Bonita e outros nove integrantes do bando, na hist\u00f3rica Grota do Angico, em Sergipe. O epis\u00f3dio marcou o fim simb\u00f3lico do ciclo do canga\u00e7o e transformou o local em um dos pontos mais visitados por estudiosos, curiosos e apaixonados pela hist\u00f3ria sertaneja.<\/p>\n\n\n\n<p>Este ano, a data foi lembrada com mais um grande encontro do Cariri Canga\u00e7o, considerado o maior evento nacional de pesquisa, cultura e debate sobre o canga\u00e7o e o Nordeste brasileiro. E, com orgulho, a cidade de Senhor do Bonfim teve uma participa\u00e7\u00e3o de destaque.<\/p>\n\n\n\n<p><strong><a href=\"https:\/\/whatsapp.com\/channel\/0029VaAT7tDLI8Yfj5y9Z50Z\" target=\"_blank\" rel=\"noreferrer noopener\"><mark style=\"background-color:rgba(0, 0, 0, 0)\" class=\"has-inline-color has-vivid-red-color\">>> Seja membro do canal Blog do Eloilton Cajuhy no WhatsApp e veja mais not\u00edcias<\/mark><\/a><\/strong><\/p>\n\n\n\n<p>O grupo de estudo e pesquisa \u201cCanga\u00e7ou\u201d, que re\u00fane pesquisadores de diversas regi\u00f5es e conta com ampla representa\u00e7\u00e3o bonfinense, esteve presente com uma caravana expressiva. O objetivo foi n\u00e3o s\u00f3 trocar experi\u00eancias e fortalecer a rede de conhecimento, mas tamb\u00e9m articular um passo importante: trazer uma edi\u00e7\u00e3o do evento para Senhor do Bonfim.<\/p>\n\n\n\n<p>As conversas com os organizadores j\u00e1 est\u00e3o em andamento, e a proposta \u00e9 que a edi\u00e7\u00e3o de 2026 do Cariri Canga\u00e7o aconte\u00e7a em nossa regi\u00e3o. A iniciativa coloca Bonfim no radar nacional da pesquisa hist\u00f3rica, valorizando ainda mais seu papel na preserva\u00e7\u00e3o da mem\u00f3ria do sert\u00e3o.<\/p>\n\n\n\n<p>Al\u00e9m do valor cultural e acad\u00eamico, a realiza\u00e7\u00e3o do evento em Senhor do Bonfim trar\u00e1 impactos positivos para o turismo e a economia local. Atraindo visitantes de todo o pa\u00eds entre pesquisadores, estudantes, jornalistas, produtores culturais e interessados na tem\u00e1tica. O evento movimenta setores como hotelaria, alimenta\u00e7\u00e3o, transporte, com\u00e9rcio e servi\u00e7os.<\/p>\n\n\n\n<p>Sediar o Cariri Canga\u00e7o representa uma oportunidade concreta de fomentar o turismo cultural, gerar renda e fortalecer os pequenos empreendimentos da cidade, ao mesmo tempo em que promove a imagem de Bonfim como polo de conhecimento e tradi\u00e7\u00e3o nordestina.<\/p>\n\n\n\n<p>Essa mobiliza\u00e7\u00e3o refor\u00e7a o compromisso da cidade com a cultura, a educa\u00e7\u00e3o e a valoriza\u00e7\u00e3o de suas ra\u00edzes, elementos fundamentais para construir um futuro conectado com a identidade do nosso povo e com o desenvolvimento sustent\u00e1vel da regi\u00e3o.<\/p>\n\n\n\n<figure class=\"wp-block-image aligncenter size-full\"><a href=\"https:\/\/i0.wp.com\/blogdoeloiltoncajuhy.com.br\/site\/wp-content\/uploads\/2025\/07\/Bonfim-evento-cangaco-02-2025-07-28.jpeg?ssl=1\"><img data-recalc-dims=\"1\" decoding=\"async\" width=\"615\" height=\"760\" src=\"https:\/\/i0.wp.com\/blogdoeloiltoncajuhy.com.br\/site\/wp-content\/uploads\/2025\/07\/Bonfim-evento-cangaco-02-2025-07-28.jpeg?resize=615%2C760&#038;ssl=1\" alt=\"\" class=\"wp-image-89147\" srcset=\"https:\/\/i0.wp.com\/blogdoeloiltoncajuhy.com.br\/site\/wp-content\/uploads\/2025\/07\/Bonfim-evento-cangaco-02-2025-07-28.jpeg?w=615&amp;ssl=1 615w, https:\/\/i0.wp.com\/blogdoeloiltoncajuhy.com.br\/site\/wp-content\/uploads\/2025\/07\/Bonfim-evento-cangaco-02-2025-07-28.jpeg?resize=243%2C300&amp;ssl=1 243w\" sizes=\"(max-width: 615px) 100vw, 615px\" \/><\/a><figcaption class=\"wp-element-caption\"><sub>Foto: Divulga\u00e7\u00e3o<\/sub><\/figcaption><\/figure>\n","protected":false},"excerpt":{"rendered":"<p>Blog do Eloilton Cajuhy \u2013 BEC No dia 28 de julho de 1938, h\u00e1 exatos 87 anos, o Brasil recebia a not\u00edcia da morte de Lampi\u00e3o, Maria Bonita e outros nove integrantes do bando, na hist\u00f3rica Grota do Angico, em Sergipe. O epis\u00f3dio marcou o fim simb\u00f3lico do ciclo do canga\u00e7o e transformou o local [&hellip;]<\/p>\n","protected":false},"author":2,"featured_media":89146,"comment_status":"open","ping_status":"open","sticky":false,"template":"","format":"standard","meta":{"_acf_changed":false,"_monsterinsights_skip_tracking":false,"_monsterinsights_sitenote_active":false,"_monsterinsights_sitenote_note":"","_monsterinsights_sitenote_category":0,"_jetpack_memberships_contains_paid_content":false,"footnotes":"","jetpack_publicize_message":"","jetpack_publicize_feature_enabled":true,"jetpack_social_post_already_shared":false,"jetpack_social_options":{"image_generator_settings":{"template":"highway","default_image_id":0,"enabled":false},"version":2}},"categories":[8],"tags":[],"class_list":["post-89145","post","type-post","status-publish","format-standard","has-post-thumbnail","hentry","category-cultura"],"acf":[],"jetpack_publicize_connections":[],"jetpack_featured_media_url":"https:\/\/i0.wp.com\/blogdoeloiltoncajuhy.com.br\/site\/wp-content\/uploads\/2025\/07\/Bonfim-evento-cangaco-01-2025-07-28.jpeg?fit=760%2C584&ssl=1","jetpack_sharing_enabled":true,"publishpress_future_workflow_manual_trigger":{"enabledWorkflows":[]},"_links":{"self":[{"href":"https:\/\/blogdoeloiltoncajuhy.com.br\/site\/wp-json\/wp\/v2\/posts\/89145","targetHints":{"allow":["GET"]}}],"collection":[{"href":"https:\/\/blogdoeloiltoncajuhy.com.br\/site\/wp-json\/wp\/v2\/posts"}],"about":[{"href":"https:\/\/blogdoeloiltoncajuhy.com.br\/site\/wp-json\/wp\/v2\/types\/post"}],"author":[{"embeddable":true,"href":"https:\/\/blogdoeloiltoncajuhy.com.br\/site\/wp-json\/wp\/v2\/users\/2"}],"replies":[{"embeddable":true,"href":"https:\/\/blogdoeloiltoncajuhy.com.br\/site\/wp-json\/wp\/v2\/comments?post=89145"}],"version-history":[{"count":1,"href":"https:\/\/blogdoeloiltoncajuhy.com.br\/site\/wp-json\/wp\/v2\/posts\/89145\/revisions"}],"predecessor-version":[{"id":89148,"href":"https:\/\/blogdoeloiltoncajuhy.com.br\/site\/wp-json\/wp\/v2\/posts\/89145\/revisions\/89148"}],"wp:featuredmedia":[{"embeddable":true,"href":"https:\/\/blogdoeloiltoncajuhy.com.br\/site\/wp-json\/wp\/v2\/media\/89146"}],"wp:attachment":[{"href":"https:\/\/blogdoeloiltoncajuhy.com.br\/site\/wp-json\/wp\/v2\/media?parent=89145"}],"wp:term":[{"taxonomy":"category","embeddable":true,"href":"https:\/\/blogdoeloiltoncajuhy.com.br\/site\/wp-json\/wp\/v2\/categories?post=89145"},{"taxonomy":"post_tag","embeddable":true,"href":"https:\/\/blogdoeloiltoncajuhy.com.br\/site\/wp-json\/wp\/v2\/tags?post=89145"}],"curies":[{"name":"wp","href":"https:\/\/api.w.org\/{rel}","templated":true}]}}