{"id":88553,"date":"2025-06-30T20:21:37","date_gmt":"2025-06-30T23:21:37","guid":{"rendered":"https:\/\/blogdoeloiltoncajuhy.com.br\/site\/?p=88553"},"modified":"2025-06-30T20:21:38","modified_gmt":"2025-06-30T23:21:38","slug":"empresario-natural-de-bonfim-e-preso-em-teresina-pi-suspeito-de-utilizar-carros-de-luxo-para-realizar-roubos","status":"publish","type":"post","link":"https:\/\/blogdoeloiltoncajuhy.com.br\/site\/empresario-natural-de-bonfim-e-preso-em-teresina-pi-suspeito-de-utilizar-carros-de-luxo-para-realizar-roubos\/","title":{"rendered":"Empres\u00e1rio natural de Bonfim \u00e9 preso em Teresina-PI suspeito de utilizar carros de luxo para realizar roubos"},"content":{"rendered":"\n<p class=\"has-medium-font-size\"><strong>Imagens de uma c\u00e2mera de seguran\u00e7a flagraram o suspeito coordenando o roubo de uma resid\u00eancia. Na ocasi\u00e3o, ele estava em um ve\u00edculo que pode custar at\u00e9 R$ 1 milh\u00e3o.<\/strong><\/p>\n\n\n\n<p><strong>Blog do Eloilton Cajuhy \u2013 BEC<\/strong><\/p>\n\n\n\n<figure class=\"wp-block-image aligncenter size-full is-resized\"><a href=\"https:\/\/i0.wp.com\/blogdoeloiltoncajuhy.com.br\/site\/wp-content\/uploads\/2025\/06\/Empresario-suspeito-de-utilizar-carros-de-luxo-para-realizar-roubos-em-Teresina-e-preso-%E2%80%94-Foto-Reproducao.jpg?ssl=1\"><img data-recalc-dims=\"1\" fetchpriority=\"high\" decoding=\"async\" width=\"800\" height=\"450\" src=\"https:\/\/i0.wp.com\/blogdoeloiltoncajuhy.com.br\/site\/wp-content\/uploads\/2025\/06\/Empresario-suspeito-de-utilizar-carros-de-luxo-para-realizar-roubos-em-Teresina-e-preso-%E2%80%94-Foto-Reproducao.jpg?resize=800%2C450&#038;ssl=1\" alt=\"\" class=\"wp-image-88554\" style=\"width:686px;height:auto\" srcset=\"https:\/\/i0.wp.com\/blogdoeloiltoncajuhy.com.br\/site\/wp-content\/uploads\/2025\/06\/Empresario-suspeito-de-utilizar-carros-de-luxo-para-realizar-roubos-em-Teresina-e-preso-%E2%80%94-Foto-Reproducao.jpg?w=984&amp;ssl=1 984w, https:\/\/i0.wp.com\/blogdoeloiltoncajuhy.com.br\/site\/wp-content\/uploads\/2025\/06\/Empresario-suspeito-de-utilizar-carros-de-luxo-para-realizar-roubos-em-Teresina-e-preso-%E2%80%94-Foto-Reproducao.jpg?resize=300%2C169&amp;ssl=1 300w, https:\/\/i0.wp.com\/blogdoeloiltoncajuhy.com.br\/site\/wp-content\/uploads\/2025\/06\/Empresario-suspeito-de-utilizar-carros-de-luxo-para-realizar-roubos-em-Teresina-e-preso-%E2%80%94-Foto-Reproducao.jpg?resize=768%2C432&amp;ssl=1 768w\" sizes=\"(max-width: 800px) 100vw, 800px\" \/><\/a><figcaption class=\"wp-element-caption\"><sub>Empres\u00e1rio suspeito de utilizar carros de luxo para realizar roubos em Teresina \u00e9 preso \u2014 Foto: Reprodu\u00e7\u00e3o<\/sub><\/figcaption><\/figure>\n\n\n\n<p>O empres\u00e1rio <strong>Valter Lu\u00eds de Freitas Filho<\/strong>, de 37 anos, natural de Senhor do Bonfim-BA, foi preso nesta segunda-feira (30), suspeito de coordenar um grupo respons\u00e1vel por diversos roubos e furtos em resid\u00eancias utilizando carros de luxo em Teresina. Ele foi preso na casa em que mora, no bairro Pi\u00e7arreira, Zona Leste da capital.<\/p>\n\n\n\n<p><a href=\"https:\/\/whatsapp.com\/channel\/0029VaAT7tDLI8Yfj5y9Z50Z\"><strong><mark style=\"background-color:rgba(0, 0, 0, 0)\" class=\"has-inline-color has-vivid-red-color\">>> Siga nosso canal no WhatsApp e veja mais not\u00edcias<\/mark><\/strong><\/a><\/p>\n\n\n\n<p>De acordo com o delegado Ademar Canabrava, a resid\u00eancia em que o suspeito foi preso era de alto padr\u00e3o. No local, foram apreendidos dois carros de luxo.<\/p>\n\n\n\n<blockquote class=\"wp-block-quote is-layout-flow wp-block-quote-is-layout-flow\">\n<p><strong><mark style=\"background-color:rgba(0, 0, 0, 0)\" class=\"has-inline-color has-black-color\">&#8220;Ele levava os indiv\u00edduos para fazerem o roubo em resid\u00eancias, ficava dentro do ve\u00edculo e os caras desciam&#8221;, contou.<\/mark><\/strong><\/p>\n<\/blockquote>\n\n\n\n<p>C\u00e2meras de seguran\u00e7a registraram o momento em que os assaltantes roubam a casa de uma empres\u00e1ria do ramo de carnes, utilizando um ve\u00edculo que pode custar at\u00e9 R$ 1 milh\u00e3o. De acordo com o delegado, o suspeito possui antecedentes por crimes semelhantes no Maranh\u00e3o.<\/p>\n\n\n\n<p>Ainda segundo o delegado, outros dois suspeitos tamb\u00e9m foram presos. Valter Lu\u00eds de Freitas Filho foi encaminhado para a Central de Flagrantes. O <strong>g1<\/strong> tentou, mas n\u00e3o conseguiu contato com a defesa do suspeito.<\/p>\n","protected":false},"excerpt":{"rendered":"<p>Imagens de uma c\u00e2mera de seguran\u00e7a flagraram o suspeito coordenando o roubo de uma resid\u00eancia. Na ocasi\u00e3o, ele estava em um ve\u00edculo que pode custar at\u00e9 R$ 1 milh\u00e3o. Blog do Eloilton Cajuhy \u2013 BEC O empres\u00e1rio Valter Lu\u00eds de Freitas Filho, de 37 anos, natural de Senhor do Bonfim-BA, foi preso nesta segunda-feira (30), [&hellip;]<\/p>\n","protected":false},"author":2,"featured_media":88554,"comment_status":"open","ping_status":"open","sticky":false,"template":"","format":"standard","meta":{"_acf_changed":false,"_monsterinsights_skip_tracking":false,"_monsterinsights_sitenote_active":false,"_monsterinsights_sitenote_note":"","_monsterinsights_sitenote_category":0,"_jetpack_memberships_contains_paid_content":false,"footnotes":"","jetpack_publicize_message":"","jetpack_publicize_feature_enabled":true,"jetpack_social_post_already_shared":false,"jetpack_social_options":{"image_generator_settings":{"template":"highway","default_image_id":0,"enabled":false},"version":2}},"categories":[15],"tags":[],"class_list":["post-88553","post","type-post","status-publish","format-standard","has-post-thumbnail","hentry","category-policia"],"acf":[],"jetpack_publicize_connections":[],"jetpack_featured_media_url":"https:\/\/i0.wp.com\/blogdoeloiltoncajuhy.com.br\/site\/wp-content\/uploads\/2025\/06\/Empresario-suspeito-de-utilizar-carros-de-luxo-para-realizar-roubos-em-Teresina-e-preso-%E2%80%94-Foto-Reproducao.jpg?fit=984%2C554&ssl=1","jetpack_sharing_enabled":true,"publishpress_future_workflow_manual_trigger":{"enabledWorkflows":[]},"_links":{"self":[{"href":"https:\/\/blogdoeloiltoncajuhy.com.br\/site\/wp-json\/wp\/v2\/posts\/88553","targetHints":{"allow":["GET"]}}],"collection":[{"href":"https:\/\/blogdoeloiltoncajuhy.com.br\/site\/wp-json\/wp\/v2\/posts"}],"about":[{"href":"https:\/\/blogdoeloiltoncajuhy.com.br\/site\/wp-json\/wp\/v2\/types\/post"}],"author":[{"embeddable":true,"href":"https:\/\/blogdoeloiltoncajuhy.com.br\/site\/wp-json\/wp\/v2\/users\/2"}],"replies":[{"embeddable":true,"href":"https:\/\/blogdoeloiltoncajuhy.com.br\/site\/wp-json\/wp\/v2\/comments?post=88553"}],"version-history":[{"count":1,"href":"https:\/\/blogdoeloiltoncajuhy.com.br\/site\/wp-json\/wp\/v2\/posts\/88553\/revisions"}],"predecessor-version":[{"id":88555,"href":"https:\/\/blogdoeloiltoncajuhy.com.br\/site\/wp-json\/wp\/v2\/posts\/88553\/revisions\/88555"}],"wp:featuredmedia":[{"embeddable":true,"href":"https:\/\/blogdoeloiltoncajuhy.com.br\/site\/wp-json\/wp\/v2\/media\/88554"}],"wp:attachment":[{"href":"https:\/\/blogdoeloiltoncajuhy.com.br\/site\/wp-json\/wp\/v2\/media?parent=88553"}],"wp:term":[{"taxonomy":"category","embeddable":true,"href":"https:\/\/blogdoeloiltoncajuhy.com.br\/site\/wp-json\/wp\/v2\/categories?post=88553"},{"taxonomy":"post_tag","embeddable":true,"href":"https:\/\/blogdoeloiltoncajuhy.com.br\/site\/wp-json\/wp\/v2\/tags?post=88553"}],"curies":[{"name":"wp","href":"https:\/\/api.w.org\/{rel}","templated":true}]}}