{"id":88547,"date":"2025-06-30T15:26:23","date_gmt":"2025-06-30T18:26:23","guid":{"rendered":"https:\/\/blogdoeloiltoncajuhy.com.br\/site\/?p=88547"},"modified":"2025-06-30T15:26:25","modified_gmt":"2025-06-30T18:26:25","slug":"bahia-tera-25-novos-peritos-medicos-nas-agencias-da-previdencia-social","status":"publish","type":"post","link":"https:\/\/blogdoeloiltoncajuhy.com.br\/site\/bahia-tera-25-novos-peritos-medicos-nas-agencias-da-previdencia-social\/","title":{"rendered":"Bahia ter\u00e1 25 novos peritos m\u00e9dicos nas Ag\u00eancias da Previd\u00eancia Social"},"content":{"rendered":"\n<p class=\"has-medium-font-size\"><strong>Resultado de concurso p\u00fablico foi divulgado pelo Minist\u00e9rio da Previd\u00eancia Social. A\u00e7\u00e3o \u00e9 essencial para enfrentar a fila do INSS.<\/strong><\/p>\n\n\n\n<p><strong>Blog do Eloilton Cajuhy \u2013 BEC<\/strong><\/p>\n\n\n\n<figure class=\"wp-block-image aligncenter size-full\"><a href=\"https:\/\/i0.wp.com\/blogdoeloiltoncajuhy.com.br\/site\/wp-content\/uploads\/2025\/06\/Medicos-peritos-do-inss-Foto-Portal-Contabeis.webp?ssl=1\"><img data-recalc-dims=\"1\" fetchpriority=\"high\" decoding=\"async\" width=\"723\" height=\"400\" src=\"https:\/\/i0.wp.com\/blogdoeloiltoncajuhy.com.br\/site\/wp-content\/uploads\/2025\/06\/Medicos-peritos-do-inss-Foto-Portal-Contabeis.webp?resize=723%2C400&#038;ssl=1\" alt=\"\" class=\"wp-image-88548\" srcset=\"https:\/\/i0.wp.com\/blogdoeloiltoncajuhy.com.br\/site\/wp-content\/uploads\/2025\/06\/Medicos-peritos-do-inss-Foto-Portal-Contabeis.webp?w=723&amp;ssl=1 723w, https:\/\/i0.wp.com\/blogdoeloiltoncajuhy.com.br\/site\/wp-content\/uploads\/2025\/06\/Medicos-peritos-do-inss-Foto-Portal-Contabeis.webp?resize=300%2C166&amp;ssl=1 300w\" sizes=\"(max-width: 723px) 100vw, 723px\" \/><\/a><figcaption class=\"wp-element-caption\"><sub>Bahia ter\u00e1 25 novos peritos m\u00e9dicos nas Ag\u00eancias da Previd\u00eancia Social &#8211; Foto: Portal Cont\u00e1beis<\/sub><\/figcaption><\/figure>\n\n\n\n<p>O resultado do concurso para perito m\u00e9dico federal foi divulgado no Di\u00e1rio Oficial da Uni\u00e3o na segunda-feira, 23 de junho. A lista traz 768 candidatos classificados \u2013 destes, 250 est\u00e3o aprovados para atuar em todas as regi\u00f5es do Brasil. A Regi\u00e3o Nordeste vai receber 159 novos profissionais (mais de 60%) \u2013 e a Bahia ter\u00e1 25 vagas, o que aumentar\u00e1 em 12,82% a capacidade operacional da per\u00edcia no estado.<\/p>\n\n\n\n<p>A distribui\u00e7\u00e3o de vagas por estado foi feita de acordo com a demanda, considerando o tempo m\u00e9dio de espera por uma per\u00edcia m\u00e9dica e a localiza\u00e7\u00e3o estrat\u00e9gica para a realiza\u00e7\u00e3o dos atendimentos. A previs\u00e3o \u00e9 de que, at\u00e9 15 de agosto, todos os aprovados estejam em exerc\u00edcio nas Ag\u00eancias da Previd\u00eancia Social (APS), ap\u00f3s passarem por um per\u00edodo de treinamento.<\/p>\n\n\n\n<p>Os candidatos aprovados ter\u00e3o agora um prazo de cinco dias para escolher a cidade onde ir\u00e3o trabalhar \u2013 enumerando sua ordem de prefer\u00eancia dentre as unidades de lota\u00e7\u00e3o. As prefer\u00eancias ser\u00e3o atendidas conforme a classifica\u00e7\u00e3o no concurso. Os passos seguintes s\u00e3o a nomea\u00e7\u00e3o, que ocorrer\u00e1 ap\u00f3s a defini\u00e7\u00e3o das cidades dos aprovados, e a posse.<\/p>\n\n\n\n<p><a href=\"https:\/\/whatsapp.com\/channel\/0029VaAT7tDLI8Yfj5y9Z50Z\"><strong><mark style=\"background-color:rgba(0, 0, 0, 0)\" class=\"has-inline-color has-vivid-red-color\">>> Siga nosso canal no WhatsApp e veja mais not\u00edcias<\/mark><\/strong><\/a><\/p>\n\n\n\n<p>O ministro da Previd\u00eancia Social, Wolney Queiroz, disse estar confiante nos resultados que vir\u00e3o com a convoca\u00e7\u00e3o dos novos servidores. \u201cOs novos peritos m\u00e9dicos ir\u00e3o trabalhar nos locais em que as pessoas mais precisam, onde a espera para a realiza\u00e7\u00e3o de uma per\u00edcia \u00e9 maior. A chegada desses profissionais \u00e9 muito esperada e vai melhorar bastante o atendimento na ponta aos nossos segurados\u201d, declarou o ministro, lembrando que o concurso para esta carreira n\u00e3o era realizado h\u00e1 quase 15 anos.<\/p>\n\n\n\n<p>Al\u00e9m das 250 vagas preenchidas nesse primeiro momento, o governo federal deve autorizar nos pr\u00f3ximos dias a nomea\u00e7\u00e3o de mais 250 nomes do cadastro reserva, somando 500 peritos m\u00e9dicos. Quase 14 mil candidatos participaram do concurso, realizado no dia 16 de fevereiro pelo Cebraspe \u2013 Centro Brasileiro de Pesquisa em Avalia\u00e7\u00e3o e Sele\u00e7\u00e3o e de Promo\u00e7\u00e3o de Eventos.<\/p>\n\n\n\n<p class=\"has-black-color has-text-color has-link-color wp-elements-d897504e48dda90653a8f58033f4d3de\"><strong>Confira abaixo a distribui\u00e7\u00e3o das vagas nos munic\u00edpios da Bahia:<\/strong><\/p>\n\n\n\n<p><em>Quantidade de Novos Peritos por Munic\u00edpio<\/em><\/p>\n\n\n\n<figure class=\"wp-block-table\"><table class=\"has-fixed-layout\"><tbody><tr><td><strong><mark style=\"background-color:rgba(0, 0, 0, 0)\" class=\"has-inline-color has-black-color\">UF<\/mark><\/strong><\/td><td><strong><mark style=\"background-color:rgba(0, 0, 0, 0)\" class=\"has-inline-color has-black-color\">Estados Atendidos<\/mark><\/strong><\/td><td><strong><mark style=\"background-color:rgba(0, 0, 0, 0)\" class=\"has-inline-color has-black-color\">Munic\u00edpios Atendidos<\/mark><\/strong><\/td><td><strong><mark style=\"background-color:rgba(0, 0, 0, 0)\" class=\"has-inline-color has-black-color\">Quantidade de Novos Peritos<\/mark><\/strong><\/td><\/tr><tr><td>BA<\/td><td>Bahia<\/td><td>Alagoinhas<\/td><td>2<\/td><\/tr><tr><td>BA<\/td><td>Bahia<\/td><td>Barreiras<\/td><td>2<\/td><\/tr><tr><td>BA<\/td><td>Bahia<\/td><td>Eun\u00e1polis<\/td><td>2<\/td><\/tr><tr><td>BA<\/td><td>Bahia<\/td><td>Guanambi<\/td><td>1<\/td><\/tr><tr><td>BA<\/td><td>Bahia<\/td><td>Ilh\u00e9us<\/td><td>1<\/td><\/tr><tr><td>BA<\/td><td>Bahia<\/td><td>Itaberaba<\/td><td>2<\/td><\/tr><tr><td>BA<\/td><td>Bahia<\/td><td>Itabuna<\/td><td>2<\/td><\/tr><tr><td>BA<\/td><td>Bahia<\/td><td>Itapetinga<\/td><td>1<\/td><\/tr><tr><td>BA<\/td><td>Bahia<\/td><td>Jequi\u00e9<\/td><td>1<\/td><\/tr><tr><td>BA<\/td><td>Bahia<\/td><td>Po\u00e7\u00f5es<\/td><td>2<\/td><\/tr><tr><td>BA<\/td><td>Bahia<\/td><td>Porto Seguro<\/td><td>1<\/td><\/tr><tr><td>BA<\/td><td>Bahia<\/td><td>Remanso<\/td><td>2<\/td><\/tr><tr><td>BA<\/td><td>Bahia<\/td><td>Santo Ant\u00f4nio de Jesus<\/td><td>1<\/td><\/tr><tr><td>BA<\/td><td>Bahia<\/td><td>Seabra<\/td><td>2<\/td><\/tr><tr><td>BA<\/td><td>Bahia<\/td><td>Teixeira de Freitas<\/td><td>2<\/td><\/tr><tr><td>BA<\/td><td>Bahia<\/td><td>Xique-Xique<\/td><td>1<\/td><\/tr><\/tbody><\/table><\/figure>\n","protected":false},"excerpt":{"rendered":"<p>Resultado de concurso p\u00fablico foi divulgado pelo Minist\u00e9rio da Previd\u00eancia Social. A\u00e7\u00e3o \u00e9 essencial para enfrentar a fila do INSS. Blog do Eloilton Cajuhy \u2013 BEC O resultado do concurso para perito m\u00e9dico federal foi divulgado no Di\u00e1rio Oficial da Uni\u00e3o na segunda-feira, 23 de junho. A lista traz 768 candidatos classificados \u2013 destes, 250 [&hellip;]<\/p>\n","protected":false},"author":2,"featured_media":88548,"comment_status":"open","ping_status":"open","sticky":false,"template":"","format":"standard","meta":{"_acf_changed":false,"_monsterinsights_skip_tracking":false,"_monsterinsights_sitenote_active":false,"_monsterinsights_sitenote_note":"","_monsterinsights_sitenote_category":0,"_jetpack_memberships_contains_paid_content":false,"footnotes":"","jetpack_publicize_message":"","jetpack_publicize_feature_enabled":true,"jetpack_social_post_already_shared":false,"jetpack_social_options":{"image_generator_settings":{"template":"highway","default_image_id":0,"enabled":false},"version":2}},"categories":[1],"tags":[],"class_list":["post-88547","post","type-post","status-publish","format-standard","has-post-thumbnail","hentry","category-noticias"],"acf":[],"jetpack_publicize_connections":[],"jetpack_featured_media_url":"https:\/\/i0.wp.com\/blogdoeloiltoncajuhy.com.br\/site\/wp-content\/uploads\/2025\/06\/Medicos-peritos-do-inss-Foto-Portal-Contabeis.webp?fit=723%2C400&ssl=1","jetpack_sharing_enabled":true,"publishpress_future_workflow_manual_trigger":{"enabledWorkflows":[]},"_links":{"self":[{"href":"https:\/\/blogdoeloiltoncajuhy.com.br\/site\/wp-json\/wp\/v2\/posts\/88547","targetHints":{"allow":["GET"]}}],"collection":[{"href":"https:\/\/blogdoeloiltoncajuhy.com.br\/site\/wp-json\/wp\/v2\/posts"}],"about":[{"href":"https:\/\/blogdoeloiltoncajuhy.com.br\/site\/wp-json\/wp\/v2\/types\/post"}],"author":[{"embeddable":true,"href":"https:\/\/blogdoeloiltoncajuhy.com.br\/site\/wp-json\/wp\/v2\/users\/2"}],"replies":[{"embeddable":true,"href":"https:\/\/blogdoeloiltoncajuhy.com.br\/site\/wp-json\/wp\/v2\/comments?post=88547"}],"version-history":[{"count":1,"href":"https:\/\/blogdoeloiltoncajuhy.com.br\/site\/wp-json\/wp\/v2\/posts\/88547\/revisions"}],"predecessor-version":[{"id":88549,"href":"https:\/\/blogdoeloiltoncajuhy.com.br\/site\/wp-json\/wp\/v2\/posts\/88547\/revisions\/88549"}],"wp:featuredmedia":[{"embeddable":true,"href":"https:\/\/blogdoeloiltoncajuhy.com.br\/site\/wp-json\/wp\/v2\/media\/88548"}],"wp:attachment":[{"href":"https:\/\/blogdoeloiltoncajuhy.com.br\/site\/wp-json\/wp\/v2\/media?parent=88547"}],"wp:term":[{"taxonomy":"category","embeddable":true,"href":"https:\/\/blogdoeloiltoncajuhy.com.br\/site\/wp-json\/wp\/v2\/categories?post=88547"},{"taxonomy":"post_tag","embeddable":true,"href":"https:\/\/blogdoeloiltoncajuhy.com.br\/site\/wp-json\/wp\/v2\/tags?post=88547"}],"curies":[{"name":"wp","href":"https:\/\/api.w.org\/{rel}","templated":true}]}}