{"id":88545,"date":"2025-06-30T15:06:04","date_gmt":"2025-06-30T18:06:04","guid":{"rendered":"https:\/\/blogdoeloiltoncajuhy.com.br\/site\/?p=88545"},"modified":"2025-06-30T15:06:06","modified_gmt":"2025-06-30T18:06:06","slug":"novas-oportunidades-de-emprego-e-estagio-em-senhor-do-bonfim-confira-as-vagas-disponiveis-para-1o-de-julho","status":"publish","type":"post","link":"https:\/\/blogdoeloiltoncajuhy.com.br\/site\/novas-oportunidades-de-emprego-e-estagio-em-senhor-do-bonfim-confira-as-vagas-disponiveis-para-1o-de-julho\/","title":{"rendered":"Novas oportunidades de emprego e est\u00e1gio em Senhor do Bonfim: confira as vagas dispon\u00edveis para 1\u00ba de julho"},"content":{"rendered":"\n<p><strong>Por Blog do Eloilton Cajuhy \u2013 BEC<\/strong><\/p>\n\n\n\n<figure class=\"wp-block-image aligncenter size-full\"><a href=\"https:\/\/i0.wp.com\/blogdoeloiltoncajuhy.com.br\/site\/wp-content\/uploads\/2025\/04\/Vagas_Pexels-Andrea-Piacquadio-3769021.jpg\"><img data-recalc-dims=\"1\" fetchpriority=\"high\" decoding=\"async\" width=\"640\" height=\"427\" src=\"https:\/\/i0.wp.com\/blogdoeloiltoncajuhy.com.br\/site\/wp-content\/uploads\/2025\/04\/Vagas_Pexels-Andrea-Piacquadio-3769021.jpg?resize=640%2C427\" alt=\"\" class=\"wp-image-86902\" srcset=\"https:\/\/i0.wp.com\/blogdoeloiltoncajuhy.com.br\/site\/wp-content\/uploads\/2025\/04\/Vagas_Pexels-Andrea-Piacquadio-3769021.jpg?w=640&amp;ssl=1 640w, https:\/\/i0.wp.com\/blogdoeloiltoncajuhy.com.br\/site\/wp-content\/uploads\/2025\/04\/Vagas_Pexels-Andrea-Piacquadio-3769021.jpg?resize=300%2C200&amp;ssl=1 300w\" sizes=\"(max-width: 640px) 100vw, 640px\" \/><\/a><figcaption class=\"wp-element-caption\"><sub>Foto: Pexels\/Andrea Piacquadio<\/sub><\/figcaption><\/figure>\n\n\n\n<p><a href=\"https:\/\/whatsapp.com\/channel\/0029VaAT7tDLI8Yfj5y9Z50Z\"><strong><mark style=\"background-color:rgba(0, 0, 0, 0)\" class=\"has-inline-color has-vivid-red-color\">>> Siga nosso canal no WhatsApp e veja mais not\u00edcias<\/mark><\/strong><\/a><\/p>\n\n\n\n<p>Aten\u00e7\u00e3o, trabalhadores de Senhor do Bonfim e regi\u00e3o! O mercado de trabalho local est\u00e1 com novas oportunidades abertas para quem deseja ingressar ou se recolocar no mercado. S\u00e3o vagas para diferentes n\u00edveis de escolaridade, exigindo ou n\u00e3o experi\u00eancia pr\u00e9via.<\/p>\n\n\n\n<h5 class=\"wp-block-heading\"><strong><mark style=\"background-color:rgba(0, 0, 0, 0)\" class=\"has-inline-color has-black-color\">Confira as chances dispon\u00edveis para esta ter\u00e7a-feira, dia 01 de julho de 2025:<\/mark><\/strong><\/h5>\n\n\n\n<p><strong>EST\u00c1GIO (ENGENHARIA CIVIL)<\/strong><br>Cursando 5\u00ba semestre<br>Conhecimento em AutoCAD<br>Conhecimento em Excel<br>01 VAGA<br><\/p>\n\n\n\n<p><strong>SOLDADOR<\/strong><br>Ensino fundamental completo<br>Experi\u00eancia na fun\u00e7\u00e3o<br>01 VAGA<br><\/p>\n\n\n\n<p><strong>VENDEDOR EXTERNO<\/strong><br>Ensino m\u00e9dio completo<br>N\u00e3o exige Experi\u00eancia<br>CNH: B<br>03 VAGAS<br><\/p>\n\n\n\n<p><strong>CABELEIREIRO<\/strong><br>Ensino fundamental completo<br>Experi\u00eancia na fun\u00e7\u00e3o<br>01 VAGA<br><\/p>\n\n\n\n<p><strong>ATENDENTE DE OT\u00cdCA<\/strong><br>Ensino m\u00e9dio completo<br>N\u00e3o EXIGE Experi\u00eancia<br>01 VAGA<br><\/p>\n\n\n\n<p><strong>MOTORISTA DE CAMINH\u00c3O<\/strong><br>Ensino m\u00e9dio completo<br>Experi\u00eancia na \u00e1rea<br>CNH: A\/C<br>01 VAGA<br><\/p>\n\n\n\n<p><strong>ELETRICISTA<\/strong><br>Ensino m\u00e9dio completo<br>Experi\u00eancia na \u00e1rea<br>01 VAGA<br><\/p>\n\n\n\n<p><strong>AJUDANTE GERAL<\/strong><br>Ensino Fundamental completo<br>Experi\u00eancia na \u00e1rea<br>01 VAGA<br><\/p>\n\n\n\n<p><strong>ATENDENTE DE FARM\u00c1CIA<\/strong><br>Ensino m\u00e9dio completo<br>Experi\u00eancia na \u00e1rea<br>01 VAGA<br><\/p>\n\n\n\n<p><strong>ATENDENTE DE LANCHONETE<\/strong><br>Ensino fundamental completo<br>Experi\u00eancia na \u00e1rea<br>02 VAGAS<\/p>\n\n\n\n<p><strong>RECEPCIONISTA<\/strong><br>Ensino m\u00e9dio completo<br>Experi\u00eancia na \u00e1rea<br>Inform\u00e1tica b\u00e1sica<br>01 VAGA<br><\/p>\n\n\n\n<p><strong>CONSULTOR DE VENDAS<\/strong><br>Ensino m\u00e9dio completo<br>Experi\u00eancia em vendas<br>CNH: AB<br>07 VAGAS<\/p>\n\n\n\n<p>Os interessados devem ficar atentos aos requisitos e preparar a documenta\u00e7\u00e3o necess\u00e1ria. Estas vagas s\u00e3o exclusivas para Senhor do Bonfim e representam uma \u00f3tima oportunidade para quem busca crescimento profissional ou uma nova coloca\u00e7\u00e3o no mercado de trabalho.<\/p>\n\n\n\n<p>Fique de olho, compartilhe com quem precisa e boa sorte!<\/p>\n","protected":false},"excerpt":{"rendered":"<p>Por Blog do Eloilton Cajuhy \u2013 BEC >> Siga nosso canal no WhatsApp e veja mais not\u00edcias Aten\u00e7\u00e3o, trabalhadores de Senhor do Bonfim e regi\u00e3o! O mercado de trabalho local est\u00e1 com novas oportunidades abertas para quem deseja ingressar ou se recolocar no mercado. S\u00e3o vagas para diferentes n\u00edveis de escolaridade, exigindo ou n\u00e3o experi\u00eancia [&hellip;]<\/p>\n","protected":false},"author":2,"featured_media":82677,"comment_status":"open","ping_status":"open","sticky":false,"template":"","format":"standard","meta":{"_acf_changed":false,"_monsterinsights_skip_tracking":false,"_monsterinsights_sitenote_active":false,"_monsterinsights_sitenote_note":"","_monsterinsights_sitenote_category":0,"_jetpack_memberships_contains_paid_content":false,"footnotes":"","jetpack_publicize_message":"","jetpack_publicize_feature_enabled":true,"jetpack_social_post_already_shared":true,"jetpack_social_options":{"image_generator_settings":{"template":"highway","default_image_id":0,"font":"","enabled":false},"version":2}},"categories":[32],"tags":[],"class_list":["post-88545","post","type-post","status-publish","format-standard","has-post-thumbnail","hentry","category-emprego"],"acf":[],"jetpack_publicize_connections":[],"jetpack_featured_media_url":"https:\/\/i0.wp.com\/blogdoeloiltoncajuhy.com.br\/site\/wp-content\/uploads\/2024\/08\/Vagas_atendente-comercial.jpg?fit=627%2C360&ssl=1","jetpack_sharing_enabled":true,"publishpress_future_workflow_manual_trigger":{"enabledWorkflows":[]},"_links":{"self":[{"href":"https:\/\/blogdoeloiltoncajuhy.com.br\/site\/wp-json\/wp\/v2\/posts\/88545","targetHints":{"allow":["GET"]}}],"collection":[{"href":"https:\/\/blogdoeloiltoncajuhy.com.br\/site\/wp-json\/wp\/v2\/posts"}],"about":[{"href":"https:\/\/blogdoeloiltoncajuhy.com.br\/site\/wp-json\/wp\/v2\/types\/post"}],"author":[{"embeddable":true,"href":"https:\/\/blogdoeloiltoncajuhy.com.br\/site\/wp-json\/wp\/v2\/users\/2"}],"replies":[{"embeddable":true,"href":"https:\/\/blogdoeloiltoncajuhy.com.br\/site\/wp-json\/wp\/v2\/comments?post=88545"}],"version-history":[{"count":1,"href":"https:\/\/blogdoeloiltoncajuhy.com.br\/site\/wp-json\/wp\/v2\/posts\/88545\/revisions"}],"predecessor-version":[{"id":88546,"href":"https:\/\/blogdoeloiltoncajuhy.com.br\/site\/wp-json\/wp\/v2\/posts\/88545\/revisions\/88546"}],"wp:featuredmedia":[{"embeddable":true,"href":"https:\/\/blogdoeloiltoncajuhy.com.br\/site\/wp-json\/wp\/v2\/media\/82677"}],"wp:attachment":[{"href":"https:\/\/blogdoeloiltoncajuhy.com.br\/site\/wp-json\/wp\/v2\/media?parent=88545"}],"wp:term":[{"taxonomy":"category","embeddable":true,"href":"https:\/\/blogdoeloiltoncajuhy.com.br\/site\/wp-json\/wp\/v2\/categories?post=88545"},{"taxonomy":"post_tag","embeddable":true,"href":"https:\/\/blogdoeloiltoncajuhy.com.br\/site\/wp-json\/wp\/v2\/tags?post=88545"}],"curies":[{"name":"wp","href":"https:\/\/api.w.org\/{rel}","templated":true}]}}