{"id":88541,"date":"2025-06-30T08:28:47","date_gmt":"2025-06-30T11:28:47","guid":{"rendered":"https:\/\/blogdoeloiltoncajuhy.com.br\/site\/?p=88541"},"modified":"2025-06-30T08:28:49","modified_gmt":"2025-06-30T11:28:49","slug":"deputado-bobo-participa-do-lancamento-do-projeto-sertao-vivo-e-entrega-de-equipamentos-em-itiuba","status":"publish","type":"post","link":"https:\/\/blogdoeloiltoncajuhy.com.br\/site\/deputado-bobo-participa-do-lancamento-do-projeto-sertao-vivo-e-entrega-de-equipamentos-em-itiuba\/","title":{"rendered":"Deputado Bob\u00f4 participa do lan\u00e7amento do Projeto Sert\u00e3o Vivo e entrega de equipamentos em Iti\u00faba"},"content":{"rendered":"\n<p><strong>Blog do Eloilton Cajuhy \u2013 BEC<\/strong><\/p>\n\n\n\n<figure class=\"wp-block-image aligncenter size-full\"><a href=\"https:\/\/i0.wp.com\/blogdoeloiltoncajuhy.com.br\/site\/wp-content\/uploads\/2025\/06\/Bobo-Itiuba-01.jpeg?ssl=1\"><img data-recalc-dims=\"1\" fetchpriority=\"high\" decoding=\"async\" width=\"760\" height=\"427\" src=\"https:\/\/i0.wp.com\/blogdoeloiltoncajuhy.com.br\/site\/wp-content\/uploads\/2025\/06\/Bobo-Itiuba-01.jpeg?resize=760%2C427&#038;ssl=1\" alt=\"\" class=\"wp-image-88542\" srcset=\"https:\/\/i0.wp.com\/blogdoeloiltoncajuhy.com.br\/site\/wp-content\/uploads\/2025\/06\/Bobo-Itiuba-01.jpeg?w=760&amp;ssl=1 760w, https:\/\/i0.wp.com\/blogdoeloiltoncajuhy.com.br\/site\/wp-content\/uploads\/2025\/06\/Bobo-Itiuba-01.jpeg?resize=300%2C169&amp;ssl=1 300w\" sizes=\"(max-width: 760px) 100vw, 760px\" \/><\/a><figcaption class=\"wp-element-caption\"><sub>Foto: Ascom deputado Bob\u00f4<\/sub><\/figcaption><\/figure>\n\n\n\n<p>O deputado estadual Bob\u00f4 esteve no \u00faltimo s\u00e1bado (28) em Iti\u00faba, onde participou do lan\u00e7amento do Projeto Sert\u00e3o Vivo e da entrega de obras e equipamentos nas \u00e1reas de educa\u00e7\u00e3o, sa\u00fade, saneamento e desenvolvimento rural.<\/p>\n\n\n\n<p>A agenda come\u00e7ou com uma visita \u00e0 ex-prefeita Cec\u00edlia Petrina, ao lado do deputado federal Daniel Almeida. Em seguida, os parlamentares se juntaram ao governador Jer\u00f4nimo Rodrigues na inaugura\u00e7\u00e3o do sistema de esgotamento sanit\u00e1rio do munic\u00edpio e na entrega da obra de amplia\u00e7\u00e3o e moderniza\u00e7\u00e3o do Col\u00e9gio Estadual de Tempo Integral Ary Silva.<\/p>\n\n\n\n<p><a href=\"https:\/\/whatsapp.com\/channel\/0029VaAT7tDLI8Yfj5y9Z50Z\"><strong><mark style=\"background-color:rgba(0, 0, 0, 0)\" class=\"has-inline-color has-vivid-red-color\">>> Siga nosso canal no WhatsApp e veja mais not\u00edcias<\/mark><\/strong><\/a><\/p>\n\n\n\n<p>Bob\u00f4 tamb\u00e9m entregou, ao lado do governador, um trator agr\u00edcola com implementos para a comunidade de Pedra do D\u00f3rea, fruto de emenda parlamentar de sua autoria, atendendo solicita\u00e7\u00e3o do vereador Juninho de Piaus e da ex-prefeita Cec\u00edlia.<\/p>\n\n\n\n<p>O evento marcou o lan\u00e7amento do Projeto Sert\u00e3o Vivo, iniciativa do Governo da Bahia em parceria com o BNDES, que investir\u00e1 R$ 300 milh\u00f5es em 49 munic\u00edpios do semi\u00e1rido, beneficiando 300 mil pessoas com a\u00e7\u00f5es de combate \u00e0 pobreza, resili\u00eancia clim\u00e1tica e restaura\u00e7\u00e3o ambiental.<\/p>\n\n\n\n<figure class=\"wp-block-image aligncenter size-full\"><a href=\"https:\/\/i0.wp.com\/blogdoeloiltoncajuhy.com.br\/site\/wp-content\/uploads\/2025\/06\/Bobo-Itiuba-02.jpeg?ssl=1\"><img data-recalc-dims=\"1\" decoding=\"async\" width=\"760\" height=\"570\" src=\"https:\/\/i0.wp.com\/blogdoeloiltoncajuhy.com.br\/site\/wp-content\/uploads\/2025\/06\/Bobo-Itiuba-02.jpeg?resize=760%2C570&#038;ssl=1\" alt=\"\" class=\"wp-image-88543\" srcset=\"https:\/\/i0.wp.com\/blogdoeloiltoncajuhy.com.br\/site\/wp-content\/uploads\/2025\/06\/Bobo-Itiuba-02.jpeg?w=760&amp;ssl=1 760w, https:\/\/i0.wp.com\/blogdoeloiltoncajuhy.com.br\/site\/wp-content\/uploads\/2025\/06\/Bobo-Itiuba-02.jpeg?resize=300%2C225&amp;ssl=1 300w\" sizes=\"(max-width: 760px) 100vw, 760px\" \/><\/a><figcaption class=\"wp-element-caption\"><sub>Foto: Ascom deputado Bob\u00f4<\/sub><\/figcaption><\/figure>\n\n\n\n<p>Na \u00e1rea da sa\u00fade, o governador entregou equipamentos para o Hospital Municipal de Iti\u00faba, adquiridos com recursos viabilizados por Bob\u00f4, incluindo:<br><\/p>\n\n\n\n<p>\u2022 1 aparelho de ultrassonografia<br>\u2022 1 aparelho de anestesia<br>\u2022 2 monitores multiparam\u00e9tricos com capnografia<br>\u2022 2 bisturis el\u00e9tricos<br>\u2022 2 carros de emerg\u00eancia<br>\u2022 12 camas Fowler<br>\u2022 1 mesa cir\u00fargica<\/p>\n\n\n\n<p>O investimento ultrapassa R$ 460 mil e refor\u00e7ar\u00e1 a estrutura da unidade hospitalar. Em seu discurso, Bob\u00f4 destacou os avan\u00e7os do governo Jer\u00f4nimo Rodrigues:<\/p>\n\n\n\n<blockquote class=\"wp-block-quote is-layout-flow wp-block-quote-is-layout-flow\">\n<p><strong><mark style=\"background-color:rgba(0, 0, 0, 0)\" class=\"has-inline-color has-black-color\">\u201cA Bahia \u00e9 hoje refer\u00eancia em educa\u00e7\u00e3o e agricultura familiar. Com novas escolas e apoio ao homem e \u00e0 mulher do campo, o Estado tem dado um salto importante. Me orgulho de estar ao seu lado nessa caminhada, governador\u201d, declarou.<\/mark><\/strong><\/p>\n<\/blockquote>\n\n\n\n<p>A solenidade contou com a presen\u00e7a do senador Jaques Wagner, secret\u00e1rios estaduais, prefeitos, ex-prefeitos, e lideran\u00e7as como os vereadores Juninho de Piaus, Joilton Bara\u00fana (Tripa) e o ex-vereador Caxunxa.<\/p>\n","protected":false},"excerpt":{"rendered":"<p>Blog do Eloilton Cajuhy \u2013 BEC O deputado estadual Bob\u00f4 esteve no \u00faltimo s\u00e1bado (28) em Iti\u00faba, onde participou do lan\u00e7amento do Projeto Sert\u00e3o Vivo e da entrega de obras e equipamentos nas \u00e1reas de educa\u00e7\u00e3o, sa\u00fade, saneamento e desenvolvimento rural. A agenda come\u00e7ou com uma visita \u00e0 ex-prefeita Cec\u00edlia Petrina, ao lado do deputado [&hellip;]<\/p>\n","protected":false},"author":2,"featured_media":88542,"comment_status":"open","ping_status":"open","sticky":false,"template":"","format":"standard","meta":{"_acf_changed":false,"_monsterinsights_skip_tracking":false,"_monsterinsights_sitenote_active":false,"_monsterinsights_sitenote_note":"","_monsterinsights_sitenote_category":0,"_jetpack_memberships_contains_paid_content":false,"footnotes":"","jetpack_publicize_message":"","jetpack_publicize_feature_enabled":true,"jetpack_social_post_already_shared":false,"jetpack_social_options":{"image_generator_settings":{"template":"highway","default_image_id":0,"enabled":false},"version":2}},"categories":[3],"tags":[],"class_list":["post-88541","post","type-post","status-publish","format-standard","has-post-thumbnail","hentry","category-politica"],"acf":[],"jetpack_publicize_connections":[],"jetpack_featured_media_url":"https:\/\/i0.wp.com\/blogdoeloiltoncajuhy.com.br\/site\/wp-content\/uploads\/2025\/06\/Bobo-Itiuba-01.jpeg?fit=760%2C427&ssl=1","jetpack_sharing_enabled":true,"publishpress_future_workflow_manual_trigger":{"enabledWorkflows":[]},"_links":{"self":[{"href":"https:\/\/blogdoeloiltoncajuhy.com.br\/site\/wp-json\/wp\/v2\/posts\/88541","targetHints":{"allow":["GET"]}}],"collection":[{"href":"https:\/\/blogdoeloiltoncajuhy.com.br\/site\/wp-json\/wp\/v2\/posts"}],"about":[{"href":"https:\/\/blogdoeloiltoncajuhy.com.br\/site\/wp-json\/wp\/v2\/types\/post"}],"author":[{"embeddable":true,"href":"https:\/\/blogdoeloiltoncajuhy.com.br\/site\/wp-json\/wp\/v2\/users\/2"}],"replies":[{"embeddable":true,"href":"https:\/\/blogdoeloiltoncajuhy.com.br\/site\/wp-json\/wp\/v2\/comments?post=88541"}],"version-history":[{"count":1,"href":"https:\/\/blogdoeloiltoncajuhy.com.br\/site\/wp-json\/wp\/v2\/posts\/88541\/revisions"}],"predecessor-version":[{"id":88544,"href":"https:\/\/blogdoeloiltoncajuhy.com.br\/site\/wp-json\/wp\/v2\/posts\/88541\/revisions\/88544"}],"wp:featuredmedia":[{"embeddable":true,"href":"https:\/\/blogdoeloiltoncajuhy.com.br\/site\/wp-json\/wp\/v2\/media\/88542"}],"wp:attachment":[{"href":"https:\/\/blogdoeloiltoncajuhy.com.br\/site\/wp-json\/wp\/v2\/media?parent=88541"}],"wp:term":[{"taxonomy":"category","embeddable":true,"href":"https:\/\/blogdoeloiltoncajuhy.com.br\/site\/wp-json\/wp\/v2\/categories?post=88541"},{"taxonomy":"post_tag","embeddable":true,"href":"https:\/\/blogdoeloiltoncajuhy.com.br\/site\/wp-json\/wp\/v2\/tags?post=88541"}],"curies":[{"name":"wp","href":"https:\/\/api.w.org\/{rel}","templated":true}]}}