{"id":88418,"date":"2025-06-21T22:17:25","date_gmt":"2025-06-22T01:17:25","guid":{"rendered":"https:\/\/blogdoeloiltoncajuhy.com.br\/site\/?p=88418"},"modified":"2025-06-21T22:18:17","modified_gmt":"2025-06-22T01:18:17","slug":"sao-joao-movimenta-bilhoes-e-abre-oportunidades-para-o-mercado-financeiro-na-bahia","status":"publish","type":"post","link":"https:\/\/blogdoeloiltoncajuhy.com.br\/site\/sao-joao-movimenta-bilhoes-e-abre-oportunidades-para-o-mercado-financeiro-na-bahia\/","title":{"rendered":"S\u00e3o Jo\u00e3o movimenta bilh\u00f5es e abre oportunidades para o mercado financeiro na Bahia"},"content":{"rendered":"\n<p class=\"has-medium-font-size\"><strong>Festa junina refor\u00e7a economia regional e traz reflex\u00f5es sobre educa\u00e7\u00e3o financeira e desenvolvimento local.<\/strong><\/p>\n\n\n\n<p><strong>Blog do Eloilton Cajuhy \u2013 BEC<\/strong><\/p>\n\n\n\n<figure class=\"wp-block-image aligncenter size-full\"><a href=\"https:\/\/i0.wp.com\/blogdoeloiltoncajuhy.com.br\/site\/wp-content\/uploads\/2025\/06\/Sao-Joao_Festas-Juninas_Foto-Divulgacao.jpg?ssl=1\"><img data-recalc-dims=\"1\" fetchpriority=\"high\" decoding=\"async\" width=\"800\" height=\"533\" src=\"https:\/\/i0.wp.com\/blogdoeloiltoncajuhy.com.br\/site\/wp-content\/uploads\/2025\/06\/Sao-Joao_Festas-Juninas_Foto-Divulgacao.jpg?resize=800%2C533&#038;ssl=1\" alt=\"\" class=\"wp-image-88419\" srcset=\"https:\/\/i0.wp.com\/blogdoeloiltoncajuhy.com.br\/site\/wp-content\/uploads\/2025\/06\/Sao-Joao_Festas-Juninas_Foto-Divulgacao.jpg?w=800&amp;ssl=1 800w, https:\/\/i0.wp.com\/blogdoeloiltoncajuhy.com.br\/site\/wp-content\/uploads\/2025\/06\/Sao-Joao_Festas-Juninas_Foto-Divulgacao.jpg?resize=300%2C200&amp;ssl=1 300w, https:\/\/i0.wp.com\/blogdoeloiltoncajuhy.com.br\/site\/wp-content\/uploads\/2025\/06\/Sao-Joao_Festas-Juninas_Foto-Divulgacao.jpg?resize=768%2C512&amp;ssl=1 768w\" sizes=\"(max-width: 800px) 100vw, 800px\" \/><\/a><figcaption class=\"wp-element-caption\"><sub>Foto: Divulga\u00e7\u00e3o<\/sub><\/figcaption><\/figure>\n\n\n\n<p>Na Bahia, o S\u00e3o Jo\u00e3o \u00e9 mais que uma festa. \u00c9 for\u00e7a cultural que pulsa no interior, aquece a economia e gera impactos que v\u00e3o al\u00e9m do m\u00eas de junho. O ciclo junino, que se estende at\u00e9 julho, transforma cidades inteiras em polos de consumo e neg\u00f3cios, movimentando setores como turismo, transporte, alimenta\u00e7\u00e3o, vestu\u00e1rio e entretenimento. Segundo a Confedera\u00e7\u00e3o Nacional do Com\u00e9rcio (CNC), as festas de S\u00e3o Jo\u00e3o geram mais de R$ 2 bilh\u00f5es por ano no Nordeste. S\u00f3 na Bahia, at\u00e9 30% da receita anual de pequenos comerciantes do interior \u00e9 alcan\u00e7ada nesse per\u00edodo.<\/p>\n\n\n\n<p>Esse aumento de circula\u00e7\u00e3o de recursos, aliado ao fluxo intenso de visitantes, traz um novo olhar tamb\u00e9m para o mercado financeiro. Mais do que celebrar a tradi\u00e7\u00e3o, o S\u00e3o Jo\u00e3o abre espa\u00e7o para reflex\u00f5es sobre a economia local, a gest\u00e3o de recursos e o futuro financeiro de quem vive e empreende no interior.<\/p>\n\n\n\n<p><a href=\"https:\/\/whatsapp.com\/channel\/0029VaAT7tDLI8Yfj5y9Z50Z\"><strong><mark style=\"background-color:rgba(0, 0, 0, 0)\" class=\"has-inline-color has-vivid-red-color\">>> Siga nosso canal no WhatsApp e veja mais not\u00edcias<\/mark><\/strong><\/a><\/p>\n\n\n\n<p>Para Larissa Falc\u00e3o, l\u00edder regional da XP no Norte e Nordeste, o desafio \u00e9 pensar como o mercado pode apoiar de forma mais estruturada esses ciclos sazonais.<\/p>\n\n\n\n<blockquote class=\"wp-block-quote is-layout-flow wp-block-quote-is-layout-flow\">\n<p><strong><mark style=\"background-color:rgba(0, 0, 0, 0)\" class=\"has-inline-color has-black-color\">\u201cO S\u00e3o Jo\u00e3o gera um pico de liquidez local. Pequenos neg\u00f3cios aumentam suas vendas, o turismo aquece, e h\u00e1 um movimento importante de capital. O mercado financeiro pode ser um aliado, criando solu\u00e7\u00f5es que atendam essa sazonalidade, como linhas de cr\u00e9dito ajustadas ao ciclo de vendas e iniciativas de educa\u00e7\u00e3o financeira voltadas para os empreendedores locais\u201d, explica.<\/mark><\/strong><\/p>\n<\/blockquote>\n\n\n\n<p>A ideia, segundo Larissa, \u00e9 ir al\u00e9m do cr\u00e9dito emergencial e trabalhar com solu\u00e7\u00f5es que ajudem o empreendedor a se planejar: \u201cMuitos pequenos empres\u00e1rios enfrentam dificuldades nos meses p\u00f3s-festa por falta de gest\u00e3o financeira. Por isso, temas como fluxo de caixa, precifica\u00e7\u00e3o e forma\u00e7\u00e3o de reservas financeiras s\u00e3o t\u00e3o urgentes\u201d, completa.<\/p>\n\n\n\n<p>Dados da B3 refor\u00e7am que o interesse por investimentos cresce no estado. A Bahia lidera o n\u00famero de investidores no Nordeste, com mais de 223 mil contas cadastradas e R$ 11,74 bilh\u00f5es aplicados. O perfil segue majoritariamente conservador: 52% dos investidores baianos preferem renda fixa, com valores iniciais de at\u00e9 R$ 200.<\/p>\n\n\n\n<p>Ainda assim, h\u00e1 um processo gradual de mudan\u00e7a de mentalidade, como explica Larissa. \u201cO investidor baiano, mesmo com perfil mais cauteloso, j\u00e1 come\u00e7a a olhar para a diversifica\u00e7\u00e3o como forma de proteger seu patrim\u00f4nio. E isso vale tamb\u00e9m para os empreendedores juninos, que precisam aprender a transformar o lucro da alta temporada em seguran\u00e7a para o restante do ano\u201d.<\/p>\n\n\n\n<p>Outro fator determinante \u00e9 a for\u00e7a do relacionamento presencial. No interior baiano, a confian\u00e7a no assessor e o atendimento personalizado seguem como diferenciais essenciais. \u201cO olho no olho continua sendo fundamental. Nosso trabalho tem sido justamente criar esse elo, entender as dores locais e construir solu\u00e7\u00f5es que fa\u00e7am sentido para cada realidade\u201d, afirma Larissa.<\/p>\n\n\n\n<figure class=\"wp-block-pullquote\"><blockquote><p><strong><mark style=\"background-color:rgba(0, 0, 0, 0)\" class=\"has-inline-color has-black-color\">Cidades como Senhor do Bonfim, Amargosa, Cruz das Almas e Ibicu\u00ed s\u00e3o exemplos de como a festa movimenta n\u00e3o apenas a cultura, mas tamb\u00e9m o potencial econ\u00f4mico da regi\u00e3o. Durante o S\u00e3o Jo\u00e3o, o aumento de turistas e o fortalecimento do com\u00e9rcio trazem novas possibilidades para o desenvolvimento financeiro local.<\/mark><\/strong><\/p><\/blockquote><\/figure>\n\n\n\n<p>Entre a tradi\u00e7\u00e3o das quadrilhas e o som das sanfonas, o que se v\u00ea \u00e9 uma Bahia que celebra suas ra\u00edzes enquanto avan\u00e7a na constru\u00e7\u00e3o de um futuro mais pr\u00f3spero para quem vive do pr\u00f3prio neg\u00f3cio, e para quem decide investir nele.<\/p>\n","protected":false},"excerpt":{"rendered":"<p>Festa junina refor\u00e7a economia regional e traz reflex\u00f5es sobre educa\u00e7\u00e3o financeira e desenvolvimento local. Blog do Eloilton Cajuhy \u2013 BEC Na Bahia, o S\u00e3o Jo\u00e3o \u00e9 mais que uma festa. \u00c9 for\u00e7a cultural que pulsa no interior, aquece a economia e gera impactos que v\u00e3o al\u00e9m do m\u00eas de junho. O ciclo junino, que se [&hellip;]<\/p>\n","protected":false},"author":2,"featured_media":88419,"comment_status":"open","ping_status":"open","sticky":false,"template":"","format":"standard","meta":{"_acf_changed":false,"_monsterinsights_skip_tracking":false,"_monsterinsights_sitenote_active":false,"_monsterinsights_sitenote_note":"","_monsterinsights_sitenote_category":0,"_jetpack_memberships_contains_paid_content":false,"footnotes":"","jetpack_publicize_message":"","jetpack_publicize_feature_enabled":true,"jetpack_social_post_already_shared":true,"jetpack_social_options":{"image_generator_settings":{"template":"highway","default_image_id":0,"font":"","enabled":false},"version":2}},"categories":[31],"tags":[],"class_list":["post-88418","post","type-post","status-publish","format-standard","has-post-thumbnail","hentry","category-economia"],"acf":[],"jetpack_publicize_connections":[],"jetpack_featured_media_url":"https:\/\/i0.wp.com\/blogdoeloiltoncajuhy.com.br\/site\/wp-content\/uploads\/2025\/06\/Sao-Joao_Festas-Juninas_Foto-Divulgacao.jpg?fit=800%2C533&ssl=1","jetpack_sharing_enabled":true,"publishpress_future_workflow_manual_trigger":{"enabledWorkflows":[]},"_links":{"self":[{"href":"https:\/\/blogdoeloiltoncajuhy.com.br\/site\/wp-json\/wp\/v2\/posts\/88418","targetHints":{"allow":["GET"]}}],"collection":[{"href":"https:\/\/blogdoeloiltoncajuhy.com.br\/site\/wp-json\/wp\/v2\/posts"}],"about":[{"href":"https:\/\/blogdoeloiltoncajuhy.com.br\/site\/wp-json\/wp\/v2\/types\/post"}],"author":[{"embeddable":true,"href":"https:\/\/blogdoeloiltoncajuhy.com.br\/site\/wp-json\/wp\/v2\/users\/2"}],"replies":[{"embeddable":true,"href":"https:\/\/blogdoeloiltoncajuhy.com.br\/site\/wp-json\/wp\/v2\/comments?post=88418"}],"version-history":[{"count":2,"href":"https:\/\/blogdoeloiltoncajuhy.com.br\/site\/wp-json\/wp\/v2\/posts\/88418\/revisions"}],"predecessor-version":[{"id":88421,"href":"https:\/\/blogdoeloiltoncajuhy.com.br\/site\/wp-json\/wp\/v2\/posts\/88418\/revisions\/88421"}],"wp:featuredmedia":[{"embeddable":true,"href":"https:\/\/blogdoeloiltoncajuhy.com.br\/site\/wp-json\/wp\/v2\/media\/88419"}],"wp:attachment":[{"href":"https:\/\/blogdoeloiltoncajuhy.com.br\/site\/wp-json\/wp\/v2\/media?parent=88418"}],"wp:term":[{"taxonomy":"category","embeddable":true,"href":"https:\/\/blogdoeloiltoncajuhy.com.br\/site\/wp-json\/wp\/v2\/categories?post=88418"},{"taxonomy":"post_tag","embeddable":true,"href":"https:\/\/blogdoeloiltoncajuhy.com.br\/site\/wp-json\/wp\/v2\/tags?post=88418"}],"curies":[{"name":"wp","href":"https:\/\/api.w.org\/{rel}","templated":true}]}}