{"id":8841,"date":"2016-04-06T20:21:46","date_gmt":"2016-04-06T23:21:46","guid":{"rendered":"http:\/\/blogdoeloiltoncajuhy.com.br\/site\/?p=8841"},"modified":"2016-04-06T20:21:46","modified_gmt":"2016-04-06T23:21:46","slug":"relator-acata-pedido-para-dar-prosseguimento-ao-impeachment","status":"publish","type":"post","link":"https:\/\/blogdoeloiltoncajuhy.com.br\/site\/relator-acata-pedido-para-dar-prosseguimento-ao-impeachment\/","title":{"rendered":"Relator acata pedido para dar prosseguimento ao impeachment"},"content":{"rendered":"<figure id=\"attachment_8842\" aria-describedby=\"caption-attachment-8842\" style=\"width: 650px\" class=\"wp-caption aligncenter\"><a href=\"https:\/\/i0.wp.com\/blogdoeloiltoncajuhy.com.br\/site\/wp-content\/uploads\/2016\/04\/comissao.jpg\" rel=\"attachment wp-att-8842\"><img data-recalc-dims=\"1\" fetchpriority=\"high\" decoding=\"async\" class=\"wp-image-8842 size-full\" src=\"https:\/\/i0.wp.com\/blogdoeloiltoncajuhy.com.br\/site\/wp-content\/uploads\/2016\/04\/comissao.jpg?resize=650%2C375\" alt=\"comissao\" width=\"650\" height=\"375\" srcset=\"https:\/\/i0.wp.com\/blogdoeloiltoncajuhy.com.br\/site\/wp-content\/uploads\/2016\/04\/comissao.jpg?w=650&amp;ssl=1 650w, https:\/\/i0.wp.com\/blogdoeloiltoncajuhy.com.br\/site\/wp-content\/uploads\/2016\/04\/comissao.jpg?resize=300%2C173&amp;ssl=1 300w, https:\/\/i0.wp.com\/blogdoeloiltoncajuhy.com.br\/site\/wp-content\/uploads\/2016\/04\/comissao.jpg?resize=250%2C144&amp;ssl=1 250w\" sizes=\"(max-width: 650px) 100vw, 650px\" \/><\/a><figcaption id=\"caption-attachment-8842\" class=\"wp-caption-text\">Arantes afirma que o pedido &#8220;preenche todas as condi\u00e7\u00f5es jur\u00eddicas e pol\u00edticas&#8217; (Foto: Zeca Ribeiro | C\u00e2mara dos Deputados)<\/figcaption><\/figure>\n<p>O deputado Jovair Arantes (PTB-GO), relator do processo de impeachment, acatou o pedido para dar prosseguimento ao processo que visa ao impedimento da presidenta Dilma Rousseff por crimes de responsabilidade. O pedido foi apresentado pelos advogados Miguel Reale Junior, Janaina Paschoal e H\u00e9lio Bicudo.<\/p>\n<p>Na conclus\u00e3o do parecer, que foi lido na comiss\u00e3o da C\u00e2mara que analisa o pedido, Arantes afirma que o pedido &#8220;preenche todas as condi\u00e7\u00f5es jur\u00eddicas e pol\u00edticas relativas \u00e0 sua admissibilidade&#8221;. No documento, o relator afirma ainda que &#8220;n\u00e3o s\u00e3o pertinentes as dilig\u00eancias, a oitiva das testemunhas e a produ\u00e7\u00e3o de provas ao ju\u00edzo preliminar desta Casa, sendo relacionadas ao ju\u00edzo de m\u00e9rito, vale dizer, \u00e0 proced\u00eancia ou improced\u00eancia da acusa\u00e7\u00e3o&#8221;.<\/p>\n<p>Mesmo n\u00e3o tendo analisado o m\u00e9rito da den\u00fancia, o relator concluiu que existem &#8220;outras quest\u00f5es de elevada gravidade&#8221;. O parecer tem 128 p\u00e1ginas e Arantes analisou todos os pontos da den\u00fancia. &#8220;A magnitude e o alcance das viola\u00e7\u00f5es praticadas pela Presidente da Rep\u00fablica, em grave desvio dos seus deveres funcionais e em quebra da grande confian\u00e7a que lhe foi depositada, justifica a abertura do excepcional mecanismo presidencialista do impeachment, na medida em que resultou na usurpa\u00e7\u00e3o de uma das fun\u00e7\u00f5es mais importantes do Parlamento relativas \u00e0 delibera\u00e7\u00e3o das leis or\u00e7ament\u00e1rias e ao controle legislativo sobre os limites dos gastos p\u00fablicos, e que objetiva a prote\u00e7\u00e3o do er\u00e1rio p\u00fablico&#8221;, diz trecho do parecer que a Ag\u00eancia Brasil teve acesso.<\/p>\n<p>Finalizada a leitura do parecer, ser\u00e1 concedida vistas coletivas de duas sess\u00f5es legislativas e, de acordo com o cronograma de trabalho da comiss\u00e3o, o colegiado retomar\u00e1 os trabalhos na pr\u00f3xima sexta-feira (8) para discutir o parecer. O in\u00edcio da vota\u00e7\u00e3o do relat\u00f3rio est\u00e1 marcado para a pr\u00f3xima segunda-feira, 11, a partir das 17h.<\/p>\n<p><em>*Ag\u00eancia Brasil<\/em><\/p>\n","protected":false},"excerpt":{"rendered":"<p>O deputado Jovair Arantes (PTB-GO), relator do processo de impeachment, acatou o pedido para dar prosseguimento ao processo que visa ao impedimento da presidenta Dilma Rousseff por crimes de responsabilidade. O pedido foi apresentado pelos advogados Miguel Reale Junior, Janaina Paschoal e H\u00e9lio Bicudo. Na conclus\u00e3o do parecer, que foi lido na comiss\u00e3o da C\u00e2mara [&hellip;]<\/p>\n","protected":false},"author":2,"featured_media":8842,"comment_status":"open","ping_status":"open","sticky":false,"template":"","format":"standard","meta":{"_acf_changed":false,"_monsterinsights_skip_tracking":false,"_monsterinsights_sitenote_active":false,"_monsterinsights_sitenote_note":"","_monsterinsights_sitenote_category":0,"_jetpack_memberships_contains_paid_content":false,"footnotes":"","jetpack_publicize_message":"","jetpack_publicize_feature_enabled":true,"jetpack_social_post_already_shared":true,"jetpack_social_options":{"image_generator_settings":{"template":"highway","default_image_id":0,"font":"","enabled":false},"version":2}},"categories":[1,3],"tags":[],"class_list":["post-8841","post","type-post","status-publish","format-standard","has-post-thumbnail","hentry","category-noticias","category-politica"],"acf":[],"jetpack_publicize_connections":[],"jetpack_featured_media_url":"https:\/\/i0.wp.com\/blogdoeloiltoncajuhy.com.br\/site\/wp-content\/uploads\/2016\/04\/comissao.jpg?fit=650%2C375&ssl=1","jetpack_sharing_enabled":true,"publishpress_future_workflow_manual_trigger":{"enabledWorkflows":[]},"_links":{"self":[{"href":"https:\/\/blogdoeloiltoncajuhy.com.br\/site\/wp-json\/wp\/v2\/posts\/8841","targetHints":{"allow":["GET"]}}],"collection":[{"href":"https:\/\/blogdoeloiltoncajuhy.com.br\/site\/wp-json\/wp\/v2\/posts"}],"about":[{"href":"https:\/\/blogdoeloiltoncajuhy.com.br\/site\/wp-json\/wp\/v2\/types\/post"}],"author":[{"embeddable":true,"href":"https:\/\/blogdoeloiltoncajuhy.com.br\/site\/wp-json\/wp\/v2\/users\/2"}],"replies":[{"embeddable":true,"href":"https:\/\/blogdoeloiltoncajuhy.com.br\/site\/wp-json\/wp\/v2\/comments?post=8841"}],"version-history":[{"count":1,"href":"https:\/\/blogdoeloiltoncajuhy.com.br\/site\/wp-json\/wp\/v2\/posts\/8841\/revisions"}],"predecessor-version":[{"id":8843,"href":"https:\/\/blogdoeloiltoncajuhy.com.br\/site\/wp-json\/wp\/v2\/posts\/8841\/revisions\/8843"}],"wp:featuredmedia":[{"embeddable":true,"href":"https:\/\/blogdoeloiltoncajuhy.com.br\/site\/wp-json\/wp\/v2\/media\/8842"}],"wp:attachment":[{"href":"https:\/\/blogdoeloiltoncajuhy.com.br\/site\/wp-json\/wp\/v2\/media?parent=8841"}],"wp:term":[{"taxonomy":"category","embeddable":true,"href":"https:\/\/blogdoeloiltoncajuhy.com.br\/site\/wp-json\/wp\/v2\/categories?post=8841"},{"taxonomy":"post_tag","embeddable":true,"href":"https:\/\/blogdoeloiltoncajuhy.com.br\/site\/wp-json\/wp\/v2\/tags?post=8841"}],"curies":[{"name":"wp","href":"https:\/\/api.w.org\/{rel}","templated":true}]}}