{"id":88406,"date":"2025-06-21T06:10:00","date_gmt":"2025-06-21T09:10:00","guid":{"rendered":"https:\/\/blogdoeloiltoncajuhy.com.br\/site\/?p=88406"},"modified":"2025-06-20T17:41:54","modified_gmt":"2025-06-20T20:41:54","slug":"terceiro-dia-do-sao-joao-de-senhor-do-bonfim-promete-muita-animacao-e-grandes-atracoes","status":"publish","type":"post","link":"https:\/\/blogdoeloiltoncajuhy.com.br\/site\/terceiro-dia-do-sao-joao-de-senhor-do-bonfim-promete-muita-animacao-e-grandes-atracoes\/","title":{"rendered":"Terceiro dia do S\u00e3o Jo\u00e3o de Senhor do Bonfim promete muita anima\u00e7\u00e3o e grandes atra\u00e7\u00f5es!"},"content":{"rendered":"\n<p class=\"has-medium-font-size\"><strong>A partir deste s\u00e1bado (21), come\u00e7a a programa\u00e7\u00e3o do Espa\u00e7o Assis do Acordeon, na Pra\u00e7a Nova do Congresso.<\/strong><\/p>\n\n\n\n<p><strong>Por Blog do Eloilton Cajuhy \u2013 BEC<\/strong><\/p>\n\n\n\n<figure class=\"wp-block-image aligncenter size-full is-resized\"><a href=\"https:\/\/i0.wp.com\/blogdoeloiltoncajuhy.com.br\/site\/wp-content\/uploads\/2025\/06\/Seu-Desejo-e-Xand-Aviao.png?ssl=1\"><img data-recalc-dims=\"1\" fetchpriority=\"high\" decoding=\"async\" width=\"731\" height=\"365\" src=\"https:\/\/i0.wp.com\/blogdoeloiltoncajuhy.com.br\/site\/wp-content\/uploads\/2025\/06\/Seu-Desejo-e-Xand-Aviao.png?resize=731%2C365&#038;ssl=1\" alt=\"\" class=\"wp-image-88407\" style=\"width:800px;height:auto\" srcset=\"https:\/\/i0.wp.com\/blogdoeloiltoncajuhy.com.br\/site\/wp-content\/uploads\/2025\/06\/Seu-Desejo-e-Xand-Aviao.png?w=731&amp;ssl=1 731w, https:\/\/i0.wp.com\/blogdoeloiltoncajuhy.com.br\/site\/wp-content\/uploads\/2025\/06\/Seu-Desejo-e-Xand-Aviao.png?resize=300%2C150&amp;ssl=1 300w\" sizes=\"(max-width: 731px) 100vw, 731px\" \/><\/a><figcaption class=\"wp-element-caption\"><sub>Seu Desejo e Xand Avi\u00e3o ser\u00e3o atra\u00e7\u00f5es deste s\u00e1bado (21) no S\u00e3o Jo\u00e3o de Senhor do Bonfim &#8211; Fotos: Divulga\u00e7\u00e3o<\/sub><\/figcaption><\/figure>\n\n\n\n<p>A Capital Baiana do Forr\u00f3 segue em festa e, neste s\u00e1bado, 21 de junho, a programa\u00e7\u00e3o do S\u00e3o Jo\u00e3o de Senhor do Bonfim traz uma verdadeira maratona de shows para todos os gostos. Dois palcos receber\u00e3o artistas que prometem agitar o p\u00fablico at\u00e9 o amanhecer!<\/p>\n\n\n\n<p><a href=\"https:\/\/whatsapp.com\/channel\/0029VaAT7tDLI8Yfj5y9Z50Z\"><strong><mark style=\"background-color:rgba(0, 0, 0, 0)\" class=\"has-inline-color has-vivid-red-color\">>> Siga nosso canal no WhatsApp e veja mais not\u00edcias<\/mark><\/strong><\/a><\/p>\n\n\n\n<p>No <strong><mark style=\"background-color:rgba(0, 0, 0, 0)\" class=\"has-inline-color has-black-color\">Espa\u00e7o Gonzag\u00e3o, no Parque da Cidade<\/mark><\/strong>, a noite ser\u00e1 de grandes nomes da m\u00fasica nordestina:<\/p>\n\n\n\n<ul class=\"wp-block-list\">\n<li><strong><mark style=\"background-color:rgba(0, 0, 0, 0)\" class=\"has-inline-color has-black-color\">21h \u2013 Dhessica Menezes:<\/mark><\/strong> Com muito forr\u00f3 e carisma, a cantora bonfinense abre a programa\u00e7\u00e3o com aquele clima contagiante que s\u00f3 o S\u00e3o Jo\u00e3o de Bonfim tem.<\/li>\n<\/ul>\n\n\n\n<ul class=\"wp-block-list\">\n<li><strong><mark style=\"background-color:rgba(0, 0, 0, 0)\" class=\"has-inline-color has-black-color\">23h \u2013 Seu Desejo:<\/mark><\/strong> O romantismo toma conta com os sucessos da banda que tem conquistado f\u00e3s por todo o Nordeste.<\/li>\n<\/ul>\n\n\n\n<ul class=\"wp-block-list\">\n<li><strong><mark style=\"background-color:rgba(0, 0, 0, 0)\" class=\"has-inline-color has-black-color\">01h \u2013 Avine Vinny:<\/mark><\/strong> Hits conhecidos e muita energia no palco, levando o p\u00fablico ao del\u00edrio na madrugada junina.<\/li>\n<\/ul>\n\n\n\n<ul class=\"wp-block-list\">\n<li><strong><mark style=\"background-color:rgba(0, 0, 0, 0)\" class=\"has-inline-color has-black-color\">03h30 \u2013<\/mark><\/strong> Xand Avi\u00e3o: Um dos maiores nomes do forr\u00f3 eletr\u00f4nico encerra a noite com um show repleto de sucessos que v\u00e3o fazer todo mundo cantar e dan\u00e7ar at\u00e9 o dia clarear.<\/li>\n<\/ul>\n\n\n\n<p><\/p>\n\n\n\n<p>J\u00e1 no <strong><mark style=\"background-color:rgba(0, 0, 0, 0)\" class=\"has-inline-color has-black-color\">Espa\u00e7o Assis do Acordeon, na Pra\u00e7a Nova do Congresso<\/mark><\/strong>, a tarde de s\u00e1bado tamb\u00e9m ser\u00e1 marcada por muito forr\u00f3:<\/p>\n\n\n\n<ul class=\"wp-block-list\">\n<li><strong><mark style=\"background-color:rgba(0, 0, 0, 0)\" class=\"has-inline-color has-black-color\">14h \u2013 Mylla Christie:<\/mark><\/strong> Trazendo a leveza e o som tradicional do forr\u00f3 para abrir os trabalhos na Pra\u00e7a Nova.<\/li>\n<\/ul>\n\n\n\n<ul class=\"wp-block-list\">\n<li><strong><mark style=\"background-color:rgba(0, 0, 0, 0)\" class=\"has-inline-color has-black-color\">16h \u2013 Sandrinho do Acordeon:<\/mark><\/strong> O som da sanfona vai ecoar forte com um repert\u00f3rio que celebra as ra\u00edzes nordestinas.<\/li>\n<\/ul>\n\n\n\n<ul class=\"wp-block-list\">\n<li><strong><mark style=\"background-color:rgba(0, 0, 0, 0)\" class=\"has-inline-color has-black-color\">18h \u2013 Santana &#8211; O Cantador:<\/mark><\/strong> Encerrando a programa\u00e7\u00e3o da tarde, o cantor traz a autenticidade e a poesia que marcam sua trajet\u00f3ria na m\u00fasica regional.<\/li>\n<\/ul>\n\n\n\n<p><\/p>\n\n\n\n<p>Senhor do Bonfim segue reafirmando seu t\u00edtulo de Capital Baiana do Forr\u00f3, oferecendo uma festa democr\u00e1tica, vibrante e repleta de cultura. Prepare o chap\u00e9u de palha, a bota e venha viver mais um dia inesquec\u00edvel de S\u00e3o Jo\u00e3o!<\/p>\n","protected":false},"excerpt":{"rendered":"<p>A partir deste s\u00e1bado (21), come\u00e7a a programa\u00e7\u00e3o do Espa\u00e7o Assis do Acordeon, na Pra\u00e7a Nova do Congresso. Por Blog do Eloilton Cajuhy \u2013 BEC A Capital Baiana do Forr\u00f3 segue em festa e, neste s\u00e1bado, 21 de junho, a programa\u00e7\u00e3o do S\u00e3o Jo\u00e3o de Senhor do Bonfim traz uma verdadeira maratona de shows para [&hellip;]<\/p>\n","protected":false},"author":2,"featured_media":88407,"comment_status":"open","ping_status":"open","sticky":false,"template":"","format":"standard","meta":{"_acf_changed":false,"_monsterinsights_skip_tracking":false,"_monsterinsights_sitenote_active":false,"_monsterinsights_sitenote_note":"","_monsterinsights_sitenote_category":0,"_jetpack_memberships_contains_paid_content":false,"footnotes":"","jetpack_publicize_message":"","jetpack_publicize_feature_enabled":true,"jetpack_social_post_already_shared":true,"jetpack_social_options":{"image_generator_settings":{"template":"highway","default_image_id":0,"font":"","enabled":false},"version":2}},"categories":[4],"tags":[],"class_list":["post-88406","post","type-post","status-publish","format-standard","has-post-thumbnail","hentry","category-local"],"acf":[],"jetpack_publicize_connections":[],"jetpack_featured_media_url":"https:\/\/i0.wp.com\/blogdoeloiltoncajuhy.com.br\/site\/wp-content\/uploads\/2025\/06\/Seu-Desejo-e-Xand-Aviao.png?fit=731%2C365&ssl=1","jetpack_sharing_enabled":true,"publishpress_future_workflow_manual_trigger":{"enabledWorkflows":[]},"_links":{"self":[{"href":"https:\/\/blogdoeloiltoncajuhy.com.br\/site\/wp-json\/wp\/v2\/posts\/88406","targetHints":{"allow":["GET"]}}],"collection":[{"href":"https:\/\/blogdoeloiltoncajuhy.com.br\/site\/wp-json\/wp\/v2\/posts"}],"about":[{"href":"https:\/\/blogdoeloiltoncajuhy.com.br\/site\/wp-json\/wp\/v2\/types\/post"}],"author":[{"embeddable":true,"href":"https:\/\/blogdoeloiltoncajuhy.com.br\/site\/wp-json\/wp\/v2\/users\/2"}],"replies":[{"embeddable":true,"href":"https:\/\/blogdoeloiltoncajuhy.com.br\/site\/wp-json\/wp\/v2\/comments?post=88406"}],"version-history":[{"count":1,"href":"https:\/\/blogdoeloiltoncajuhy.com.br\/site\/wp-json\/wp\/v2\/posts\/88406\/revisions"}],"predecessor-version":[{"id":88408,"href":"https:\/\/blogdoeloiltoncajuhy.com.br\/site\/wp-json\/wp\/v2\/posts\/88406\/revisions\/88408"}],"wp:featuredmedia":[{"embeddable":true,"href":"https:\/\/blogdoeloiltoncajuhy.com.br\/site\/wp-json\/wp\/v2\/media\/88407"}],"wp:attachment":[{"href":"https:\/\/blogdoeloiltoncajuhy.com.br\/site\/wp-json\/wp\/v2\/media?parent=88406"}],"wp:term":[{"taxonomy":"category","embeddable":true,"href":"https:\/\/blogdoeloiltoncajuhy.com.br\/site\/wp-json\/wp\/v2\/categories?post=88406"},{"taxonomy":"post_tag","embeddable":true,"href":"https:\/\/blogdoeloiltoncajuhy.com.br\/site\/wp-json\/wp\/v2\/tags?post=88406"}],"curies":[{"name":"wp","href":"https:\/\/api.w.org\/{rel}","templated":true}]}}