{"id":88282,"date":"2025-06-16T16:20:23","date_gmt":"2025-06-16T19:20:23","guid":{"rendered":"https:\/\/blogdoeloiltoncajuhy.com.br\/site\/?p=88282"},"modified":"2025-06-16T16:21:12","modified_gmt":"2025-06-16T19:21:12","slug":"festival-de-quadrilhas-da-caraiba-fm-lota-ginasio-e-celebra-cultura-nordestina-em-grande-estilo","status":"publish","type":"post","link":"https:\/\/blogdoeloiltoncajuhy.com.br\/site\/festival-de-quadrilhas-da-caraiba-fm-lota-ginasio-e-celebra-cultura-nordestina-em-grande-estilo\/","title":{"rendered":"Festival de Quadrilhas da Cara\u00edba FM lota gin\u00e1sio e celebra cultura nordestina em grande estilo"},"content":{"rendered":"\n<p class=\"has-medium-font-size\"><strong>Evento reuniu 10 grupos e consagrou vencedores nas categorias tradicional e estilizada em noite de emo\u00e7\u00e3o e alto n\u00edvel art\u00edstico.<\/strong><\/p>\n\n\n\n<p><strong>Por Ivan Silva Not\u00edcia<\/strong><\/p>\n\n\n\n<figure class=\"wp-block-image aligncenter size-full is-resized\"><a href=\"https:\/\/i0.wp.com\/blogdoeloiltoncajuhy.com.br\/site\/wp-content\/uploads\/2025\/06\/FQ-Caraiba-FM-2025_Premiacao.png?ssl=1\"><img data-recalc-dims=\"1\" fetchpriority=\"high\" decoding=\"async\" width=\"615\" height=\"383\" src=\"https:\/\/i0.wp.com\/blogdoeloiltoncajuhy.com.br\/site\/wp-content\/uploads\/2025\/06\/FQ-Caraiba-FM-2025_Premiacao.png?resize=615%2C383&#038;ssl=1\" alt=\"\" class=\"wp-image-88283\" style=\"width:708px;height:auto\" srcset=\"https:\/\/i0.wp.com\/blogdoeloiltoncajuhy.com.br\/site\/wp-content\/uploads\/2025\/06\/FQ-Caraiba-FM-2025_Premiacao.png?w=615&amp;ssl=1 615w, https:\/\/i0.wp.com\/blogdoeloiltoncajuhy.com.br\/site\/wp-content\/uploads\/2025\/06\/FQ-Caraiba-FM-2025_Premiacao.png?resize=300%2C187&amp;ssl=1 300w\" sizes=\"(max-width: 615px) 100vw, 615px\" \/><\/a><figcaption class=\"wp-element-caption\"><sub>Frei Jorge Rocha entrega premia\u00e7\u00e3o aos vencedores do Festival de Quadrilhas da Cara\u00edba FM &#8211; Foto: Ivan Silva<\/sub><\/figcaption><\/figure>\n\n\n\n<p>Em uma noite marcada pela empolga\u00e7\u00e3o do p\u00fablico e pelo brilho das apresenta\u00e7\u00f5es, a Cara\u00edba FM 96,7 promoveu no \u00faltimo s\u00e1bado (14) o 17\u00ba Festival de Quadrilhas de Senhor do Bonfim, no Gin\u00e1sio Poliesportivo Jo\u00e3o Correia da Silva, que ficou completamente lotado, em plena noite fria, para acompanhar o espet\u00e1culo de cores, ritmos e tradi\u00e7\u00f5es.<\/p>\n\n\n\n<p><a href=\"https:\/\/whatsapp.com\/channel\/0029VaAT7tDLI8Yfj5y9Z50Z\"><strong><mark style=\"background-color:rgba(0, 0, 0, 0)\" class=\"has-inline-color has-vivid-red-color\">&gt;&gt; Siga nosso canal no WhatsApp e veja mais not\u00edcias<\/mark><\/strong><\/a><\/p>\n\n\n\n<p>Com a participa\u00e7\u00e3o de 10 quadrilhas, o festival distribuiu trof\u00e9us nas categorias tradicional e estilizada, premiando campe\u00f5es, melhores casais de noivos e melhores marcadores. O corpo de jurados foi formado pelo ator Eug\u00eanio Talma e pelas professoras Katiane Oliveira e Karine de Faria, que tiveram a dif\u00edcil miss\u00e3o de escolher os destaques da noite diante do alto n\u00edvel das apresenta\u00e7\u00f5es.<\/p>\n\n\n\n<figure class=\"wp-block-image aligncenter size-full is-resized\"><a href=\"https:\/\/i0.wp.com\/blogdoeloiltoncajuhy.com.br\/site\/wp-content\/uploads\/2025\/06\/Festival-Quadrilhas-Caraiba-FM-2025_Eloilton.jpeg?ssl=1\"><img data-recalc-dims=\"1\" decoding=\"async\" width=\"760\" height=\"570\" src=\"https:\/\/i0.wp.com\/blogdoeloiltoncajuhy.com.br\/site\/wp-content\/uploads\/2025\/06\/Festival-Quadrilhas-Caraiba-FM-2025_Eloilton.jpeg?resize=760%2C570&#038;ssl=1\" alt=\"\" class=\"wp-image-88284\" style=\"width:691px;height:auto\" srcset=\"https:\/\/i0.wp.com\/blogdoeloiltoncajuhy.com.br\/site\/wp-content\/uploads\/2025\/06\/Festival-Quadrilhas-Caraiba-FM-2025_Eloilton.jpeg?w=760&amp;ssl=1 760w, https:\/\/i0.wp.com\/blogdoeloiltoncajuhy.com.br\/site\/wp-content\/uploads\/2025\/06\/Festival-Quadrilhas-Caraiba-FM-2025_Eloilton.jpeg?resize=300%2C225&amp;ssl=1 300w\" sizes=\"(max-width: 760px) 100vw, 760px\" \/><\/a><figcaption class=\"wp-element-caption\"><sub>Quadrilhas Juninas deram um verdadeiro espet\u00e1culo no Gin\u00e1sio Poliesportivo Jo\u00e3o Correia &#8211; Foto: Eloilton Cajuhy<\/sub><\/figcaption><\/figure>\n\n\n\n<h4 class=\"wp-block-heading\"><strong><mark style=\"background-color:rgba(0, 0, 0, 0)\" class=\"has-inline-color has-black-color\">Ap\u00f3s quase dez horas de festa, os resultados foram anunciados:<\/mark><\/strong><\/h4>\n\n\n\n<p><strong><em>Categoria tradicional<\/em><\/strong><\/p>\n\n\n\n<ul class=\"wp-block-list\">\n<li><strong><mark style=\"background-color:rgba(0, 0, 0, 0)\" class=\"has-inline-color has-black-color\">Campe\u00e3:<\/mark><\/strong> Uni\u00e3o (Filad\u00e9lfia)<\/li>\n<\/ul>\n\n\n\n<ul class=\"wp-block-list\">\n<li><strong><mark style=\"background-color:rgba(0, 0, 0, 0)\" class=\"has-inline-color has-black-color\">Vice-campe\u00e3:<\/mark><\/strong> Mandacaru de Ouro (Ponto Novo)<\/li>\n<\/ul>\n\n\n\n<ul class=\"wp-block-list\">\n<li><strong><mark style=\"background-color:rgba(0, 0, 0, 0)\" class=\"has-inline-color has-black-color\">Melhor casal de noivos:<\/mark><\/strong> Mandacaru de Ouro (Ponto Novo)<\/li>\n<\/ul>\n\n\n\n<ul class=\"wp-block-list\">\n<li><strong><mark style=\"background-color:rgba(0, 0, 0, 0)\" class=\"has-inline-color has-black-color\">Melhor marcador:<\/mark><\/strong> Uni\u00e3o (Filad\u00e9lfia)<\/li>\n<\/ul>\n\n\n\n<p><\/p>\n\n\n\n<p><strong><em>Categoria estilizada<\/em><\/strong><\/p>\n\n\n\n<ul class=\"wp-block-list\">\n<li><strong><mark style=\"background-color:rgba(0, 0, 0, 0)\" class=\"has-inline-color has-black-color\">Campe\u00e3: Alegria que Contagia-AQC<\/mark><\/strong> (Senhor do Bonfim)<\/li>\n<\/ul>\n\n\n\n<ul class=\"wp-block-list\">\n<li><strong><mark style=\"background-color:rgba(0, 0, 0, 0)\" class=\"has-inline-color has-black-color\">Vice-campe\u00e3:<\/mark><\/strong> Cidade da F\u00e9 (Campo Formoso)<\/li>\n<\/ul>\n\n\n\n<ul class=\"wp-block-list\">\n<li><strong><mark style=\"background-color:rgba(0, 0, 0, 0)\" class=\"has-inline-color has-black-color\">3\u00ba lugar:<\/mark><\/strong> Fa\u00edsca do Sert\u00e3o (Jaguarari)<\/li>\n<\/ul>\n\n\n\n<ul class=\"wp-block-list\">\n<li><strong><mark style=\"background-color:rgba(0, 0, 0, 0)\" class=\"has-inline-color has-black-color\">Melhor casal de noivos:<\/mark><\/strong> Alegria que Contagia-AQC (Senhor do Bonfim)<\/li>\n<\/ul>\n\n\n\n<ul class=\"wp-block-list\">\n<li><strong><mark style=\"background-color:rgba(0, 0, 0, 0)\" class=\"has-inline-color has-black-color\">Melhor marcador:<\/mark><\/strong> Cidade da F\u00e9 (Campo Formoso)<\/li>\n<\/ul>\n\n\n\n<p><\/p>\n\n\n\n<p>O diretor-superintendente da Cara\u00edba FM, Frei Jorge Rocha, entregou os trof\u00e9us e fez quest\u00e3o de destacar o sucesso do evento e o compromisso da emissora com a valoriza\u00e7\u00e3o da cultura regional:<\/p>\n\n\n\n<blockquote class=\"wp-block-quote is-layout-flow wp-block-quote-is-layout-flow\">\n<p><strong><mark style=\"background-color:rgba(0, 0, 0, 0)\" class=\"has-inline-color has-black-color\">\u201cMais uma vez a nossa r\u00e1dio se consolida como uma empresa comprometida com nossa cultura, com nosso povo e com a juventude que se empenha para participar desse momento m\u00e1gico. Fiquei encantado com o alto n\u00edvel das apresenta\u00e7\u00f5es e com o p\u00fablico presente, que lotou o gin\u00e1sio apesar do frio e das v\u00e1rias op\u00e7\u00f5es de eventos na cidade. Obrigado a todos por acreditarem no trabalho s\u00e9rio e no compromisso que a nossa r\u00e1dio tem com o povo,\u201d declarou.<\/mark><\/strong><\/p>\n<\/blockquote>\n\n\n\n<figure class=\"wp-block-image aligncenter size-full\"><a href=\"https:\/\/i0.wp.com\/blogdoeloiltoncajuhy.com.br\/site\/wp-content\/uploads\/2025\/06\/Festival-Quadrilhas-Caraiba-FM-2025-02_Eloilton.jpeg?ssl=1\"><img data-recalc-dims=\"1\" decoding=\"async\" width=\"760\" height=\"570\" src=\"https:\/\/i0.wp.com\/blogdoeloiltoncajuhy.com.br\/site\/wp-content\/uploads\/2025\/06\/Festival-Quadrilhas-Caraiba-FM-2025-02_Eloilton.jpeg?resize=760%2C570&#038;ssl=1\" alt=\"\" class=\"wp-image-88285\" srcset=\"https:\/\/i0.wp.com\/blogdoeloiltoncajuhy.com.br\/site\/wp-content\/uploads\/2025\/06\/Festival-Quadrilhas-Caraiba-FM-2025-02_Eloilton.jpeg?w=760&amp;ssl=1 760w, https:\/\/i0.wp.com\/blogdoeloiltoncajuhy.com.br\/site\/wp-content\/uploads\/2025\/06\/Festival-Quadrilhas-Caraiba-FM-2025-02_Eloilton.jpeg?resize=300%2C225&amp;ssl=1 300w\" sizes=\"(max-width: 760px) 100vw, 760px\" \/><\/a><figcaption class=\"wp-element-caption\"><sub>P\u00fablico lotou as depend\u00eancias do gin\u00e1sio &#8211; Foto: Eloilton Cajuhy<\/sub><\/figcaption><\/figure>\n","protected":false},"excerpt":{"rendered":"<p>Evento reuniu 10 grupos e consagrou vencedores nas categorias tradicional e estilizada em noite de emo\u00e7\u00e3o e alto n\u00edvel art\u00edstico. Por Ivan Silva Not\u00edcia Em uma noite marcada pela empolga\u00e7\u00e3o do p\u00fablico e pelo brilho das apresenta\u00e7\u00f5es, a Cara\u00edba FM 96,7 promoveu no \u00faltimo s\u00e1bado (14) o 17\u00ba Festival de Quadrilhas de Senhor do Bonfim, [&hellip;]<\/p>\n","protected":false},"author":2,"featured_media":88284,"comment_status":"open","ping_status":"open","sticky":false,"template":"","format":"standard","meta":{"_acf_changed":false,"_monsterinsights_skip_tracking":false,"_monsterinsights_sitenote_active":false,"_monsterinsights_sitenote_note":"","_monsterinsights_sitenote_category":0,"_jetpack_memberships_contains_paid_content":false,"footnotes":"","jetpack_publicize_message":"","jetpack_publicize_feature_enabled":true,"jetpack_social_post_already_shared":true,"jetpack_social_options":{"image_generator_settings":{"template":"highway","default_image_id":0,"font":"","enabled":false},"version":2}},"categories":[8],"tags":[],"class_list":["post-88282","post","type-post","status-publish","format-standard","has-post-thumbnail","hentry","category-cultura"],"acf":[],"jetpack_publicize_connections":[],"jetpack_featured_media_url":"https:\/\/i0.wp.com\/blogdoeloiltoncajuhy.com.br\/site\/wp-content\/uploads\/2025\/06\/Festival-Quadrilhas-Caraiba-FM-2025_Eloilton.jpeg?fit=760%2C570&ssl=1","jetpack_sharing_enabled":true,"publishpress_future_workflow_manual_trigger":{"enabledWorkflows":[]},"_links":{"self":[{"href":"https:\/\/blogdoeloiltoncajuhy.com.br\/site\/wp-json\/wp\/v2\/posts\/88282","targetHints":{"allow":["GET"]}}],"collection":[{"href":"https:\/\/blogdoeloiltoncajuhy.com.br\/site\/wp-json\/wp\/v2\/posts"}],"about":[{"href":"https:\/\/blogdoeloiltoncajuhy.com.br\/site\/wp-json\/wp\/v2\/types\/post"}],"author":[{"embeddable":true,"href":"https:\/\/blogdoeloiltoncajuhy.com.br\/site\/wp-json\/wp\/v2\/users\/2"}],"replies":[{"embeddable":true,"href":"https:\/\/blogdoeloiltoncajuhy.com.br\/site\/wp-json\/wp\/v2\/comments?post=88282"}],"version-history":[{"count":2,"href":"https:\/\/blogdoeloiltoncajuhy.com.br\/site\/wp-json\/wp\/v2\/posts\/88282\/revisions"}],"predecessor-version":[{"id":88287,"href":"https:\/\/blogdoeloiltoncajuhy.com.br\/site\/wp-json\/wp\/v2\/posts\/88282\/revisions\/88287"}],"wp:featuredmedia":[{"embeddable":true,"href":"https:\/\/blogdoeloiltoncajuhy.com.br\/site\/wp-json\/wp\/v2\/media\/88284"}],"wp:attachment":[{"href":"https:\/\/blogdoeloiltoncajuhy.com.br\/site\/wp-json\/wp\/v2\/media?parent=88282"}],"wp:term":[{"taxonomy":"category","embeddable":true,"href":"https:\/\/blogdoeloiltoncajuhy.com.br\/site\/wp-json\/wp\/v2\/categories?post=88282"},{"taxonomy":"post_tag","embeddable":true,"href":"https:\/\/blogdoeloiltoncajuhy.com.br\/site\/wp-json\/wp\/v2\/tags?post=88282"}],"curies":[{"name":"wp","href":"https:\/\/api.w.org\/{rel}","templated":true}]}}