{"id":88280,"date":"2025-06-16T15:39:12","date_gmt":"2025-06-16T18:39:12","guid":{"rendered":"https:\/\/blogdoeloiltoncajuhy.com.br\/site\/?p=88280"},"modified":"2025-06-16T15:39:14","modified_gmt":"2025-06-16T18:39:14","slug":"inscricoes-para-programas-que-oferecem-cnhs-gratuitas-para-alunos-da-rede-estadual-e-pessoas-de-baixa-renda-sao-abertas","status":"publish","type":"post","link":"https:\/\/blogdoeloiltoncajuhy.com.br\/site\/inscricoes-para-programas-que-oferecem-cnhs-gratuitas-para-alunos-da-rede-estadual-e-pessoas-de-baixa-renda-sao-abertas\/","title":{"rendered":"Inscri\u00e7\u00f5es para programas que oferecem CNHs gratuitas para alunos da rede estadual e pessoas de baixa renda s\u00e3o abertas"},"content":{"rendered":"\n<p class=\"has-medium-font-size\"><strong>Programas \u201cCNH na Escola\u201d e \u201cCNH da Gente\u201d tamb\u00e9m contemplam o munic\u00edpio de Senhor do Bonfim. <\/strong><\/p>\n\n\n\n<p>Blog do Eloilton Cajuhy \u2013 BEC<\/p>\n\n\n\n<figure class=\"wp-block-image aligncenter size-full\"><a href=\"https:\/\/i0.wp.com\/blogdoeloiltoncajuhy.com.br\/site\/wp-content\/uploads\/2025\/05\/GOVBA_CNH-gratuita_Foto-Thuane-MariaGOVBA.jpg\"><img data-recalc-dims=\"1\" fetchpriority=\"high\" decoding=\"async\" width=\"760\" height=\"506\" src=\"https:\/\/i0.wp.com\/blogdoeloiltoncajuhy.com.br\/site\/wp-content\/uploads\/2025\/05\/GOVBA_CNH-gratuita_Foto-Thuane-MariaGOVBA.jpg?resize=760%2C506\" alt=\"\" class=\"wp-image-87937\" srcset=\"https:\/\/i0.wp.com\/blogdoeloiltoncajuhy.com.br\/site\/wp-content\/uploads\/2025\/05\/GOVBA_CNH-gratuita_Foto-Thuane-MariaGOVBA.jpg?w=760&amp;ssl=1 760w, https:\/\/i0.wp.com\/blogdoeloiltoncajuhy.com.br\/site\/wp-content\/uploads\/2025\/05\/GOVBA_CNH-gratuita_Foto-Thuane-MariaGOVBA.jpg?resize=300%2C200&amp;ssl=1 300w\" sizes=\"(max-width: 760px) 100vw, 760px\" \/><\/a><figcaption class=\"wp-element-caption\"><sub>Foto: Thuane Maria\/GOVBA<\/sub><\/figcaption><\/figure>\n\n\n\n<p>As inscri\u00e7\u00f5es para os programas &#8220;CNH da Gente&#8221; e &#8220;CNH na Escola&#8221;, que v\u00e3o permitir que a popula\u00e7\u00e3o de baixa renda tenha acesso \u00e0 Carteira Nacional de Habilita\u00e7\u00e3o no estado come\u00e7aram nesta segunda-feira (16).<\/p>\n\n\n\n<p>O processo se realizar\u00e1 at\u00e9 30 de junho exclusivamente por meio do Portal de Servi\u00e7os do Governo do Estado, no <a href=\"https:\/\/www.ba.gov.br\/\" data-type=\"link\" data-id=\"https:\/\/www.ba.gov.br\/\"><strong><mark style=\"background-color:rgba(0, 0, 0, 0)\" class=\"has-inline-color has-vivid-cyan-blue-color\">site institucional<\/mark><\/strong><\/a>. O edital foi publicado no dia 4 de junho.<\/p>\n\n\n\n<h4 class=\"wp-block-heading\"><strong><mark style=\"background-color:rgba(0, 0, 0, 0)\" class=\"has-inline-color has-black-color\">O &#8220;CNH na Escola&#8221; e o &#8220;CNH da Gente&#8221; atender\u00e3o:<\/mark><\/strong><\/h4>\n\n\n\n<ul class=\"wp-block-list\">\n<li>estudantes do ensino m\u00e9dio, da educa\u00e7\u00e3o profissional e tecnol\u00f3gica da rede p\u00fablica estadual;<br><\/li>\n<\/ul>\n\n\n\n<ul class=\"wp-block-list\">\n<li>popula\u00e7\u00e3o inscrita no Cadastro \u00danico para Programas Sociais do Governo Federal (Cad\u00danico).<\/li>\n<\/ul>\n\n\n\n<p><\/p>\n\n\n\n<p>As iniciativas oferecem acesso gratuito \u00e0 primeira habilita\u00e7\u00e3o, adi\u00e7\u00e3o ou mudan\u00e7a de categoria, sem custos para os beneficiados. <strong><mark style=\"background-color:rgba(0, 0, 0, 0)\" class=\"has-inline-color has-black-color\">Para participar, os interessados devem atender a crit\u00e9rios como:<\/mark><\/strong><\/p>\n\n\n\n<ul class=\"wp-block-list\">\n<li>ter mais de 18 anos;<br><\/li>\n<\/ul>\n\n\n\n<ul class=\"wp-block-list\">\n<li>saber ler e escrever;<br><\/li>\n<\/ul>\n\n\n\n<ul class=\"wp-block-list\">\n<li>morar na Bahia.<br><\/li>\n<\/ul>\n\n\n\n<p><\/p>\n\n\n\n<p>Os estudantes menores de 17 anos podem iniciar a forma\u00e7\u00e3o te\u00f3rica, preparando-se para a obten\u00e7\u00e3o da CNH no futuro.<\/p>\n\n\n\n<p>De acordo com o diretor-geral do Departamento Estadual de Tr\u00e2nsito do Estado da Bahia (Detran-BA), Rodrigo Pimentel, ser\u00e3o 12 mil vagas dispon\u00edveis. <strong><mark style=\"background-color:rgba(0, 0, 0, 0)\" class=\"has-inline-color has-black-color\">Confira abaixo o detalhamento:<\/mark><\/strong><\/p>\n\n\n\n<ul class=\"wp-block-list\">\n<li>Duas mil para estudantes do ensino m\u00e9dio da rede p\u00fablica estadual;<br><\/li>\n<\/ul>\n\n\n\n<ul class=\"wp-block-list\">\n<li>Cinco mil destinadas a estudantes da SEC (18+), inscritos no programa Bolsa Presen\u00e7a;<br><\/li>\n<\/ul>\n\n\n\n<ul class=\"wp-block-list\">\n<li>Mil vagas para o programa Bahia pela Paz, destinado a jovens e 50 vagas para atendimento as fam\u00edlias v\u00edtimas da explos\u00e3o na f\u00e1brica de fogos em Santo Ant\u00f4nio de Jesus;<br><\/li>\n<\/ul>\n\n\n\n<ul class=\"wp-block-list\">\n<li>Al\u00e9m de 3.950 vagas para a popula\u00e7\u00e3o cadastrada no Cad\u00danico.<\/li>\n<\/ul>\n\n\n\n<p><\/p>\n\n\n\n<p>O programa &#8220;CNH da Gente&#8221; \u00e9 uma iniciativa de inclus\u00e3o social que oferece o curso de forma\u00e7\u00e3o de condutor, para as categorias \u201cA\u201d ou \u201cB\u201d, gratuitamente a candidatos de baixa renda em todo o estado.<\/p>\n\n\n\n<p>J\u00e1 o &#8220;CNH na Escola&#8221; visa dar acesso \u00e0 forma\u00e7\u00e3o t\u00e9cnico-t\u00e9orica aos estudantes do ensino m\u00e9dio, t\u00e9cnico e profissional da rede p\u00fablica estadual.<\/p>\n\n\n\n<p>A a\u00e7\u00e3o \u00e9 promovida pela Secretaria da Educa\u00e7\u00e3o do Estado da Bahia (SEC) em parceria com o Departamento Estadual de Tr\u00e2nsito (Detran\/BA), por meio do Programa de Incentivo \u00e0 Habilita\u00e7\u00e3o.<\/p>\n\n\n\n<p>A Prefeitura de Senhor do Bonfim, atrav\u00e9s da Secretaria de Assist\u00eancia Social, oferecer\u00e1 acolhimento e suporte para orienta\u00e7\u00f5es e inscri\u00e7\u00f5es, especialmente para quem tem dificuldade de acesso \u00e0 internet ou uso de plataformas digitais. Os interessados devem procurar a Secretaria de Assist\u00eancia Social, localizada na Rua Bar\u00e3o do Cotegipe, n\u00ba 158, Centro, das 8h \u00e0s 17h30.<\/p>\n\n\n\n<p><strong><em>Com informa\u00e7\u00f5es do g1 BA e Prefeitura de Senhor do Bonfim<\/em><\/strong><\/p>\n","protected":false},"excerpt":{"rendered":"<p>Programas \u201cCNH na Escola\u201d e \u201cCNH da Gente\u201d tamb\u00e9m contemplam o munic\u00edpio de Senhor do Bonfim. Blog do Eloilton Cajuhy \u2013 BEC As inscri\u00e7\u00f5es para os programas &#8220;CNH da Gente&#8221; e &#8220;CNH na Escola&#8221;, que v\u00e3o permitir que a popula\u00e7\u00e3o de baixa renda tenha acesso \u00e0 Carteira Nacional de Habilita\u00e7\u00e3o no estado come\u00e7aram nesta segunda-feira [&hellip;]<\/p>\n","protected":false},"author":2,"featured_media":87937,"comment_status":"open","ping_status":"open","sticky":false,"template":"","format":"standard","meta":{"_acf_changed":false,"_monsterinsights_skip_tracking":false,"_monsterinsights_sitenote_active":false,"_monsterinsights_sitenote_note":"","_monsterinsights_sitenote_category":0,"_jetpack_memberships_contains_paid_content":false,"footnotes":"","jetpack_publicize_message":"","jetpack_publicize_feature_enabled":true,"jetpack_social_post_already_shared":true,"jetpack_social_options":{"image_generator_settings":{"template":"highway","default_image_id":0,"font":"","enabled":false},"version":2}},"categories":[1],"tags":[],"class_list":["post-88280","post","type-post","status-publish","format-standard","has-post-thumbnail","hentry","category-noticias"],"acf":[],"jetpack_publicize_connections":[],"jetpack_featured_media_url":"https:\/\/i0.wp.com\/blogdoeloiltoncajuhy.com.br\/site\/wp-content\/uploads\/2025\/05\/GOVBA_CNH-gratuita_Foto-Thuane-MariaGOVBA.jpg?fit=760%2C506&ssl=1","jetpack_sharing_enabled":true,"publishpress_future_workflow_manual_trigger":{"enabledWorkflows":[]},"_links":{"self":[{"href":"https:\/\/blogdoeloiltoncajuhy.com.br\/site\/wp-json\/wp\/v2\/posts\/88280","targetHints":{"allow":["GET"]}}],"collection":[{"href":"https:\/\/blogdoeloiltoncajuhy.com.br\/site\/wp-json\/wp\/v2\/posts"}],"about":[{"href":"https:\/\/blogdoeloiltoncajuhy.com.br\/site\/wp-json\/wp\/v2\/types\/post"}],"author":[{"embeddable":true,"href":"https:\/\/blogdoeloiltoncajuhy.com.br\/site\/wp-json\/wp\/v2\/users\/2"}],"replies":[{"embeddable":true,"href":"https:\/\/blogdoeloiltoncajuhy.com.br\/site\/wp-json\/wp\/v2\/comments?post=88280"}],"version-history":[{"count":1,"href":"https:\/\/blogdoeloiltoncajuhy.com.br\/site\/wp-json\/wp\/v2\/posts\/88280\/revisions"}],"predecessor-version":[{"id":88281,"href":"https:\/\/blogdoeloiltoncajuhy.com.br\/site\/wp-json\/wp\/v2\/posts\/88280\/revisions\/88281"}],"wp:featuredmedia":[{"embeddable":true,"href":"https:\/\/blogdoeloiltoncajuhy.com.br\/site\/wp-json\/wp\/v2\/media\/87937"}],"wp:attachment":[{"href":"https:\/\/blogdoeloiltoncajuhy.com.br\/site\/wp-json\/wp\/v2\/media?parent=88280"}],"wp:term":[{"taxonomy":"category","embeddable":true,"href":"https:\/\/blogdoeloiltoncajuhy.com.br\/site\/wp-json\/wp\/v2\/categories?post=88280"},{"taxonomy":"post_tag","embeddable":true,"href":"https:\/\/blogdoeloiltoncajuhy.com.br\/site\/wp-json\/wp\/v2\/tags?post=88280"}],"curies":[{"name":"wp","href":"https:\/\/api.w.org\/{rel}","templated":true}]}}