{"id":88276,"date":"2025-06-16T14:56:12","date_gmt":"2025-06-16T17:56:12","guid":{"rendered":"https:\/\/blogdoeloiltoncajuhy.com.br\/site\/?p=88276"},"modified":"2025-06-16T14:56:14","modified_gmt":"2025-06-16T17:56:14","slug":"justica-da-espanha-condena-4-por-boneco-de-vinicius-jr-enforcado-em-madri","status":"publish","type":"post","link":"https:\/\/blogdoeloiltoncajuhy.com.br\/site\/justica-da-espanha-condena-4-por-boneco-de-vinicius-jr-enforcado-em-madri\/","title":{"rendered":"Justi\u00e7a da Espanha condena 4 por boneco de Vinicius Jr. &#8216;enforcado&#8217; em Madri"},"content":{"rendered":"\n<p class=\"has-medium-font-size\"><strong>Caso do boneco ocorreu antes de jogo entre Real Madrid, time de Vini Jr., e o Atl\u00e9tico de Madrid, em janeiro de 2023.<\/strong><\/p>\n\n\n\n<p><strong>Por g1<\/strong><\/p>\n\n\n\n<figure class=\"wp-block-image aligncenter size-full\"><a href=\"https:\/\/i0.wp.com\/blogdoeloiltoncajuhy.com.br\/site\/wp-content\/uploads\/2022\/12\/Vini-Jr-02.webp\"><img data-recalc-dims=\"1\" fetchpriority=\"high\" decoding=\"async\" width=\"800\" height=\"533\" src=\"https:\/\/i0.wp.com\/blogdoeloiltoncajuhy.com.br\/site\/wp-content\/uploads\/2022\/12\/Vini-Jr-02.webp?resize=800%2C533\" alt=\"\" class=\"wp-image-70709\" srcset=\"https:\/\/i0.wp.com\/blogdoeloiltoncajuhy.com.br\/site\/wp-content\/uploads\/2022\/12\/Vini-Jr-02.webp?w=984&amp;ssl=1 984w, https:\/\/i0.wp.com\/blogdoeloiltoncajuhy.com.br\/site\/wp-content\/uploads\/2022\/12\/Vini-Jr-02.webp?resize=300%2C200&amp;ssl=1 300w, https:\/\/i0.wp.com\/blogdoeloiltoncajuhy.com.br\/site\/wp-content\/uploads\/2022\/12\/Vini-Jr-02.webp?resize=768%2C512&amp;ssl=1 768w\" sizes=\"(max-width: 800px) 100vw, 800px\" \/><\/a><figcaption class=\"wp-element-caption\"><sub>Justi\u00e7a da Espanha condena 4 por boneco de Vinicius Jr. &#8216;enforcado&#8217; em Madri &#8211; Foto: Reprodu\u00e7\u00e3o<\/sub><\/figcaption><\/figure>\n\n\n\n<p>A Justi\u00e7a da Espanha condenou nesta segunda-feira (16) quatro pessoas \u00e0 pris\u00e3o pelo boneco de Vinicius Jr. &#8220;enforcado&#8221; em Madri, afirmou em comunicado a LaLiga, organizadora do campeonato espanhol de futebol.<\/p>\n\n\n\n<p><a href=\"https:\/\/whatsapp.com\/channel\/0029VaAT7tDLI8Yfj5y9Z50Z\"><strong><mark style=\"background-color:rgba(0, 0, 0, 0)\" class=\"has-inline-color has-vivid-red-color\">>> Siga nosso canal no WhatsApp e veja mais not\u00edcias<\/mark><\/strong><\/a><\/p>\n\n\n\n<p>Segundo a senten\u00e7a emitida pela Corte Provincial de Madri, tr\u00eas r\u00e9us foram condenados a 14 meses de pris\u00e3o por crime de \u00f3dio e amea\u00e7as, e o quarto recebeu senten\u00e7a de 22 meses de reclus\u00e3o pelos mesmos crimes, com o agravamento de ter divulgado imagens do ato na internet.<\/p>\n\n\n\n<p>Um boneco com o rosto do Vini Jr. foi pendurado em uma ponte na capital espanhola, simulando um enforcamento antes de um cl\u00e1ssico entre o Real Madrid e o Atl\u00e9tico de Madrid, em janeiro de 2023.<\/p>\n\n\n\n<blockquote class=\"wp-block-quote is-layout-flow wp-block-quote-is-layout-flow\">\n<p><strong><mark style=\"background-color:rgba(0, 0, 0, 0)\" class=\"has-inline-color has-black-color\">A LaLiga comemorou as condena\u00e7\u00f5es: &#8220;Esta decis\u00e3o representa um passo importante na luta contra o \u00f3dio e a discrimina\u00e7\u00e3o no esporte. A LaLiga reafirma seu compromisso inabal\u00e1vel com a erradica\u00e7\u00e3o de qualquer forma de racismo, viol\u00eancia ou intoler\u00e2ncia, dentro e fora dos est\u00e1dios&#8221;.<\/mark><\/strong><\/p>\n<\/blockquote>\n\n\n\n<figure class=\"wp-block-image aligncenter size-full\"><a href=\"https:\/\/i0.wp.com\/blogdoeloiltoncajuhy.com.br\/site\/wp-content\/uploads\/2024\/10\/Vinicius-Junior-Vini-Jr-Real-Madrid-%E2%80%94-Foto-Julio-Munoz-EFE.jpg\"><img data-recalc-dims=\"1\" decoding=\"async\" width=\"750\" height=\"503\" src=\"https:\/\/i0.wp.com\/blogdoeloiltoncajuhy.com.br\/site\/wp-content\/uploads\/2024\/10\/Vinicius-Junior-Vini-Jr-Real-Madrid-%E2%80%94-Foto-Julio-Munoz-EFE.jpg?resize=750%2C503\" alt=\"\" class=\"wp-image-83819\" srcset=\"https:\/\/i0.wp.com\/blogdoeloiltoncajuhy.com.br\/site\/wp-content\/uploads\/2024\/10\/Vinicius-Junior-Vini-Jr-Real-Madrid-%E2%80%94-Foto-Julio-Munoz-EFE.jpg?w=750&amp;ssl=1 750w, https:\/\/i0.wp.com\/blogdoeloiltoncajuhy.com.br\/site\/wp-content\/uploads\/2024\/10\/Vinicius-Junior-Vini-Jr-Real-Madrid-%E2%80%94-Foto-Julio-Munoz-EFE.jpg?resize=300%2C201&amp;ssl=1 300w\" sizes=\"(max-width: 750px) 100vw, 750px\" \/><\/a><figcaption class=\"wp-element-caption\"><sub>Vini Jr., Real Madrid \u2014 Foto: Julio Munoz\/EFE<\/sub><\/figcaption><\/figure>\n\n\n\n<p>Os criminosos tamb\u00e9m foram multados \u2014 o que recebeu 22 meses deve pagar \u20ac1.084 (cerca de R$ 7 mil), e os demais, \u20ac720 (cerca de R$ 4,6 mil) cada\u2014 e sofreram uma s\u00e9rie de outras puni\u00e7\u00f5es:<\/p>\n\n\n\n<ul class=\"wp-block-list\">\n<li>Ordem de restri\u00e7\u00e3o proibindo-os de se aproximarem a menos de 1.000 metros de Vini Jr., sua resid\u00eancia ou seu local de trabalho \u2014o centro de treinamento do Real Madrid, em Valdebebas, no noroeste de Madri;<\/li>\n\n\n\n<li>Proibi\u00e7\u00e3o de se aproximarem de qualquer est\u00e1dio de futebol durante partidas da liga espanhola ou de competi\u00e7\u00f5es organizadas pela Federa\u00e7\u00e3o Espanhola de Futebol, incluindo jogos de times reservas e das equipes femininas, no per\u00edodo de quatro horas antes e depois de cada partida;<\/li>\n\n\n\n<li>Proibi\u00e7\u00e3o de qualquer forma de comunica\u00e7\u00e3o com o Vini Jr., por um per\u00edodo de quatro anos ap\u00f3s o t\u00e9rmino da pena de pris\u00e3o;<\/li>\n\n\n\n<li>Proibi\u00e7\u00e3o de atuar em ambientes de educa\u00e7\u00e3o, esportes ou lazer voltados \u00e0 juventude, por um per\u00edodo entre 3 anos e 7 meses e 4 anos e 3 meses.<\/li>\n<\/ul>\n\n\n\n<p><\/p>\n\n\n\n<p>Ainda segundo o tribunal, todos os r\u00e9us assinaram uma carta de desculpas endere\u00e7ada a Vinicius Junior, ao Real Madrid, \u00e0 LaLiga e \u00e0 Federa\u00e7\u00e3o espanhola, o que resultou em atenua\u00e7\u00e3o por repara\u00e7\u00e3o de danos. Al\u00e9m disso, dever\u00e3o concluir um programa de forma\u00e7\u00e3o sobre igualdade de tratamento e n\u00e3o discrimina\u00e7\u00e3o para que as penas de pris\u00e3o sejam suspensas.<\/p>\n\n\n\n<p>Segundo a LaLiga, o processo que gerou na condena\u00e7\u00e3o dos r\u00e9us foi iniciado ap\u00f3s uma den\u00fancia \u00e0 Justi\u00e7a espanhola apresentada por iniciativa pr\u00f3pria da organiza\u00e7\u00e3o.<\/p>\n","protected":false},"excerpt":{"rendered":"<p>Caso do boneco ocorreu antes de jogo entre Real Madrid, time de Vini Jr., e o Atl\u00e9tico de Madrid, em janeiro de 2023. Por g1 A Justi\u00e7a da Espanha condenou nesta segunda-feira (16) quatro pessoas \u00e0 pris\u00e3o pelo boneco de Vinicius Jr. &#8220;enforcado&#8221; em Madri, afirmou em comunicado a LaLiga, organizadora do campeonato espanhol de [&hellip;]<\/p>\n","protected":false},"author":2,"featured_media":67526,"comment_status":"open","ping_status":"open","sticky":false,"template":"","format":"standard","meta":{"_acf_changed":false,"_monsterinsights_skip_tracking":false,"_monsterinsights_sitenote_active":false,"_monsterinsights_sitenote_note":"","_monsterinsights_sitenote_category":0,"_jetpack_memberships_contains_paid_content":false,"footnotes":"","jetpack_publicize_message":"","jetpack_publicize_feature_enabled":true,"jetpack_social_post_already_shared":true,"jetpack_social_options":{"image_generator_settings":{"template":"highway","default_image_id":0,"font":"","enabled":false},"version":2}},"categories":[6],"tags":[],"class_list":["post-88276","post","type-post","status-publish","format-standard","has-post-thumbnail","hentry","category-esportes"],"acf":[],"jetpack_publicize_connections":[],"jetpack_featured_media_url":"https:\/\/i0.wp.com\/blogdoeloiltoncajuhy.com.br\/site\/wp-content\/uploads\/2022\/08\/Vinicius-Jr_12082022.webp?fit=984%2C730&ssl=1","jetpack_sharing_enabled":true,"publishpress_future_workflow_manual_trigger":{"enabledWorkflows":[]},"_links":{"self":[{"href":"https:\/\/blogdoeloiltoncajuhy.com.br\/site\/wp-json\/wp\/v2\/posts\/88276","targetHints":{"allow":["GET"]}}],"collection":[{"href":"https:\/\/blogdoeloiltoncajuhy.com.br\/site\/wp-json\/wp\/v2\/posts"}],"about":[{"href":"https:\/\/blogdoeloiltoncajuhy.com.br\/site\/wp-json\/wp\/v2\/types\/post"}],"author":[{"embeddable":true,"href":"https:\/\/blogdoeloiltoncajuhy.com.br\/site\/wp-json\/wp\/v2\/users\/2"}],"replies":[{"embeddable":true,"href":"https:\/\/blogdoeloiltoncajuhy.com.br\/site\/wp-json\/wp\/v2\/comments?post=88276"}],"version-history":[{"count":1,"href":"https:\/\/blogdoeloiltoncajuhy.com.br\/site\/wp-json\/wp\/v2\/posts\/88276\/revisions"}],"predecessor-version":[{"id":88277,"href":"https:\/\/blogdoeloiltoncajuhy.com.br\/site\/wp-json\/wp\/v2\/posts\/88276\/revisions\/88277"}],"wp:featuredmedia":[{"embeddable":true,"href":"https:\/\/blogdoeloiltoncajuhy.com.br\/site\/wp-json\/wp\/v2\/media\/67526"}],"wp:attachment":[{"href":"https:\/\/blogdoeloiltoncajuhy.com.br\/site\/wp-json\/wp\/v2\/media?parent=88276"}],"wp:term":[{"taxonomy":"category","embeddable":true,"href":"https:\/\/blogdoeloiltoncajuhy.com.br\/site\/wp-json\/wp\/v2\/categories?post=88276"},{"taxonomy":"post_tag","embeddable":true,"href":"https:\/\/blogdoeloiltoncajuhy.com.br\/site\/wp-json\/wp\/v2\/tags?post=88276"}],"curies":[{"name":"wp","href":"https:\/\/api.w.org\/{rel}","templated":true}]}}