{"id":88273,"date":"2025-06-16T14:31:30","date_gmt":"2025-06-16T17:31:30","guid":{"rendered":"https:\/\/blogdoeloiltoncajuhy.com.br\/site\/?p=88273"},"modified":"2025-06-16T14:31:32","modified_gmt":"2025-06-16T17:31:32","slug":"deputado-bobo-participa-de-reunioes-com-associacoes-rurais-no-distrito-de-quice","status":"publish","type":"post","link":"https:\/\/blogdoeloiltoncajuhy.com.br\/site\/deputado-bobo-participa-de-reunioes-com-associacoes-rurais-no-distrito-de-quice\/","title":{"rendered":"Deputado Bob\u00f4 participa de reuni\u00f5es com associa\u00e7\u00f5es rurais no distrito de Quic\u00e9"},"content":{"rendered":"\n<p><strong>Blog do Eloilton Cajuhy \u2013 BEC<\/strong><\/p>\n\n\n\n<figure class=\"wp-block-image aligncenter size-full\"><a href=\"https:\/\/i0.wp.com\/blogdoeloiltoncajuhy.com.br\/site\/wp-content\/uploads\/2025\/06\/Bobo-Quice-14.06.25.jpeg?ssl=1\"><img data-recalc-dims=\"1\" fetchpriority=\"high\" decoding=\"async\" width=\"760\" height=\"554\" src=\"https:\/\/i0.wp.com\/blogdoeloiltoncajuhy.com.br\/site\/wp-content\/uploads\/2025\/06\/Bobo-Quice-14.06.25.jpeg?resize=760%2C554&#038;ssl=1\" alt=\"\" class=\"wp-image-88274\" srcset=\"https:\/\/i0.wp.com\/blogdoeloiltoncajuhy.com.br\/site\/wp-content\/uploads\/2025\/06\/Bobo-Quice-14.06.25.jpeg?w=760&amp;ssl=1 760w, https:\/\/i0.wp.com\/blogdoeloiltoncajuhy.com.br\/site\/wp-content\/uploads\/2025\/06\/Bobo-Quice-14.06.25.jpeg?resize=300%2C219&amp;ssl=1 300w\" sizes=\"(max-width: 760px) 100vw, 760px\" \/><\/a><figcaption class=\"wp-element-caption\"><sub>Foto: Ascom deputado Bob\u00f4<\/sub><\/figcaption><\/figure>\n\n\n\n<p>Atendendo ao convite do vereador R\u00ea do Sindicato, o deputado estadual Bob\u00f4 esteve na tarde do \u00faltimo s\u00e1bado (14) no distrito de Quic\u00e9, onde participou de duas importantes reuni\u00f5es com representantes da agricultura familiar. A primeira reuni\u00e3o foi com os membros da Associa\u00e7\u00e3o Municipal da Agricultura Familiar e dos Artes\u00e3os de Senhor do Bonfim &#8211; Amafasb.<\/p>\n\n\n\n<p>Durante o encontro, o vereador R\u00ea anunciou publicamente que, a partir de agora, caminhar\u00e1 politicamente ao lado do deputado Bob\u00f4, refor\u00e7ando a parceria em prol do desenvolvimento da zona rural. Na ocasi\u00e3o, os associados apresentaram demandas ao parlamentar, como a extens\u00e3o de rede de abastecimento de \u00e1gua e energia el\u00e9trica para comunidades mais afastadas do distrito.<\/p>\n\n\n\n<p><a href=\"https:\/\/whatsapp.com\/channel\/0029VaAT7tDLI8Yfj5y9Z50Z\"><strong><mark style=\"background-color:rgba(0, 0, 0, 0)\" class=\"has-inline-color has-vivid-red-color\">>> Siga nosso canal no WhatsApp e veja mais not\u00edcias<\/mark><\/strong><\/a><\/p>\n\n\n\n<p>\u201cMesmo antes de anunciar a parceria com Bob\u00f4, n\u00f3s j\u00e1 trabalh\u00e1vamos para trazer investimentos para a regi\u00e3o de Quic\u00e9. Pavimentamos ruas aqui no distrito e a partir desta segunda-feira (16), ser\u00e3o iniciadas mais tr\u00eas obras de pavimenta\u00e7\u00e3o com apoio de Bob\u00f4 e do Secret\u00e1rio de Infraestrutura S\u00e9rgio Brito. As comunidades de Tei\u00fa, Cariac\u00e1 e Morrinhos ter\u00e3o seus acessos pavimentados. E o deputado Bob\u00f4 tamb\u00e9m j\u00e1 garantiu mais R$ 800 mil reais atrav\u00e9s de emenda parlamentar para novas pavimenta\u00e7\u00f5es. Essa ser\u00e1 a parceria que ir\u00e1 transformar o nosso distrito\u201d, falou R\u00ea do Sindicato.<\/p>\n\n\n\n<p>Na sequ\u00eancia, o deputado participou de uma segunda reuni\u00e3o, desta vez com membros da Associa\u00e7\u00e3o dos Pequenos Agricultores de Quic\u00e9 (Apaq), e o empres\u00e1rio Alexsandro Santana. O encontro teve como foco a cria\u00e7\u00e3o de um grupo de gest\u00e3o para organizar e garantir o funcionamento de importantes equipamentos entregues pelo Governo do Estado, como a Casa do Mel, o lactic\u00ednio e a Casa de Farinha, estruturas fundamentais para o fortalecimento da produ\u00e7\u00e3o local.<\/p>\n\n\n\n<blockquote class=\"wp-block-quote is-layout-flow wp-block-quote-is-layout-flow\">\n<p><strong><mark style=\"background-color:rgba(0, 0, 0, 0)\" class=\"has-inline-color has-black-color\">\u201cMais uma vez me coloco \u00e0 disposi\u00e7\u00e3o para buscar junto ao Governo do Estado equipamentos que potencializem a produ\u00e7\u00e3o de voc\u00eas. Saibam que voc\u00eas t\u00eam esse parceiro que tem como uma de suas principais bandeiras o associativismo e a agricultura familiar. Posso atender a demanda por uma forrageira de forma imediata e acredito que at\u00e9 ter\u00e7a-feira o equipamento j\u00e1 estar\u00e1 \u00e0 disposi\u00e7\u00e3o de voc\u00eas\u201d, anunciou Bob\u00f4.<\/mark><\/strong><\/p>\n<\/blockquote>\n","protected":false},"excerpt":{"rendered":"<p>Blog do Eloilton Cajuhy \u2013 BEC Atendendo ao convite do vereador R\u00ea do Sindicato, o deputado estadual Bob\u00f4 esteve na tarde do \u00faltimo s\u00e1bado (14) no distrito de Quic\u00e9, onde participou de duas importantes reuni\u00f5es com representantes da agricultura familiar. A primeira reuni\u00e3o foi com os membros da Associa\u00e7\u00e3o Municipal da Agricultura Familiar e dos [&hellip;]<\/p>\n","protected":false},"author":2,"featured_media":88274,"comment_status":"open","ping_status":"open","sticky":false,"template":"","format":"standard","meta":{"_acf_changed":false,"_monsterinsights_skip_tracking":false,"_monsterinsights_sitenote_active":false,"_monsterinsights_sitenote_note":"","_monsterinsights_sitenote_category":0,"_jetpack_memberships_contains_paid_content":false,"footnotes":"","jetpack_publicize_message":"","jetpack_publicize_feature_enabled":true,"jetpack_social_post_already_shared":true,"jetpack_social_options":{"image_generator_settings":{"template":"highway","default_image_id":0,"font":"","enabled":false},"version":2}},"categories":[3],"tags":[],"class_list":["post-88273","post","type-post","status-publish","format-standard","has-post-thumbnail","hentry","category-politica"],"acf":[],"jetpack_publicize_connections":[],"jetpack_featured_media_url":"https:\/\/i0.wp.com\/blogdoeloiltoncajuhy.com.br\/site\/wp-content\/uploads\/2025\/06\/Bobo-Quice-14.06.25.jpeg?fit=760%2C554&ssl=1","jetpack_sharing_enabled":true,"publishpress_future_workflow_manual_trigger":{"enabledWorkflows":[]},"_links":{"self":[{"href":"https:\/\/blogdoeloiltoncajuhy.com.br\/site\/wp-json\/wp\/v2\/posts\/88273","targetHints":{"allow":["GET"]}}],"collection":[{"href":"https:\/\/blogdoeloiltoncajuhy.com.br\/site\/wp-json\/wp\/v2\/posts"}],"about":[{"href":"https:\/\/blogdoeloiltoncajuhy.com.br\/site\/wp-json\/wp\/v2\/types\/post"}],"author":[{"embeddable":true,"href":"https:\/\/blogdoeloiltoncajuhy.com.br\/site\/wp-json\/wp\/v2\/users\/2"}],"replies":[{"embeddable":true,"href":"https:\/\/blogdoeloiltoncajuhy.com.br\/site\/wp-json\/wp\/v2\/comments?post=88273"}],"version-history":[{"count":1,"href":"https:\/\/blogdoeloiltoncajuhy.com.br\/site\/wp-json\/wp\/v2\/posts\/88273\/revisions"}],"predecessor-version":[{"id":88275,"href":"https:\/\/blogdoeloiltoncajuhy.com.br\/site\/wp-json\/wp\/v2\/posts\/88273\/revisions\/88275"}],"wp:featuredmedia":[{"embeddable":true,"href":"https:\/\/blogdoeloiltoncajuhy.com.br\/site\/wp-json\/wp\/v2\/media\/88274"}],"wp:attachment":[{"href":"https:\/\/blogdoeloiltoncajuhy.com.br\/site\/wp-json\/wp\/v2\/media?parent=88273"}],"wp:term":[{"taxonomy":"category","embeddable":true,"href":"https:\/\/blogdoeloiltoncajuhy.com.br\/site\/wp-json\/wp\/v2\/categories?post=88273"},{"taxonomy":"post_tag","embeddable":true,"href":"https:\/\/blogdoeloiltoncajuhy.com.br\/site\/wp-json\/wp\/v2\/tags?post=88273"}],"curies":[{"name":"wp","href":"https:\/\/api.w.org\/{rel}","templated":true}]}}