{"id":88266,"date":"2025-06-16T09:11:19","date_gmt":"2025-06-16T12:11:19","guid":{"rendered":"https:\/\/blogdoeloiltoncajuhy.com.br\/site\/?p=88266"},"modified":"2025-06-16T09:11:21","modified_gmt":"2025-06-16T12:11:21","slug":"quatro-pessoas-morrem-e-seis-ficam-feridas-apos-dois-acidentes-na-bahia-vitimas-voltavam-da-mesma-festa-junina","status":"publish","type":"post","link":"https:\/\/blogdoeloiltoncajuhy.com.br\/site\/quatro-pessoas-morrem-e-seis-ficam-feridas-apos-dois-acidentes-na-bahia-vitimas-voltavam-da-mesma-festa-junina\/","title":{"rendered":"Quatro pessoas morrem e seis ficam feridas ap\u00f3s dois acidentes na Bahia; v\u00edtimas voltavam da mesma festa junina"},"content":{"rendered":"\n<p class=\"has-medium-font-size\"><strong>Segundo equipes de resgate, os casos foram registrados com cinco minutos de diferen\u00e7a, mas em estradas distintas. Em uma das situa\u00e7\u00f5es, um carro bateu em um caminh\u00e3o.<\/strong><\/p>\n\n\n\n<p><strong>Por g1 Feira de Santana e regi\u00e3o<\/strong><\/p>\n\n\n\n<figure class=\"wp-block-image aligncenter size-full is-resized\"><a href=\"https:\/\/i0.wp.com\/blogdoeloiltoncajuhy.com.br\/site\/wp-content\/uploads\/2025\/06\/Tres-pessoas-morrem-e-duas-ficam-feridas-apos-batida-entre-carro-e-caminhao-%E2%80%94-Foto-Brigada-Anjos-Jacuipenses.png?ssl=1\"><img data-recalc-dims=\"1\" fetchpriority=\"high\" decoding=\"async\" width=\"395\" height=\"500\" src=\"https:\/\/i0.wp.com\/blogdoeloiltoncajuhy.com.br\/site\/wp-content\/uploads\/2025\/06\/Tres-pessoas-morrem-e-duas-ficam-feridas-apos-batida-entre-carro-e-caminhao-%E2%80%94-Foto-Brigada-Anjos-Jacuipenses.png?resize=395%2C500&#038;ssl=1\" alt=\"\" class=\"wp-image-88267\" style=\"width:508px;height:auto\" srcset=\"https:\/\/i0.wp.com\/blogdoeloiltoncajuhy.com.br\/site\/wp-content\/uploads\/2025\/06\/Tres-pessoas-morrem-e-duas-ficam-feridas-apos-batida-entre-carro-e-caminhao-%E2%80%94-Foto-Brigada-Anjos-Jacuipenses.png?w=395&amp;ssl=1 395w, https:\/\/i0.wp.com\/blogdoeloiltoncajuhy.com.br\/site\/wp-content\/uploads\/2025\/06\/Tres-pessoas-morrem-e-duas-ficam-feridas-apos-batida-entre-carro-e-caminhao-%E2%80%94-Foto-Brigada-Anjos-Jacuipenses.png?resize=237%2C300&amp;ssl=1 237w\" sizes=\"(max-width: 395px) 100vw, 395px\" \/><\/a><figcaption class=\"wp-element-caption\"><sub>Tr\u00eas pessoas morrem e duas ficam feridas ap\u00f3s batida entre carro e caminh\u00e3o na Bahia \u2014 Foto: Brigada Anjos Jacuipense<\/sub><\/figcaption><\/figure>\n\n\n\n<p>Quatro pessoas morreram e outras seis ficaram feridas ap\u00f3s se envolverem em dois acidentes de tr\u00e2nsito ocorridos na Bahia, no in\u00edcio da manh\u00e3 deste domingo (15).<\/p>\n\n\n\n<p>Todas as v\u00edtimas voltavam da mesma festa junina, realizada na cidade de Capela do Alto Alegre. Segundo os socorristas, os casos foram registrados com cinco minutos de diferen\u00e7a.<\/p>\n\n\n\n<p>O primeiro acidente aconteceu por volta das 6h15, em um trecho da BA414, na altura da cidade de Ipir\u00e1. Na ocasi\u00e3o, Willian Santana Silva, de 33 anos, morreu e outras quatro pessoas tiveram ferimentos leves depois que o carro onde estavam capotou.<\/p>\n\n\n\n<p><a href=\"https:\/\/whatsapp.com\/channel\/0029VaAT7tDLI8Yfj5y9Z50Z\"><strong><mark style=\"background-color:rgba(0, 0, 0, 0)\" class=\"has-inline-color has-vivid-red-color\">>> Siga nosso canal no WhatsApp e veja mais not\u00edcias<\/mark><\/strong><\/a><\/p>\n\n\n\n<p>Segundo informa\u00e7\u00f5es apuradas pela <strong>TV Suba\u00e9<\/strong>, quando socorristas da Associa\u00e7\u00e3o de Bombeiros Volunt\u00e1rios de Ipir\u00e1 chegaram ao local do acidente, os sobreviventes estavam fora do ve\u00edculo, \u00e0 espera de socorro. J\u00e1 Willian ficou preso nas ferragens.<\/p>\n\n\n\n<p>O homem tinha feito anivers\u00e1rio no s\u00e1bado (14) e havia escolhido a festa para comemorar. O corpo dele foi removido do local com a ajuda dos volunt\u00e1rios e foi encaminhado para o Instituto M\u00e9dico Legal (IML) da regi\u00e3o. N\u00e3o h\u00e1 detalhes sobre o sepultamento.<\/p>\n\n\n\n<p>Os sobreviventes foram levados para a Unidade de Pronto Atendimento (UPA) de Ipir\u00e1. O estado de sa\u00fade deles n\u00e3o foi detalhado. As circunst\u00e2ncias do capotamento ser\u00e3o apuradas.<\/p>\n\n\n\n<p>O outro acidente aconteceu por volta das 6h20, depois que um carro bateu em um caminh\u00e3o, na BR-324, em um trecho da cidade de Riach\u00e3o do Jacu\u00edpe.<\/p>\n\n\n\n<p>Segundo informa\u00e7\u00f5es da Brigada Anjos Jacuipenses, que atendeu a ocorr\u00eancia, tr\u00eas pessoas morreram na hora e outras duas ficaram feridas. Conforme divulgou a Prefeitura de Riach\u00e3o do Jacu\u00edpe, os mortos foram identificados como:<\/p>\n\n\n\n<ul class=\"wp-block-list\">\n<li>Leandro de Jesus Carneiro (empres\u00e1rio e estava ao volante);<\/li>\n\n\n\n<li>Leide Ana Carneiro de Almeida Carvalho (professora da rede municipal de Riach\u00e3o do Jacu\u00edpe);<\/li>\n\n\n\n<li>Mariana Oliveira dos Santos.<\/li>\n<\/ul>\n\n\n\n<p><\/p>\n\n\n\n<p>Uma das pessoas que ficou ferida \u00e9 uma jovem que teve um trauma cranioencef\u00e1lico (TCE) e hemorragia interna. Ela est\u00e1 internada em estado grave no Hospital Geral Cl\u00e9riston Andrade, em Feira de Santana.<\/p>\n\n\n\n<p>A outra sobrevivente \u00e9 esposa de Leandro. Ela est\u00e1 em observa\u00e7\u00e3o no Hospital de Riach\u00e3o do Jacu\u00edpe, sem risco de morte.<\/p>\n\n\n\n<p>Ainda n\u00e3o h\u00e1 informa\u00e7\u00f5es sobre o que causou a batida. Por causa das mortes, a Prefeitura de Riach\u00e3o do Jacu\u00edpe decretou luto de tr\u00eas dias.<\/p>\n\n\n\n<p>A Prefeitura de Capela do Alto Alegre tamb\u00e9m emitiu nota lamentando o ocorrido e se solidarizando com os familiares das v\u00edtimas.<\/p>\n","protected":false},"excerpt":{"rendered":"<p>Segundo equipes de resgate, os casos foram registrados com cinco minutos de diferen\u00e7a, mas em estradas distintas. Em uma das situa\u00e7\u00f5es, um carro bateu em um caminh\u00e3o. Por g1 Feira de Santana e regi\u00e3o Quatro pessoas morreram e outras seis ficaram feridas ap\u00f3s se envolverem em dois acidentes de tr\u00e2nsito ocorridos na Bahia, no in\u00edcio [&hellip;]<\/p>\n","protected":false},"author":2,"featured_media":88267,"comment_status":"open","ping_status":"open","sticky":false,"template":"","format":"standard","meta":{"_acf_changed":false,"_monsterinsights_skip_tracking":false,"_monsterinsights_sitenote_active":false,"_monsterinsights_sitenote_note":"","_monsterinsights_sitenote_category":0,"_jetpack_memberships_contains_paid_content":false,"footnotes":"","jetpack_publicize_message":"","jetpack_publicize_feature_enabled":true,"jetpack_social_post_already_shared":true,"jetpack_social_options":{"image_generator_settings":{"template":"highway","default_image_id":0,"font":"","enabled":false},"version":2}},"categories":[15],"tags":[],"class_list":["post-88266","post","type-post","status-publish","format-standard","has-post-thumbnail","hentry","category-policia"],"acf":[],"jetpack_publicize_connections":[],"jetpack_featured_media_url":"https:\/\/i0.wp.com\/blogdoeloiltoncajuhy.com.br\/site\/wp-content\/uploads\/2025\/06\/Tres-pessoas-morrem-e-duas-ficam-feridas-apos-batida-entre-carro-e-caminhao-%E2%80%94-Foto-Brigada-Anjos-Jacuipenses.png?fit=395%2C500&ssl=1","jetpack_sharing_enabled":true,"publishpress_future_workflow_manual_trigger":{"enabledWorkflows":[]},"_links":{"self":[{"href":"https:\/\/blogdoeloiltoncajuhy.com.br\/site\/wp-json\/wp\/v2\/posts\/88266","targetHints":{"allow":["GET"]}}],"collection":[{"href":"https:\/\/blogdoeloiltoncajuhy.com.br\/site\/wp-json\/wp\/v2\/posts"}],"about":[{"href":"https:\/\/blogdoeloiltoncajuhy.com.br\/site\/wp-json\/wp\/v2\/types\/post"}],"author":[{"embeddable":true,"href":"https:\/\/blogdoeloiltoncajuhy.com.br\/site\/wp-json\/wp\/v2\/users\/2"}],"replies":[{"embeddable":true,"href":"https:\/\/blogdoeloiltoncajuhy.com.br\/site\/wp-json\/wp\/v2\/comments?post=88266"}],"version-history":[{"count":1,"href":"https:\/\/blogdoeloiltoncajuhy.com.br\/site\/wp-json\/wp\/v2\/posts\/88266\/revisions"}],"predecessor-version":[{"id":88268,"href":"https:\/\/blogdoeloiltoncajuhy.com.br\/site\/wp-json\/wp\/v2\/posts\/88266\/revisions\/88268"}],"wp:featuredmedia":[{"embeddable":true,"href":"https:\/\/blogdoeloiltoncajuhy.com.br\/site\/wp-json\/wp\/v2\/media\/88267"}],"wp:attachment":[{"href":"https:\/\/blogdoeloiltoncajuhy.com.br\/site\/wp-json\/wp\/v2\/media?parent=88266"}],"wp:term":[{"taxonomy":"category","embeddable":true,"href":"https:\/\/blogdoeloiltoncajuhy.com.br\/site\/wp-json\/wp\/v2\/categories?post=88266"},{"taxonomy":"post_tag","embeddable":true,"href":"https:\/\/blogdoeloiltoncajuhy.com.br\/site\/wp-json\/wp\/v2\/tags?post=88266"}],"curies":[{"name":"wp","href":"https:\/\/api.w.org\/{rel}","templated":true}]}}