{"id":8823,"date":"2016-04-06T09:12:16","date_gmt":"2016-04-06T12:12:16","guid":{"rendered":"http:\/\/blogdoeloiltoncajuhy.com.br\/site\/?p=8823"},"modified":"2016-04-06T09:12:16","modified_gmt":"2016-04-06T12:12:16","slug":"gente-que-faz-historia-hoje-e-aniversario-de-marina-elali-neta-de-ze-dantas","status":"publish","type":"post","link":"https:\/\/blogdoeloiltoncajuhy.com.br\/site\/gente-que-faz-historia-hoje-e-aniversario-de-marina-elali-neta-de-ze-dantas\/","title":{"rendered":"GENTE QUE FAZ HIST\u00d3RIA &#8211; Hoje \u00e9 anivers\u00e1rio de Marina Elali, neta de Z\u00e9 Dantas"},"content":{"rendered":"<p><em><strong>Marina de Souza Dantas Elali nasceu em Natal (RN), em 6 de abril de 1982. Cantora e compositora.<\/strong><\/em><\/p>\n<figure id=\"attachment_8824\" aria-describedby=\"caption-attachment-8824\" style=\"width: 600px\" class=\"wp-caption aligncenter\"><a href=\"https:\/\/i0.wp.com\/blogdoeloiltoncajuhy.com.br\/site\/wp-content\/uploads\/2016\/04\/marina-elali1.jpg\" rel=\"attachment wp-att-8824\"><img data-recalc-dims=\"1\" fetchpriority=\"high\" decoding=\"async\" class=\"wp-image-8824 size-full\" src=\"https:\/\/i0.wp.com\/blogdoeloiltoncajuhy.com.br\/site\/wp-content\/uploads\/2016\/04\/marina-elali1.jpg?resize=600%2C451\" alt=\"marina-elali1\" width=\"600\" height=\"451\" srcset=\"https:\/\/i0.wp.com\/blogdoeloiltoncajuhy.com.br\/site\/wp-content\/uploads\/2016\/04\/marina-elali1.jpg?w=600&amp;ssl=1 600w, https:\/\/i0.wp.com\/blogdoeloiltoncajuhy.com.br\/site\/wp-content\/uploads\/2016\/04\/marina-elali1.jpg?resize=300%2C226&amp;ssl=1 300w, https:\/\/i0.wp.com\/blogdoeloiltoncajuhy.com.br\/site\/wp-content\/uploads\/2016\/04\/marina-elali1.jpg?resize=250%2C188&amp;ssl=1 250w\" sizes=\"(max-width: 600px) 100vw, 600px\" \/><\/a><figcaption id=\"caption-attachment-8824\" class=\"wp-caption-text\">Foto: Divulga\u00e7\u00e3o<\/figcaption><\/figure>\n<p>Formada em m\u00fasica e canto, depois de uma temporada nos EUA, a artista participou do programa FAMA, da Rede Globo, e logo emplacou a m\u00fasica \u201cVoc\u00ea\u201d, de Roberto e Erasmo Carlos, como tema de Deborah Secco e Murilo Ben\u00edcio na novela \u201cAm\u00e9rica\u201d, na qual fez uma participa\u00e7\u00e3o especial no \u00faltimo cap\u00edtulo.<\/p>\n<p>Al\u00e9m de novelas, filmes, miniss\u00e9ries e especiais, a cantora j\u00e1 participou de v\u00e1rios programas televisivos. Em 2012, Marina participou da miniss\u00e9rie da Rede Globo &#8220;O Brado Retumbante&#8221;. Em 2013, foi jurada do quadro \u201cMulheres que Brilham\u201d do \u201cPrograma Raul Gil\u201d.<\/p>\n<p>No cinema, a voz de Marina marcou temas dos filmes \u201cSe Eu Fosse Voc\u00ea\u201d, \u201cA Fronteira\u201d, \u201cDidi, o Cupido Trapalh\u00e3o\u201d e \u201cSeguran\u00e7a Nacional\u201d, onde tamb\u00e9m fez uma participa\u00e7\u00e3o especial interpretando o Hino Nacional.<\/p>\n<p>Entre os sucessos se destacam &#8220;Eu Vou Seguir&#8221;, tema de M\u00edriam, personagem de Gabriela Duarte na novela Sete Pecados e \u201cOne Last Cry\u201d, tema de Nanda, interpretada por Fernanda Vasconcellos na novela P\u00e1ginas da Vida \u2013 uma das m\u00fasicas mais executadas em todo o pa\u00eds entre 2006\/2007.<\/p>\n<p>Marina lan\u00e7ou um CD\/DVD intitulado \u201cMarina Elali Duetos \u2013 Homenagem a Luiz Gonzaga e Z\u00e9 Dantas\u201d. O trabalho foi gravado no Recife (PE) em homenagem a dois pernambucanos ilustres: Luiz Gonzaga, o \u201cRei do Bai\u00e3o\u201d, e Z\u00e9 Dantas, compositor, principal parceiro de Gonzag\u00e3o, e av\u00f4 materno de Marina.<\/p>\n<p>Um momento carregado de emo\u00e7\u00e3o no DVD acontece durante a m\u00fasica \u201cA Letra I\u201d, onde Marina canta ao lado do av\u00f4 Z\u00e9 Dantas &#8211; que n\u00e3o teve a oportunidade de conhecer.<\/p>\n<figure id=\"attachment_8825\" aria-describedby=\"caption-attachment-8825\" style=\"width: 1800px\" class=\"wp-caption aligncenter\"><a href=\"https:\/\/i0.wp.com\/blogdoeloiltoncajuhy.com.br\/site\/wp-content\/uploads\/2016\/04\/marina-elali2.jpg\" rel=\"attachment wp-att-8825\"><img data-recalc-dims=\"1\" decoding=\"async\" class=\"wp-image-8825 size-full\" src=\"https:\/\/i0.wp.com\/blogdoeloiltoncajuhy.com.br\/site\/wp-content\/uploads\/2016\/04\/marina-elali2.jpg?resize=800%2C533\" alt=\"marina-elali2\" width=\"800\" height=\"533\" srcset=\"https:\/\/i0.wp.com\/blogdoeloiltoncajuhy.com.br\/site\/wp-content\/uploads\/2016\/04\/marina-elali2.jpg?w=1800&amp;ssl=1 1800w, https:\/\/i0.wp.com\/blogdoeloiltoncajuhy.com.br\/site\/wp-content\/uploads\/2016\/04\/marina-elali2.jpg?resize=300%2C200&amp;ssl=1 300w, https:\/\/i0.wp.com\/blogdoeloiltoncajuhy.com.br\/site\/wp-content\/uploads\/2016\/04\/marina-elali2.jpg?resize=768%2C512&amp;ssl=1 768w, https:\/\/i0.wp.com\/blogdoeloiltoncajuhy.com.br\/site\/wp-content\/uploads\/2016\/04\/marina-elali2.jpg?resize=1024%2C683&amp;ssl=1 1024w, https:\/\/i0.wp.com\/blogdoeloiltoncajuhy.com.br\/site\/wp-content\/uploads\/2016\/04\/marina-elali2.jpg?resize=250%2C167&amp;ssl=1 250w, https:\/\/i0.wp.com\/blogdoeloiltoncajuhy.com.br\/site\/wp-content\/uploads\/2016\/04\/marina-elali2.jpg?w=1600 1600w\" sizes=\"(max-width: 800px) 100vw, 800px\" \/><\/a><figcaption id=\"caption-attachment-8825\" class=\"wp-caption-text\">Foto: Divulga\u00e7\u00e3o<\/figcaption><\/figure>\n<p><em>*Wikip\u00e9dia<\/em><\/p>\n","protected":false},"excerpt":{"rendered":"<p>Marina de Souza Dantas Elali nasceu em Natal (RN), em 6 de abril de 1982. Cantora e compositora. Formada em m\u00fasica e canto, depois de uma temporada nos EUA, a artista participou do programa FAMA, da Rede Globo, e logo emplacou a m\u00fasica \u201cVoc\u00ea\u201d, de Roberto e Erasmo Carlos, como tema de Deborah Secco e [&hellip;]<\/p>\n","protected":false},"author":2,"featured_media":8825,"comment_status":"open","ping_status":"open","sticky":false,"template":"","format":"standard","meta":{"_acf_changed":false,"_monsterinsights_skip_tracking":false,"_monsterinsights_sitenote_active":false,"_monsterinsights_sitenote_note":"","_monsterinsights_sitenote_category":0,"_jetpack_memberships_contains_paid_content":false,"footnotes":"","jetpack_publicize_message":"","jetpack_publicize_feature_enabled":true,"jetpack_social_post_already_shared":true,"jetpack_social_options":{"image_generator_settings":{"template":"highway","default_image_id":0,"font":"","enabled":false},"version":2}},"categories":[8,12,1],"tags":[],"class_list":["post-8823","post","type-post","status-publish","format-standard","has-post-thumbnail","hentry","category-cultura","category-gente-que-faz-a-nossa-historia","category-noticias"],"acf":[],"jetpack_publicize_connections":[],"jetpack_featured_media_url":"https:\/\/i0.wp.com\/blogdoeloiltoncajuhy.com.br\/site\/wp-content\/uploads\/2016\/04\/marina-elali2.jpg?fit=1800%2C1200&ssl=1","jetpack_sharing_enabled":true,"publishpress_future_workflow_manual_trigger":{"enabledWorkflows":[]},"_links":{"self":[{"href":"https:\/\/blogdoeloiltoncajuhy.com.br\/site\/wp-json\/wp\/v2\/posts\/8823","targetHints":{"allow":["GET"]}}],"collection":[{"href":"https:\/\/blogdoeloiltoncajuhy.com.br\/site\/wp-json\/wp\/v2\/posts"}],"about":[{"href":"https:\/\/blogdoeloiltoncajuhy.com.br\/site\/wp-json\/wp\/v2\/types\/post"}],"author":[{"embeddable":true,"href":"https:\/\/blogdoeloiltoncajuhy.com.br\/site\/wp-json\/wp\/v2\/users\/2"}],"replies":[{"embeddable":true,"href":"https:\/\/blogdoeloiltoncajuhy.com.br\/site\/wp-json\/wp\/v2\/comments?post=8823"}],"version-history":[{"count":1,"href":"https:\/\/blogdoeloiltoncajuhy.com.br\/site\/wp-json\/wp\/v2\/posts\/8823\/revisions"}],"predecessor-version":[{"id":8826,"href":"https:\/\/blogdoeloiltoncajuhy.com.br\/site\/wp-json\/wp\/v2\/posts\/8823\/revisions\/8826"}],"wp:featuredmedia":[{"embeddable":true,"href":"https:\/\/blogdoeloiltoncajuhy.com.br\/site\/wp-json\/wp\/v2\/media\/8825"}],"wp:attachment":[{"href":"https:\/\/blogdoeloiltoncajuhy.com.br\/site\/wp-json\/wp\/v2\/media?parent=8823"}],"wp:term":[{"taxonomy":"category","embeddable":true,"href":"https:\/\/blogdoeloiltoncajuhy.com.br\/site\/wp-json\/wp\/v2\/categories?post=8823"},{"taxonomy":"post_tag","embeddable":true,"href":"https:\/\/blogdoeloiltoncajuhy.com.br\/site\/wp-json\/wp\/v2\/tags?post=8823"}],"curies":[{"name":"wp","href":"https:\/\/api.w.org\/{rel}","templated":true}]}}