{"id":88155,"date":"2025-06-09T17:31:34","date_gmt":"2025-06-09T20:31:34","guid":{"rendered":"https:\/\/blogdoeloiltoncajuhy.com.br\/site\/?p=88155"},"modified":"2025-06-09T17:32:54","modified_gmt":"2025-06-09T20:32:54","slug":"embasa-vai-interromper-abastecimento-de-agua-para-instalacao-de-hidrantes-em-ruas-de-bonfim","status":"publish","type":"post","link":"https:\/\/blogdoeloiltoncajuhy.com.br\/site\/embasa-vai-interromper-abastecimento-de-agua-para-instalacao-de-hidrantes-em-ruas-de-bonfim\/","title":{"rendered":"Embasa vai interromper abastecimento de \u00e1gua para instala\u00e7\u00e3o de hidrantes em ruas de Bonfim"},"content":{"rendered":"\n<p><strong>Blog do Eloilton Cajuhy \u2013 BEC<\/strong><\/p>\n\n\n\n<figure class=\"wp-block-image aligncenter size-full is-resized\"><a href=\"https:\/\/i0.wp.com\/blogdoeloiltoncajuhy.com.br\/site\/wp-content\/uploads\/2025\/06\/Hidrante-1.jpg\"><img data-recalc-dims=\"1\" fetchpriority=\"high\" decoding=\"async\" width=\"760\" height=\"507\" src=\"https:\/\/i0.wp.com\/blogdoeloiltoncajuhy.com.br\/site\/wp-content\/uploads\/2025\/06\/Hidrante-1.jpg?resize=760%2C507\" alt=\"\" class=\"wp-image-88156\" style=\"width:643px;height:auto\" srcset=\"https:\/\/i0.wp.com\/blogdoeloiltoncajuhy.com.br\/site\/wp-content\/uploads\/2025\/06\/Hidrante-1.jpg?w=760&amp;ssl=1 760w, https:\/\/i0.wp.com\/blogdoeloiltoncajuhy.com.br\/site\/wp-content\/uploads\/2025\/06\/Hidrante-1.jpg?resize=300%2C200&amp;ssl=1 300w\" sizes=\"(max-width: 760px) 100vw, 760px\" \/><\/a><figcaption class=\"wp-element-caption\"><sub>Imagem ilustrativa \/ Reprodu\u00e7\u00e3o Internet<\/sub><\/figcaption><\/figure>\n\n\n\n<p>A Embasa publicou nota nesta segunda-feira (09) para informar que o abastecimento de \u00e1gua ser\u00e1 interrompido em alguns pontos da cidade nesta ter\u00e7a-feira (10), para possibilitar a instala\u00e7\u00e3o de hidrantes de combate a inc\u00eandio na sede municipal de Senhor do Bonfim.<\/p>\n\n\n\n<p><a href=\"https:\/\/whatsapp.com\/channel\/0029VaAT7tDLI8Yfj5y9Z50Z\"><strong><mark style=\"background-color:rgba(0, 0, 0, 0)\" class=\"has-inline-color has-vivid-red-color\">&gt;&gt; Siga nosso canal no WhatsApp e veja mais not\u00edcias<\/mark><\/strong><\/a><\/p>\n\n\n\n<p>O servi\u00e7o vai abranger seguintes os bairros: Centro, Bom Jardim, Lu\u00eds Eduardo Magalh\u00e3es (Alto do Cigano), Santos Dumont, Marista, Derba, Buri\u00e1, Itamaraty, Rua Carrapichel, Avenida Juazeiro, Bosque Vila Nova, parte do Alto da Maravilha e imedia\u00e7\u00f5es da Rua da Lagoa.<\/p>\n\n\n\n<p>De acordo com a empresa, a previs\u00e3o \u00e9 que o servi\u00e7o seja conclu\u00eddo na manh\u00e3 de quarta-feira (11), quando o fornecimento come\u00e7ar\u00e1 a ser retomado, aos poucos, para as \u00e1reas afetadas, com expectativa de regulariza\u00e7\u00e3o nas 48h seguintes.<\/p>\n\n\n\n<p>At\u00e9 que a situa\u00e7\u00e3o seja normalizada, a Embasa recomenda o uso econ\u00f4mico da \u00e1gua armazenada nos reservat\u00f3rios domiciliares.<\/p>\n","protected":false},"excerpt":{"rendered":"<p>Blog do Eloilton Cajuhy \u2013 BEC A Embasa publicou nota nesta segunda-feira (09) para informar que o abastecimento de \u00e1gua ser\u00e1 interrompido em alguns pontos da cidade nesta ter\u00e7a-feira (10), para possibilitar a instala\u00e7\u00e3o de hidrantes de combate a inc\u00eandio na sede municipal de Senhor do Bonfim. &gt;&gt; Siga nosso canal no WhatsApp e veja [&hellip;]<\/p>\n","protected":false},"author":2,"featured_media":88156,"comment_status":"open","ping_status":"open","sticky":false,"template":"","format":"standard","meta":{"_acf_changed":false,"_monsterinsights_skip_tracking":false,"_monsterinsights_sitenote_active":false,"_monsterinsights_sitenote_note":"","_monsterinsights_sitenote_category":0,"_jetpack_memberships_contains_paid_content":false,"footnotes":"","jetpack_publicize_message":"","jetpack_publicize_feature_enabled":true,"jetpack_social_post_already_shared":true,"jetpack_social_options":{"image_generator_settings":{"template":"highway","default_image_id":0,"font":"","enabled":false},"version":2}},"categories":[4],"tags":[],"class_list":["post-88155","post","type-post","status-publish","format-standard","has-post-thumbnail","hentry","category-local"],"acf":[],"jetpack_publicize_connections":[],"jetpack_featured_media_url":"https:\/\/i0.wp.com\/blogdoeloiltoncajuhy.com.br\/site\/wp-content\/uploads\/2025\/06\/Hidrante-1.jpg?fit=760%2C507&ssl=1","jetpack_sharing_enabled":true,"publishpress_future_workflow_manual_trigger":{"enabledWorkflows":[]},"_links":{"self":[{"href":"https:\/\/blogdoeloiltoncajuhy.com.br\/site\/wp-json\/wp\/v2\/posts\/88155","targetHints":{"allow":["GET"]}}],"collection":[{"href":"https:\/\/blogdoeloiltoncajuhy.com.br\/site\/wp-json\/wp\/v2\/posts"}],"about":[{"href":"https:\/\/blogdoeloiltoncajuhy.com.br\/site\/wp-json\/wp\/v2\/types\/post"}],"author":[{"embeddable":true,"href":"https:\/\/blogdoeloiltoncajuhy.com.br\/site\/wp-json\/wp\/v2\/users\/2"}],"replies":[{"embeddable":true,"href":"https:\/\/blogdoeloiltoncajuhy.com.br\/site\/wp-json\/wp\/v2\/comments?post=88155"}],"version-history":[{"count":2,"href":"https:\/\/blogdoeloiltoncajuhy.com.br\/site\/wp-json\/wp\/v2\/posts\/88155\/revisions"}],"predecessor-version":[{"id":88158,"href":"https:\/\/blogdoeloiltoncajuhy.com.br\/site\/wp-json\/wp\/v2\/posts\/88155\/revisions\/88158"}],"wp:featuredmedia":[{"embeddable":true,"href":"https:\/\/blogdoeloiltoncajuhy.com.br\/site\/wp-json\/wp\/v2\/media\/88156"}],"wp:attachment":[{"href":"https:\/\/blogdoeloiltoncajuhy.com.br\/site\/wp-json\/wp\/v2\/media?parent=88155"}],"wp:term":[{"taxonomy":"category","embeddable":true,"href":"https:\/\/blogdoeloiltoncajuhy.com.br\/site\/wp-json\/wp\/v2\/categories?post=88155"},{"taxonomy":"post_tag","embeddable":true,"href":"https:\/\/blogdoeloiltoncajuhy.com.br\/site\/wp-json\/wp\/v2\/tags?post=88155"}],"curies":[{"name":"wp","href":"https:\/\/api.w.org\/{rel}","templated":true}]}}