{"id":88142,"date":"2025-06-09T16:12:23","date_gmt":"2025-06-09T19:12:23","guid":{"rendered":"https:\/\/blogdoeloiltoncajuhy.com.br\/site\/?p=88142"},"modified":"2025-06-09T16:12:25","modified_gmt":"2025-06-09T19:12:25","slug":"bonfim-6o-bpm-recebe-grupo-de-alunos-do-curso-de-formacao-de-soldados-para-reforcar-operacao-comercio-em-seguranca","status":"publish","type":"post","link":"https:\/\/blogdoeloiltoncajuhy.com.br\/site\/bonfim-6o-bpm-recebe-grupo-de-alunos-do-curso-de-formacao-de-soldados-para-reforcar-operacao-comercio-em-seguranca\/","title":{"rendered":"Bonfim: 6\u00ba BPM recebe grupo de alunos do Curso de Forma\u00e7\u00e3o de Soldados para refor\u00e7ar Opera\u00e7\u00e3o &#8216;Com\u00e9rcio em Seguran\u00e7a&#8217;"},"content":{"rendered":"\n<p class=\"has-medium-font-size\"><strong>Grupamento atuar\u00e1 at\u00e9 o dia 18 de junho em nossa cidade.<\/strong><\/p>\n\n\n\n<p><strong>Por Blog do Eloilton Cajuhy \u2013 BEC<\/strong><\/p>\n\n\n\n<figure class=\"wp-block-image aligncenter size-full\"><a href=\"https:\/\/i0.wp.com\/blogdoeloiltoncajuhy.com.br\/site\/wp-content\/uploads\/2025\/06\/PM-Bonfim_Operacao-comercio-emm-seguranca.png?ssl=1\"><img data-recalc-dims=\"1\" fetchpriority=\"high\" decoding=\"async\" width=\"492\" height=\"557\" src=\"https:\/\/i0.wp.com\/blogdoeloiltoncajuhy.com.br\/site\/wp-content\/uploads\/2025\/06\/PM-Bonfim_Operacao-comercio-emm-seguranca.png?resize=492%2C557&#038;ssl=1\" alt=\"\" class=\"wp-image-88143\" srcset=\"https:\/\/i0.wp.com\/blogdoeloiltoncajuhy.com.br\/site\/wp-content\/uploads\/2025\/06\/PM-Bonfim_Operacao-comercio-emm-seguranca.png?w=492&amp;ssl=1 492w, https:\/\/i0.wp.com\/blogdoeloiltoncajuhy.com.br\/site\/wp-content\/uploads\/2025\/06\/PM-Bonfim_Operacao-comercio-emm-seguranca.png?resize=265%2C300&amp;ssl=1 265w\" sizes=\"(max-width: 492px) 100vw, 492px\" \/><\/a><figcaption class=\"wp-element-caption\"><sub>Alunos do Curso de Forma\u00e7\u00e3o da Soldados da PM-BA refor\u00e7am a seguran\u00e7a no com\u00e9rcio de Senhor do Bonfim &#8211; Foto: Divulga\u00e7\u00e3o \/ 6\u00ba BPM<\/sub><\/figcaption><\/figure>\n\n\n\n<p><a href=\"https:\/\/whatsapp.com\/channel\/0029VaAT7tDLI8Yfj5y9Z50Z\"><strong><mark style=\"background-color:rgba(0, 0, 0, 0)\" class=\"has-inline-color has-vivid-red-color\">>> Siga nosso canal no WhatsApp e veja mais not\u00edcias<\/mark><\/strong><\/a><\/p>\n\n\n\n<p>O 6\u00ba Batalh\u00e3o de Pol\u00edcia Militar de Senhor do Bonfim recebeu nesta segunda-feira (09), grupamento de alunos do Curso de Forma\u00e7\u00e3o de Soldados oriundos do 3\u00b0Batalh\u00e3o de Ensino Instru\u00e7\u00e3o e Capacita\u00e7\u00e3o (BEIC), sediado em Juazeiro, e que est\u00e3o em est\u00e1gios supervisionados.<\/p>\n\n\n\n<p>Eles v\u00eam para refor\u00e7ar a Opera\u00e7\u00e3o &#8220;Com\u00e9rcio em Seguran\u00e7a&#8221; e atuar\u00e3o at\u00e9 o dia 18 de junho em nossa cidade. Acompanhados pelo Tenente PM Mello Dantas ( 3\u00b0 BEIC), os futuros PMs foram recepcionados pelo Major PM Robston Andr\u00e9, que representou o Comando do 6\u00ba BPM.<\/p>\n\n\n\n<p>&#8220;\u00c9 um momento muito importante, tanto para os nossos instruendos que t\u00eam a oportunidade de aperfei\u00e7oamento profissional neste momento efervescente desta urbe, em virtude do clima de festejos Juninos e aquecimento do com\u00e9rcio, bem como para a nossa cidade, que recebe um refor\u00e7o consider\u00e1vel no policiamento Ostensivo do centro comercial&#8221;, pontuou o Tenente-Coronel PM Mascarenhas, Comandante do 6\u00b0BPM.<\/p>\n","protected":false},"excerpt":{"rendered":"<p>Grupamento atuar\u00e1 at\u00e9 o dia 18 de junho em nossa cidade. Por Blog do Eloilton Cajuhy \u2013 BEC >> Siga nosso canal no WhatsApp e veja mais not\u00edcias O 6\u00ba Batalh\u00e3o de Pol\u00edcia Militar de Senhor do Bonfim recebeu nesta segunda-feira (09), grupamento de alunos do Curso de Forma\u00e7\u00e3o de Soldados oriundos do 3\u00b0Batalh\u00e3o de [&hellip;]<\/p>\n","protected":false},"author":2,"featured_media":88143,"comment_status":"open","ping_status":"open","sticky":false,"template":"","format":"standard","meta":{"_acf_changed":false,"_monsterinsights_skip_tracking":false,"_monsterinsights_sitenote_active":false,"_monsterinsights_sitenote_note":"","_monsterinsights_sitenote_category":0,"_jetpack_memberships_contains_paid_content":false,"footnotes":"","jetpack_publicize_message":"","jetpack_publicize_feature_enabled":true,"jetpack_social_post_already_shared":true,"jetpack_social_options":{"image_generator_settings":{"template":"highway","default_image_id":0,"font":"","enabled":false},"version":2}},"categories":[4],"tags":[],"class_list":["post-88142","post","type-post","status-publish","format-standard","has-post-thumbnail","hentry","category-local"],"acf":[],"jetpack_publicize_connections":[],"jetpack_featured_media_url":"https:\/\/i0.wp.com\/blogdoeloiltoncajuhy.com.br\/site\/wp-content\/uploads\/2025\/06\/PM-Bonfim_Operacao-comercio-emm-seguranca.png?fit=492%2C557&ssl=1","jetpack_sharing_enabled":true,"publishpress_future_workflow_manual_trigger":{"enabledWorkflows":[]},"_links":{"self":[{"href":"https:\/\/blogdoeloiltoncajuhy.com.br\/site\/wp-json\/wp\/v2\/posts\/88142","targetHints":{"allow":["GET"]}}],"collection":[{"href":"https:\/\/blogdoeloiltoncajuhy.com.br\/site\/wp-json\/wp\/v2\/posts"}],"about":[{"href":"https:\/\/blogdoeloiltoncajuhy.com.br\/site\/wp-json\/wp\/v2\/types\/post"}],"author":[{"embeddable":true,"href":"https:\/\/blogdoeloiltoncajuhy.com.br\/site\/wp-json\/wp\/v2\/users\/2"}],"replies":[{"embeddable":true,"href":"https:\/\/blogdoeloiltoncajuhy.com.br\/site\/wp-json\/wp\/v2\/comments?post=88142"}],"version-history":[{"count":1,"href":"https:\/\/blogdoeloiltoncajuhy.com.br\/site\/wp-json\/wp\/v2\/posts\/88142\/revisions"}],"predecessor-version":[{"id":88144,"href":"https:\/\/blogdoeloiltoncajuhy.com.br\/site\/wp-json\/wp\/v2\/posts\/88142\/revisions\/88144"}],"wp:featuredmedia":[{"embeddable":true,"href":"https:\/\/blogdoeloiltoncajuhy.com.br\/site\/wp-json\/wp\/v2\/media\/88143"}],"wp:attachment":[{"href":"https:\/\/blogdoeloiltoncajuhy.com.br\/site\/wp-json\/wp\/v2\/media?parent=88142"}],"wp:term":[{"taxonomy":"category","embeddable":true,"href":"https:\/\/blogdoeloiltoncajuhy.com.br\/site\/wp-json\/wp\/v2\/categories?post=88142"},{"taxonomy":"post_tag","embeddable":true,"href":"https:\/\/blogdoeloiltoncajuhy.com.br\/site\/wp-json\/wp\/v2\/tags?post=88142"}],"curies":[{"name":"wp","href":"https:\/\/api.w.org\/{rel}","templated":true}]}}