{"id":88139,"date":"2025-06-09T15:02:40","date_gmt":"2025-06-09T18:02:40","guid":{"rendered":"https:\/\/blogdoeloiltoncajuhy.com.br\/site\/?p=88139"},"modified":"2025-06-09T15:02:42","modified_gmt":"2025-06-09T18:02:42","slug":"selecao-bonfinense-sub-15-ganha-zonal-e-vai-disputar-a-copa-2-de-julho","status":"publish","type":"post","link":"https:\/\/blogdoeloiltoncajuhy.com.br\/site\/selecao-bonfinense-sub-15-ganha-zonal-e-vai-disputar-a-copa-2-de-julho\/","title":{"rendered":"Sele\u00e7\u00e3o Bonfinense Sub-15 ganha zonal e vai disputar a Copa 2 de Julho"},"content":{"rendered":"\n<p class=\"has-medium-font-size\"><strong>Garotada sagrou-se campe\u00e3 do zonal invicta e sem tomar gols.<\/strong><\/p>\n\n\n\n<p><strong>Por Blog do Eloilton Cajuhy \u2013 BEC<\/strong><\/p>\n\n\n\n<figure class=\"wp-block-image aligncenter size-full\"><a href=\"https:\/\/i0.wp.com\/blogdoeloiltoncajuhy.com.br\/site\/wp-content\/uploads\/2025\/06\/Selecao-Bonfinense-Sub-15-2025-06-09.jpeg?ssl=1\"><img data-recalc-dims=\"1\" fetchpriority=\"high\" decoding=\"async\" width=\"760\" height=\"504\" src=\"https:\/\/i0.wp.com\/blogdoeloiltoncajuhy.com.br\/site\/wp-content\/uploads\/2025\/06\/Selecao-Bonfinense-Sub-15-2025-06-09.jpeg?resize=760%2C504&#038;ssl=1\" alt=\"\" class=\"wp-image-88140\" srcset=\"https:\/\/i0.wp.com\/blogdoeloiltoncajuhy.com.br\/site\/wp-content\/uploads\/2025\/06\/Selecao-Bonfinense-Sub-15-2025-06-09.jpeg?w=760&amp;ssl=1 760w, https:\/\/i0.wp.com\/blogdoeloiltoncajuhy.com.br\/site\/wp-content\/uploads\/2025\/06\/Selecao-Bonfinense-Sub-15-2025-06-09.jpeg?resize=300%2C199&amp;ssl=1 300w\" sizes=\"(max-width: 760px) 100vw, 760px\" \/><\/a><figcaption class=\"wp-element-caption\"><sub>Sele\u00e7\u00e3o Bonfinense Sub-15 ganha zonal e vai disputar a Copa 2 de Julho<\/sub><\/figcaption><\/figure>\n\n\n\n<p>A Sele\u00e7\u00e3o Bonfinense Sub-15 fez uma grande campanha e se classificou para disputar a Copa 2 de Julho, sendo a campe\u00e3 da Etapa Regional, realizada neste domingo (08), no Est\u00e1dio Adauto Moraes, em Juazeiro. Os comandados do t\u00e9cnico Cleison Santos, Cleisinho, conquistaram o t\u00edtulo de forma invicta e sem tomar gols.<\/p>\n\n\n\n<p class=\"has-black-color has-text-color has-link-color wp-elements-a138cf3035d2d9cca49f713304c93326\"><strong>Na primeira Etapa, Zonal Jaguarari, os resultados foram os seguintes:<\/strong><\/p>\n\n\n\n<ul class=\"wp-block-list\">\n<li>Senhor do Bonfim 3&#215;0 Andorinha<br><\/li>\n<\/ul>\n\n\n\n<ul class=\"wp-block-list\">\n<li>Senhor do Bonfim 2&#215;0 Jaguarari<br><\/li>\n<\/ul>\n\n\n\n<ul class=\"wp-block-list\">\n<li>Senhor do Bonfim 0x0 Campo Formoso<\/li>\n<\/ul>\n\n\n\n<p><\/p>\n\n\n\n<p class=\"has-black-color has-text-color has-link-color wp-elements-dfbb4f6f62f0315d51320a31313db932\"><strong>Na segunda Etapa Regional Juazeiro:<\/strong><\/p>\n\n\n\n<ul class=\"wp-block-list\">\n<li>1\u00b0 Jogo Semifinal &#8211; Senhor do Bonfim 1&#215;0 Santo S\u00e9<br><\/li>\n<\/ul>\n\n\n\n<ul class=\"wp-block-list\">\n<li>2\u00b0 Jogo Final &#8211; Senhor do Bonfim 2&#215;0 Rodelas<\/li>\n<\/ul>\n\n\n\n<p><\/p>\n\n\n\n<p>Nossa sele\u00e7\u00e3o ainda teve o Artilheiro da competi\u00e7\u00e3o, Gabriel, com 4 gols, e o Melhor Jogador, Heitor Borges.<\/p>\n\n\n\n<p>O sorteio dos grupos para defini\u00e7\u00e3o dos jogos da primeira fase vai acontecer na pr\u00f3xima quarta-feira (11), em Salvador.<\/p>\n\n\n\n<p>A Copa 2 de Julho de Futebol \u00e9 realizada pelo Governo da Bahia, por meio da Sudesb, autarquia vinculada \u00e0 Secretaria do Trabalho e Esporte (Setre).<\/p>\n\n\n\n<p><a href=\"https:\/\/whatsapp.com\/channel\/0029VaAT7tDLI8Yfj5y9Z50Z\"><strong><mark style=\"background-color:rgba(0, 0, 0, 0)\" class=\"has-inline-color has-vivid-red-color\">>> Siga nosso canal no WhatsApp e veja mais not\u00edcias<\/mark><\/strong><\/a><\/p>\n","protected":false},"excerpt":{"rendered":"<p>Garotada sagrou-se campe\u00e3 do zonal invicta e sem tomar gols. Por Blog do Eloilton Cajuhy \u2013 BEC A Sele\u00e7\u00e3o Bonfinense Sub-15 fez uma grande campanha e se classificou para disputar a Copa 2 de Julho, sendo a campe\u00e3 da Etapa Regional, realizada neste domingo (08), no Est\u00e1dio Adauto Moraes, em Juazeiro. Os comandados do t\u00e9cnico [&hellip;]<\/p>\n","protected":false},"author":2,"featured_media":88140,"comment_status":"open","ping_status":"open","sticky":false,"template":"","format":"standard","meta":{"_acf_changed":false,"_monsterinsights_skip_tracking":false,"_monsterinsights_sitenote_active":false,"_monsterinsights_sitenote_note":"","_monsterinsights_sitenote_category":0,"_jetpack_memberships_contains_paid_content":false,"footnotes":"","jetpack_publicize_message":"","jetpack_publicize_feature_enabled":true,"jetpack_social_post_already_shared":true,"jetpack_social_options":{"image_generator_settings":{"template":"highway","default_image_id":0,"font":"","enabled":false},"version":2}},"categories":[6],"tags":[],"class_list":["post-88139","post","type-post","status-publish","format-standard","has-post-thumbnail","hentry","category-esportes"],"acf":[],"jetpack_publicize_connections":[],"jetpack_featured_media_url":"https:\/\/i0.wp.com\/blogdoeloiltoncajuhy.com.br\/site\/wp-content\/uploads\/2025\/06\/Selecao-Bonfinense-Sub-15-2025-06-09.jpeg?fit=760%2C504&ssl=1","jetpack_sharing_enabled":true,"publishpress_future_workflow_manual_trigger":{"enabledWorkflows":[]},"_links":{"self":[{"href":"https:\/\/blogdoeloiltoncajuhy.com.br\/site\/wp-json\/wp\/v2\/posts\/88139","targetHints":{"allow":["GET"]}}],"collection":[{"href":"https:\/\/blogdoeloiltoncajuhy.com.br\/site\/wp-json\/wp\/v2\/posts"}],"about":[{"href":"https:\/\/blogdoeloiltoncajuhy.com.br\/site\/wp-json\/wp\/v2\/types\/post"}],"author":[{"embeddable":true,"href":"https:\/\/blogdoeloiltoncajuhy.com.br\/site\/wp-json\/wp\/v2\/users\/2"}],"replies":[{"embeddable":true,"href":"https:\/\/blogdoeloiltoncajuhy.com.br\/site\/wp-json\/wp\/v2\/comments?post=88139"}],"version-history":[{"count":1,"href":"https:\/\/blogdoeloiltoncajuhy.com.br\/site\/wp-json\/wp\/v2\/posts\/88139\/revisions"}],"predecessor-version":[{"id":88141,"href":"https:\/\/blogdoeloiltoncajuhy.com.br\/site\/wp-json\/wp\/v2\/posts\/88139\/revisions\/88141"}],"wp:featuredmedia":[{"embeddable":true,"href":"https:\/\/blogdoeloiltoncajuhy.com.br\/site\/wp-json\/wp\/v2\/media\/88140"}],"wp:attachment":[{"href":"https:\/\/blogdoeloiltoncajuhy.com.br\/site\/wp-json\/wp\/v2\/media?parent=88139"}],"wp:term":[{"taxonomy":"category","embeddable":true,"href":"https:\/\/blogdoeloiltoncajuhy.com.br\/site\/wp-json\/wp\/v2\/categories?post=88139"},{"taxonomy":"post_tag","embeddable":true,"href":"https:\/\/blogdoeloiltoncajuhy.com.br\/site\/wp-json\/wp\/v2\/tags?post=88139"}],"curies":[{"name":"wp","href":"https:\/\/api.w.org\/{rel}","templated":true}]}}