{"id":88128,"date":"2025-06-09T08:49:09","date_gmt":"2025-06-09T11:49:09","guid":{"rendered":"https:\/\/blogdoeloiltoncajuhy.com.br\/site\/?p=88128"},"modified":"2025-06-09T09:17:55","modified_gmt":"2025-06-09T12:17:55","slug":"homem-e-preso-suspeito-de-estuprar-a-propria-filha","status":"publish","type":"post","link":"https:\/\/blogdoeloiltoncajuhy.com.br\/site\/homem-e-preso-suspeito-de-estuprar-a-propria-filha\/","title":{"rendered":"Homem \u00e9 preso suspeito de estuprar a pr\u00f3pria filha"},"content":{"rendered":"\n<p class=\"has-medium-font-size\"><strong>Caso ocorreu em Euclides da Cunha, no norte do estado.<\/strong><\/p>\n\n\n\n<p><strong>Por g1 BA<\/strong><\/p>\n\n\n\n<figure class=\"wp-block-image aligncenter size-full is-resized\"><a href=\"https:\/\/i0.wp.com\/blogdoeloiltoncajuhy.com.br\/site\/wp-content\/uploads\/2025\/06\/Homem-e-preso-suspeito-de-estuprar-a-propria-filha-em-Euclides-da-Cunha-%E2%80%94-Foto-Alan-Oliveira-g1.jpg?ssl=1\"><img data-recalc-dims=\"1\" fetchpriority=\"high\" decoding=\"async\" width=\"800\" height=\"600\" src=\"https:\/\/i0.wp.com\/blogdoeloiltoncajuhy.com.br\/site\/wp-content\/uploads\/2025\/06\/Homem-e-preso-suspeito-de-estuprar-a-propria-filha-em-Euclides-da-Cunha-%E2%80%94-Foto-Alan-Oliveira-g1.jpg?resize=800%2C600&#038;ssl=1\" alt=\"\" class=\"wp-image-88129\" style=\"width:584px;height:auto\" srcset=\"https:\/\/i0.wp.com\/blogdoeloiltoncajuhy.com.br\/site\/wp-content\/uploads\/2025\/06\/Homem-e-preso-suspeito-de-estuprar-a-propria-filha-em-Euclides-da-Cunha-%E2%80%94-Foto-Alan-Oliveira-g1.jpg?w=984&amp;ssl=1 984w, https:\/\/i0.wp.com\/blogdoeloiltoncajuhy.com.br\/site\/wp-content\/uploads\/2025\/06\/Homem-e-preso-suspeito-de-estuprar-a-propria-filha-em-Euclides-da-Cunha-%E2%80%94-Foto-Alan-Oliveira-g1.jpg?resize=300%2C225&amp;ssl=1 300w, https:\/\/i0.wp.com\/blogdoeloiltoncajuhy.com.br\/site\/wp-content\/uploads\/2025\/06\/Homem-e-preso-suspeito-de-estuprar-a-propria-filha-em-Euclides-da-Cunha-%E2%80%94-Foto-Alan-Oliveira-g1.jpg?resize=768%2C576&amp;ssl=1 768w\" sizes=\"(max-width: 800px) 100vw, 800px\" \/><\/a><figcaption class=\"wp-element-caption\"><sub>Homem \u00e9 preso suspeito de estuprar a pr\u00f3pria filha na Bahia \u2014 Foto: Alan Oliveira\/ g1<\/sub><\/figcaption><\/figure>\n\n\n\n<p>Um homem de 38 anos foi preso na sexta-feira (6) suspeito de estuprar a pr\u00f3pria filha, uma adolescente de 14 anos, em Euclides da Cunha, no norte da Bahia. A pris\u00e3o ocorreu no povoado Bagatela, na zona rural do munic\u00edpio.<\/p>\n\n\n\n<p>Conforme a Pol\u00edcia Civil, as investiga\u00e7\u00f5es apontam que o crime teria acontecido enquanto a menina passava f\u00e9rias com o pai.<\/p>\n\n\n\n<p>Ap\u00f3s retornar para casa, a adolescente apresentou uma mudan\u00e7a de comportamento, que levantou suspeitas.<\/p>\n\n\n\n<p>O caso veio \u00e0 tona depois que a institui\u00e7\u00e3o de ensino da garota alertou o Conselho Tutelar do munic\u00edpio. A den\u00fancia foi realizada no dia 4 de junho e a pris\u00e3o do suspeito foi solicitada e concedida pela comarca local.<\/p>\n\n\n\n<p>A v\u00edtima passar\u00e1 por acompanhamento psicol\u00f3gico e social. O homem est\u00e1 preso, \u00e0 disposi\u00e7\u00e3o do Poder Judici\u00e1rio.<\/p>\n\n\n\n<p><a href=\"https:\/\/whatsapp.com\/channel\/0029VaAT7tDLI8Yfj5y9Z50Z\"><strong><mark style=\"background-color:rgba(0, 0, 0, 0)\" class=\"has-inline-color has-vivid-red-color\">>> Siga nosso canal no WhatsApp e veja mais not\u00edcias<\/mark><\/strong><\/a><\/p>\n","protected":false},"excerpt":{"rendered":"<p>Caso ocorreu em Euclides da Cunha, no norte do estado. Por g1 BA Um homem de 38 anos foi preso na sexta-feira (6) suspeito de estuprar a pr\u00f3pria filha, uma adolescente de 14 anos, em Euclides da Cunha, no norte da Bahia. A pris\u00e3o ocorreu no povoado Bagatela, na zona rural do munic\u00edpio. Conforme a [&hellip;]<\/p>\n","protected":false},"author":2,"featured_media":88129,"comment_status":"open","ping_status":"open","sticky":false,"template":"","format":"standard","meta":{"_acf_changed":false,"_monsterinsights_skip_tracking":false,"_monsterinsights_sitenote_active":false,"_monsterinsights_sitenote_note":"","_monsterinsights_sitenote_category":0,"_jetpack_memberships_contains_paid_content":false,"footnotes":"","jetpack_publicize_message":"","jetpack_publicize_feature_enabled":true,"jetpack_social_post_already_shared":true,"jetpack_social_options":{"image_generator_settings":{"template":"highway","default_image_id":0,"font":"","enabled":false},"version":2}},"categories":[15],"tags":[],"class_list":["post-88128","post","type-post","status-publish","format-standard","has-post-thumbnail","hentry","category-policia"],"acf":[],"jetpack_publicize_connections":[],"jetpack_featured_media_url":"https:\/\/i0.wp.com\/blogdoeloiltoncajuhy.com.br\/site\/wp-content\/uploads\/2025\/06\/Homem-e-preso-suspeito-de-estuprar-a-propria-filha-em-Euclides-da-Cunha-%E2%80%94-Foto-Alan-Oliveira-g1.jpg?fit=984%2C738&ssl=1","jetpack_sharing_enabled":true,"publishpress_future_workflow_manual_trigger":{"enabledWorkflows":[]},"_links":{"self":[{"href":"https:\/\/blogdoeloiltoncajuhy.com.br\/site\/wp-json\/wp\/v2\/posts\/88128","targetHints":{"allow":["GET"]}}],"collection":[{"href":"https:\/\/blogdoeloiltoncajuhy.com.br\/site\/wp-json\/wp\/v2\/posts"}],"about":[{"href":"https:\/\/blogdoeloiltoncajuhy.com.br\/site\/wp-json\/wp\/v2\/types\/post"}],"author":[{"embeddable":true,"href":"https:\/\/blogdoeloiltoncajuhy.com.br\/site\/wp-json\/wp\/v2\/users\/2"}],"replies":[{"embeddable":true,"href":"https:\/\/blogdoeloiltoncajuhy.com.br\/site\/wp-json\/wp\/v2\/comments?post=88128"}],"version-history":[{"count":2,"href":"https:\/\/blogdoeloiltoncajuhy.com.br\/site\/wp-json\/wp\/v2\/posts\/88128\/revisions"}],"predecessor-version":[{"id":88135,"href":"https:\/\/blogdoeloiltoncajuhy.com.br\/site\/wp-json\/wp\/v2\/posts\/88128\/revisions\/88135"}],"wp:featuredmedia":[{"embeddable":true,"href":"https:\/\/blogdoeloiltoncajuhy.com.br\/site\/wp-json\/wp\/v2\/media\/88129"}],"wp:attachment":[{"href":"https:\/\/blogdoeloiltoncajuhy.com.br\/site\/wp-json\/wp\/v2\/media?parent=88128"}],"wp:term":[{"taxonomy":"category","embeddable":true,"href":"https:\/\/blogdoeloiltoncajuhy.com.br\/site\/wp-json\/wp\/v2\/categories?post=88128"},{"taxonomy":"post_tag","embeddable":true,"href":"https:\/\/blogdoeloiltoncajuhy.com.br\/site\/wp-json\/wp\/v2\/tags?post=88128"}],"curies":[{"name":"wp","href":"https:\/\/api.w.org\/{rel}","templated":true}]}}