{"id":88125,"date":"2025-06-09T08:34:54","date_gmt":"2025-06-09T11:34:54","guid":{"rendered":"https:\/\/blogdoeloiltoncajuhy.com.br\/site\/?p=88125"},"modified":"2025-06-09T09:17:07","modified_gmt":"2025-06-09T12:17:07","slug":"governo-do-estado-autoriza-extensao-de-rede-de-abastecimento-de-agua-para-mais-localidades-de-senhor-do-bonfim","status":"publish","type":"post","link":"https:\/\/blogdoeloiltoncajuhy.com.br\/site\/governo-do-estado-autoriza-extensao-de-rede-de-abastecimento-de-agua-para-mais-localidades-de-senhor-do-bonfim\/","title":{"rendered":"Governo do Estado autoriza extens\u00e3o de rede de abastecimento de \u00e1gua para mais localidades de Senhor do Bonfim"},"content":{"rendered":"\n<p class=\"has-medium-font-size\"><strong>Novas obras beneficiam as regi\u00f5es de Cariac\u00e1, Umburana, Igara e Tanquinho.<\/strong><\/p>\n\n\n\n<p><strong>Blog do Eloilton Cajuhy \u2013 BEC<\/strong><\/p>\n\n\n\n<figure class=\"wp-block-image aligncenter size-full is-resized\"><a href=\"https:\/\/i0.wp.com\/blogdoeloiltoncajuhy.com.br\/site\/wp-content\/uploads\/2025\/06\/Agua-na-torneira-Abastecimento-Foto-Reproducao.png?ssl=1\"><img data-recalc-dims=\"1\" fetchpriority=\"high\" decoding=\"async\" width=\"760\" height=\"506\" src=\"https:\/\/i0.wp.com\/blogdoeloiltoncajuhy.com.br\/site\/wp-content\/uploads\/2025\/06\/Agua-na-torneira-Abastecimento-Foto-Reproducao.png?resize=760%2C506&#038;ssl=1\" alt=\"\" class=\"wp-image-88126\" style=\"width:640px;height:auto\" srcset=\"https:\/\/i0.wp.com\/blogdoeloiltoncajuhy.com.br\/site\/wp-content\/uploads\/2025\/06\/Agua-na-torneira-Abastecimento-Foto-Reproducao.png?w=760&amp;ssl=1 760w, https:\/\/i0.wp.com\/blogdoeloiltoncajuhy.com.br\/site\/wp-content\/uploads\/2025\/06\/Agua-na-torneira-Abastecimento-Foto-Reproducao.png?resize=300%2C200&amp;ssl=1 300w\" sizes=\"(max-width: 760px) 100vw, 760px\" \/><\/a><figcaption class=\"wp-element-caption\"><sub>Foto: Reprodu\u00e7\u00e3o<\/sub><\/figcaption><\/figure>\n\n\n\n<p>O Governo do Estado da Bahia autorizou mais uma importante obra de infraestrutura h\u00eddrica para a zona rural do munic\u00edpio de Senhor do Bonfim. O an\u00fancio foi feito na \u00faltima semana pelo deputado estadual Bob\u00f4, que confirmou o in\u00edcio da extens\u00e3o da rede de abastecimento de \u00e1gua em diversas comunidades do interior do munic\u00edpio.<\/p>\n\n\n\n<p><a href=\"https:\/\/whatsapp.com\/channel\/0029VaAT7tDLI8Yfj5y9Z50Z\"><strong><mark style=\"background-color:rgba(0, 0, 0, 0)\" class=\"has-inline-color has-vivid-red-color\">>> Siga nosso canal no WhatsApp e veja mais not\u00edcias<\/mark><\/strong><\/a><\/p>\n\n\n\n<p>Ser\u00e3o beneficiadas as localidades de Fazenda V\u00e1rzea Funda e Santa F\u00e9, na regi\u00e3o de Cariac\u00e1; Fl\u00e1vio Silva, em Umburana; Rancharia, na regi\u00e3o de Igara; e o povoado de Tanquinho. Ao todo, mais de 4 quil\u00f4metros de rede ser\u00e3o instalados, levando \u00e1gua tratada a mais de 70 fam\u00edlias.<\/p>\n\n\n\n<p>A obra ser\u00e1 executada pela Empresa Baiana de \u00c1guas e Saneamento (Embasa) e resulta de uma solicita\u00e7\u00e3o do deputado Bob\u00f4 junto ao Governo do Estado, a partir de uma demanda apresentada pela ex-vereadora L\u00facia Cerqueira.<\/p>\n\n\n\n<blockquote class=\"wp-block-quote is-layout-flow wp-block-quote-is-layout-flow\">\n<p><strong><mark style=\"background-color:rgba(0, 0, 0, 0)\" class=\"has-inline-color has-black-color\">\u201cMesmo sem mandato, a ex-vereadora L\u00facia Cerqueira continua atuando em prol da popula\u00e7\u00e3o de Senhor do Bonfim. A libera\u00e7\u00e3o dessa importante obra contou com sua participa\u00e7\u00e3o, e mais uma vez a zona rural ser\u00e1 contemplada com o acesso \u00e0 \u00e1gua tratada e de qualidade. Parab\u00e9ns, L\u00facia, pelo trabalho incans\u00e1vel; parab\u00e9ns, Senhor do Bonfim, por mais essa conquista\u201d, destacou o deputado Bob\u00f4.<\/mark><\/strong><\/p>\n<\/blockquote>\n","protected":false},"excerpt":{"rendered":"<p>Novas obras beneficiam as regi\u00f5es de Cariac\u00e1, Umburana, Igara e Tanquinho. Blog do Eloilton Cajuhy \u2013 BEC O Governo do Estado da Bahia autorizou mais uma importante obra de infraestrutura h\u00eddrica para a zona rural do munic\u00edpio de Senhor do Bonfim. O an\u00fancio foi feito na \u00faltima semana pelo deputado estadual Bob\u00f4, que confirmou o [&hellip;]<\/p>\n","protected":false},"author":2,"featured_media":88126,"comment_status":"open","ping_status":"open","sticky":false,"template":"","format":"standard","meta":{"_acf_changed":false,"_monsterinsights_skip_tracking":false,"_monsterinsights_sitenote_active":false,"_monsterinsights_sitenote_note":"","_monsterinsights_sitenote_category":0,"_jetpack_memberships_contains_paid_content":false,"footnotes":"","jetpack_publicize_message":"","jetpack_publicize_feature_enabled":true,"jetpack_social_post_already_shared":true,"jetpack_social_options":{"image_generator_settings":{"template":"highway","default_image_id":0,"enabled":false},"version":2}},"categories":[11],"tags":[],"class_list":["post-88125","post","type-post","status-publish","format-standard","has-post-thumbnail","hentry","category-regional"],"acf":[],"jetpack_publicize_connections":[],"jetpack_featured_media_url":"https:\/\/i0.wp.com\/blogdoeloiltoncajuhy.com.br\/site\/wp-content\/uploads\/2025\/06\/Agua-na-torneira-Abastecimento-Foto-Reproducao.png?fit=760%2C506&ssl=1","jetpack_sharing_enabled":true,"publishpress_future_workflow_manual_trigger":{"enabledWorkflows":[]},"_links":{"self":[{"href":"https:\/\/blogdoeloiltoncajuhy.com.br\/site\/wp-json\/wp\/v2\/posts\/88125","targetHints":{"allow":["GET"]}}],"collection":[{"href":"https:\/\/blogdoeloiltoncajuhy.com.br\/site\/wp-json\/wp\/v2\/posts"}],"about":[{"href":"https:\/\/blogdoeloiltoncajuhy.com.br\/site\/wp-json\/wp\/v2\/types\/post"}],"author":[{"embeddable":true,"href":"https:\/\/blogdoeloiltoncajuhy.com.br\/site\/wp-json\/wp\/v2\/users\/2"}],"replies":[{"embeddable":true,"href":"https:\/\/blogdoeloiltoncajuhy.com.br\/site\/wp-json\/wp\/v2\/comments?post=88125"}],"version-history":[{"count":2,"href":"https:\/\/blogdoeloiltoncajuhy.com.br\/site\/wp-json\/wp\/v2\/posts\/88125\/revisions"}],"predecessor-version":[{"id":88134,"href":"https:\/\/blogdoeloiltoncajuhy.com.br\/site\/wp-json\/wp\/v2\/posts\/88125\/revisions\/88134"}],"wp:featuredmedia":[{"embeddable":true,"href":"https:\/\/blogdoeloiltoncajuhy.com.br\/site\/wp-json\/wp\/v2\/media\/88126"}],"wp:attachment":[{"href":"https:\/\/blogdoeloiltoncajuhy.com.br\/site\/wp-json\/wp\/v2\/media?parent=88125"}],"wp:term":[{"taxonomy":"category","embeddable":true,"href":"https:\/\/blogdoeloiltoncajuhy.com.br\/site\/wp-json\/wp\/v2\/categories?post=88125"},{"taxonomy":"post_tag","embeddable":true,"href":"https:\/\/blogdoeloiltoncajuhy.com.br\/site\/wp-json\/wp\/v2\/tags?post=88125"}],"curies":[{"name":"wp","href":"https:\/\/api.w.org\/{rel}","templated":true}]}}