{"id":88089,"date":"2025-06-06T08:47:54","date_gmt":"2025-06-06T11:47:54","guid":{"rendered":"https:\/\/blogdoeloiltoncajuhy.com.br\/site\/?p=88089"},"modified":"2025-06-06T08:47:55","modified_gmt":"2025-06-06T11:47:55","slug":"senhor-do-bonfim-recebe-a-3a-edicao-da-feira-da-economia-solidaria","status":"publish","type":"post","link":"https:\/\/blogdoeloiltoncajuhy.com.br\/site\/senhor-do-bonfim-recebe-a-3a-edicao-da-feira-da-economia-solidaria\/","title":{"rendered":"Senhor do Bonfim recebe a 3\u00aa edi\u00e7\u00e3o da Feira da Economia Solid\u00e1ria"},"content":{"rendered":"\n<p><strong>Blog do Eloilton Cajuhy \u2013 BEC<\/strong><\/p>\n\n\n\n<figure class=\"wp-block-image aligncenter size-full\"><a href=\"https:\/\/i0.wp.com\/blogdoeloiltoncajuhy.com.br\/site\/wp-content\/uploads\/2025\/06\/Bobo_feira-01.jpeg?ssl=1\"><img data-recalc-dims=\"1\" fetchpriority=\"high\" decoding=\"async\" width=\"760\" height=\"427\" src=\"https:\/\/i0.wp.com\/blogdoeloiltoncajuhy.com.br\/site\/wp-content\/uploads\/2025\/06\/Bobo_feira-01.jpeg?resize=760%2C427&#038;ssl=1\" alt=\"\" class=\"wp-image-88090\" srcset=\"https:\/\/i0.wp.com\/blogdoeloiltoncajuhy.com.br\/site\/wp-content\/uploads\/2025\/06\/Bobo_feira-01.jpeg?w=760&amp;ssl=1 760w, https:\/\/i0.wp.com\/blogdoeloiltoncajuhy.com.br\/site\/wp-content\/uploads\/2025\/06\/Bobo_feira-01.jpeg?resize=300%2C169&amp;ssl=1 300w\" sizes=\"(max-width: 760px) 100vw, 760px\" \/><\/a><figcaption class=\"wp-element-caption\"><sub>Senhor do Bonfim recebe a 3\u00aa edi\u00e7\u00e3o da Feira da Economia Solid\u00e1ria<\/sub><\/figcaption><\/figure>\n\n\n\n<p>Ap\u00f3s dois dias de grande movimento, encerrou na quarta-feira (04) a 3\u00aa Feira da Economia Solid\u00e1ria de Senhor do Bonfim. O evento, realizado nos dias 3 e 4 de junho, no Cal\u00e7ad\u00e3o da Juviniano Duarte, reuniu cerca de 20 expositores de diferentes segmentos, proporcionando um espa\u00e7o de visibilidade e gera\u00e7\u00e3o de renda para empreendedores locais.<\/p>\n\n\n\n<p>Durante a feira, o p\u00fablico teve acesso a uma ampla variedade de produtos, incluindo artesanatos em tecido, madeira e cip\u00f3, al\u00e9m de alimentos artesanais como doces, mel, geleias, biscoitos, licores, queijos, temperos, sequilhos, sab\u00e3o natural e caf\u00e9s da regi\u00e3o. A programa\u00e7\u00e3o tamb\u00e9m contou com apresenta\u00e7\u00f5es culturais.<\/p>\n\n\n\n<p>A 3\u00aa Feira da Economia Solid\u00e1ria foi realizada pelo Governo do Estado, por meio da Secretaria do Trabalho, Emprego, Renda e Esporte (SETRE) e da Associa\u00e7\u00e3o de Apoio ao Desenvolvimento Sustent\u00e1vel e Solid\u00e1rio do Estado da Bahia (ADESBA).<\/p>\n\n\n\n<p>O evento contou ainda com o apoio do Centro P\u00fablico de Economia Solid\u00e1ria \u2014 Cesol Piemonte da Diamantina \u2014 e, mais uma vez, teve a articula\u00e7\u00e3o do deputado estadual Bob\u00f4 para sua realiza\u00e7\u00e3o no munic\u00edpio.<\/p>\n\n\n\n<p><a href=\"https:\/\/whatsapp.com\/channel\/0029VaAT7tDLI8Yfj5y9Z50Z\"><strong><mark style=\"background-color:rgba(0, 0, 0, 0)\" class=\"has-inline-color has-vivid-red-color\">>> Siga nosso canal no WhatsApp e veja mais not\u00edcias<\/mark><\/strong><\/a><\/p>\n\n\n\n<figure class=\"wp-block-image aligncenter size-full\"><a href=\"https:\/\/i0.wp.com\/blogdoeloiltoncajuhy.com.br\/site\/wp-content\/uploads\/2025\/06\/Bobo_feira-02.jpeg?ssl=1\"><img data-recalc-dims=\"1\" decoding=\"async\" width=\"760\" height=\"427\" src=\"https:\/\/i0.wp.com\/blogdoeloiltoncajuhy.com.br\/site\/wp-content\/uploads\/2025\/06\/Bobo_feira-02.jpeg?resize=760%2C427&#038;ssl=1\" alt=\"\" class=\"wp-image-88091\" srcset=\"https:\/\/i0.wp.com\/blogdoeloiltoncajuhy.com.br\/site\/wp-content\/uploads\/2025\/06\/Bobo_feira-02.jpeg?w=760&amp;ssl=1 760w, https:\/\/i0.wp.com\/blogdoeloiltoncajuhy.com.br\/site\/wp-content\/uploads\/2025\/06\/Bobo_feira-02.jpeg?resize=300%2C169&amp;ssl=1 300w\" sizes=\"(max-width: 760px) 100vw, 760px\" \/><\/a><figcaption class=\"wp-element-caption\"><sub>Senhor do Bonfim recebe a 3\u00aa edi\u00e7\u00e3o da Feira da Economia Solid\u00e1ria<\/sub><\/figcaption><\/figure>\n","protected":false},"excerpt":{"rendered":"<p>Blog do Eloilton Cajuhy \u2013 BEC Ap\u00f3s dois dias de grande movimento, encerrou na quarta-feira (04) a 3\u00aa Feira da Economia Solid\u00e1ria de Senhor do Bonfim. O evento, realizado nos dias 3 e 4 de junho, no Cal\u00e7ad\u00e3o da Juviniano Duarte, reuniu cerca de 20 expositores de diferentes segmentos, proporcionando um espa\u00e7o de visibilidade e [&hellip;]<\/p>\n","protected":false},"author":2,"featured_media":88092,"comment_status":"open","ping_status":"open","sticky":false,"template":"","format":"standard","meta":{"_acf_changed":false,"_monsterinsights_skip_tracking":false,"_monsterinsights_sitenote_active":false,"_monsterinsights_sitenote_note":"","_monsterinsights_sitenote_category":0,"_jetpack_memberships_contains_paid_content":false,"footnotes":"","jetpack_publicize_message":"","jetpack_publicize_feature_enabled":true,"jetpack_social_post_already_shared":false,"jetpack_social_options":{"image_generator_settings":{"template":"highway","default_image_id":0,"enabled":false},"version":2}},"categories":[31],"tags":[],"class_list":["post-88089","post","type-post","status-publish","format-standard","has-post-thumbnail","hentry","category-economia"],"acf":[],"jetpack_publicize_connections":[],"jetpack_featured_media_url":"https:\/\/i0.wp.com\/blogdoeloiltoncajuhy.com.br\/site\/wp-content\/uploads\/2025\/06\/Bobo_feira-03.jpeg?fit=760%2C427&ssl=1","jetpack_sharing_enabled":true,"publishpress_future_workflow_manual_trigger":{"enabledWorkflows":[]},"_links":{"self":[{"href":"https:\/\/blogdoeloiltoncajuhy.com.br\/site\/wp-json\/wp\/v2\/posts\/88089","targetHints":{"allow":["GET"]}}],"collection":[{"href":"https:\/\/blogdoeloiltoncajuhy.com.br\/site\/wp-json\/wp\/v2\/posts"}],"about":[{"href":"https:\/\/blogdoeloiltoncajuhy.com.br\/site\/wp-json\/wp\/v2\/types\/post"}],"author":[{"embeddable":true,"href":"https:\/\/blogdoeloiltoncajuhy.com.br\/site\/wp-json\/wp\/v2\/users\/2"}],"replies":[{"embeddable":true,"href":"https:\/\/blogdoeloiltoncajuhy.com.br\/site\/wp-json\/wp\/v2\/comments?post=88089"}],"version-history":[{"count":1,"href":"https:\/\/blogdoeloiltoncajuhy.com.br\/site\/wp-json\/wp\/v2\/posts\/88089\/revisions"}],"predecessor-version":[{"id":88093,"href":"https:\/\/blogdoeloiltoncajuhy.com.br\/site\/wp-json\/wp\/v2\/posts\/88089\/revisions\/88093"}],"wp:featuredmedia":[{"embeddable":true,"href":"https:\/\/blogdoeloiltoncajuhy.com.br\/site\/wp-json\/wp\/v2\/media\/88092"}],"wp:attachment":[{"href":"https:\/\/blogdoeloiltoncajuhy.com.br\/site\/wp-json\/wp\/v2\/media?parent=88089"}],"wp:term":[{"taxonomy":"category","embeddable":true,"href":"https:\/\/blogdoeloiltoncajuhy.com.br\/site\/wp-json\/wp\/v2\/categories?post=88089"},{"taxonomy":"post_tag","embeddable":true,"href":"https:\/\/blogdoeloiltoncajuhy.com.br\/site\/wp-json\/wp\/v2\/tags?post=88089"}],"curies":[{"name":"wp","href":"https:\/\/api.w.org\/{rel}","templated":true}]}}