{"id":88050,"date":"2025-06-03T19:27:20","date_gmt":"2025-06-03T22:27:20","guid":{"rendered":"https:\/\/blogdoeloiltoncajuhy.com.br\/site\/?p=88050"},"modified":"2025-06-03T19:29:22","modified_gmt":"2025-06-03T22:29:22","slug":"cnu-2025-governo-autoriza-2-mil-vagas-para-inss-ministerios-agencias-e-forcas-armadas","status":"publish","type":"post","link":"https:\/\/blogdoeloiltoncajuhy.com.br\/site\/cnu-2025-governo-autoriza-2-mil-vagas-para-inss-ministerios-agencias-e-forcas-armadas\/","title":{"rendered":"CNU 2025: governo autoriza 2 mil vagas para INSS, minist\u00e9rios, ag\u00eancias e For\u00e7as Armadas"},"content":{"rendered":"\n<p class=\"has-medium-font-size\"><strong>Cargos autorizados nesta ter\u00e7a-feira (3) ser\u00e3o preenchidos pela segunda edi\u00e7\u00e3o do &#8216;Enem dos concursos&#8217;, que deve ter o edital publicado no m\u00eas que vem.<\/strong><\/p>\n\n\n\n<p><strong>Por Ederson Hising, g1<\/strong> \u2014 S\u00e3o Paulo<\/p>\n\n\n\n<figure class=\"wp-block-image aligncenter size-full\"><a href=\"https:\/\/i0.wp.com\/blogdoeloiltoncajuhy.com.br\/site\/wp-content\/uploads\/2024\/01\/enem-dos-concursos-em-2024.webp\"><img data-recalc-dims=\"1\" fetchpriority=\"high\" decoding=\"async\" width=\"800\" height=\"533\" src=\"https:\/\/i0.wp.com\/blogdoeloiltoncajuhy.com.br\/site\/wp-content\/uploads\/2024\/01\/enem-dos-concursos-em-2024.webp?resize=800%2C533\" alt=\"\" class=\"wp-image-78910\" srcset=\"https:\/\/i0.wp.com\/blogdoeloiltoncajuhy.com.br\/site\/wp-content\/uploads\/2024\/01\/enem-dos-concursos-em-2024.webp?w=996&amp;ssl=1 996w, https:\/\/i0.wp.com\/blogdoeloiltoncajuhy.com.br\/site\/wp-content\/uploads\/2024\/01\/enem-dos-concursos-em-2024.webp?resize=300%2C200&amp;ssl=1 300w, https:\/\/i0.wp.com\/blogdoeloiltoncajuhy.com.br\/site\/wp-content\/uploads\/2024\/01\/enem-dos-concursos-em-2024.webp?resize=768%2C512&amp;ssl=1 768w\" sizes=\"(max-width: 800px) 100vw, 800px\" \/><\/a><figcaption class=\"wp-element-caption\"><sub>Governo autoriza 2 mil vagas para INSS, minist\u00e9rios, ag\u00eancias e For\u00e7as Armadas &#8211; Foto: Reprodu\u00e7\u00e3o<\/sub><\/figcaption><\/figure>\n\n\n\n<p>O Minist\u00e9rio da Gest\u00e3o e Inova\u00e7\u00e3o em Servi\u00e7os P\u00fablicos autorizou nesta ter\u00e7a-feira (3) a realiza\u00e7\u00e3o de concursos p\u00fablicos para o preenchimento de mais de 2 mil vagas em diversos minist\u00e9rios, ag\u00eancias, institutos e For\u00e7as Armadas. <strong><mark style=\"background-color:rgba(0, 0, 0, 0)\" class=\"has-inline-color has-black-color\">Veja mais abaixo os cargos e vagas por \u00f3rg\u00e3o.<\/mark><\/strong><\/p>\n\n\n\n<p>Tr\u00eas portarias foram publicadas no Di\u00e1rio Oficial da Uni\u00e3o. Uma delas prev\u00ea 1,7 mil vagas em v\u00e1rios \u00f3rg\u00e3os ligados ao governo federal. As outras duas tratam especificamente de 21 vagas da Funda\u00e7\u00e3o Escola Nacional de Administra\u00e7\u00e3o P\u00fablica (Enap) e de 300 oportunidades no Instituto Nacional do Seguro Social (INSS).<\/p>\n\n\n\n<p>Todos os cargos autorizados nesta ter\u00e7a (3) ser\u00e3o preenchidos pela segunda edi\u00e7\u00e3o do Concurso P\u00fablico Nacional Unificado, o CNU 2025, que deve ter o edital publicado no pr\u00f3ximo m\u00eas.<\/p>\n\n\n\n<p><a href=\"https:\/\/whatsapp.com\/channel\/0029VaAT7tDLI8Yfj5y9Z50Z\"><strong><mark style=\"background-color:rgba(0, 0, 0, 0)\" class=\"has-inline-color has-vivid-red-color\">&gt;&gt; Siga nosso canal no WhatsApp e veja mais not\u00edcias<\/mark><\/strong><\/a><\/p>\n\n\n\n<h4 class=\"wp-block-heading\"><strong><mark style=\"background-color:rgba(0, 0, 0, 0)\" class=\"has-inline-color has-black-color\">Confira abaixo os cargos autorizados:<\/mark><\/strong><\/h4>\n\n\n\n<p><strong>INSS<\/strong><\/p>\n\n\n\n<ul class=\"wp-block-list\">\n<li>Analista do Seguro Social (n\u00edvel superior) &#8211; 300 vagas<\/li>\n<\/ul>\n\n\n\n<p><strong>Funda\u00e7\u00e3o Escola Nacional de Administra\u00e7\u00e3o P\u00fablica (Enap)<\/strong><\/p>\n\n\n\n<ul class=\"wp-block-list\">\n<li>T\u00e9cnico de Assuntos Educacionais &#8211; 21 vagas<\/li>\n<\/ul>\n\n\n\n<p><\/p>\n\n\n\n<p><strong>Ag\u00eancia Nacional do Cinema (Ancine)<\/strong><\/p>\n\n\n\n<ul class=\"wp-block-list\">\n<li>Especialista em Regula\u00e7\u00e3o da Atividade Cinematogr\u00e1fica e Audiovisual &#8211; 10 vagas<\/li>\n\n\n\n<li>T\u00e9cnico em Regula\u00e7\u00e3o da Atividade Cinematogr\u00e1fica e Audiovisual &#8211; 10 vagas<\/li>\n<\/ul>\n\n\n\n<p><\/p>\n\n\n\n<p><strong>Ag\u00eancia Nacional de Petr\u00f3leo, G\u00e1s Natural e Biocombust\u00edveis (ANP)<\/strong><\/p>\n\n\n\n<ul class=\"wp-block-list\">\n<li>Especialista em Geologia e Geof\u00edsica do Petr\u00f3leo e G\u00e1s Natural &#8211; 15 vagas<\/li>\n\n\n\n<li>Especialista em Regula\u00e7\u00e3o de Petr\u00f3leo e Derivados, \u00c1lcool Combust\u00edvel e G\u00e1s Natural &#8211; 35 vagas<\/li>\n\n\n\n<li>T\u00e9cnico em Regula\u00e7\u00e3o de Petr\u00f3leo e Derivados, \u00c1lcool Combust\u00edvel e G\u00e1s Natural &#8211; 16 vagas<\/li>\n<\/ul>\n\n\n\n<p><\/p>\n\n\n\n<p><strong>Ag\u00eancia Nacional de Avia\u00e7\u00e3o Civil (Anac)<\/strong><\/p>\n\n\n\n<ul class=\"wp-block-list\">\n<li>T\u00e9cnico em Regula\u00e7\u00e3o de Avia\u00e7\u00e3o Civil &#8211; 70 vagas<\/li>\n<\/ul>\n\n\n\n<p><\/p>\n\n\n\n<p><strong>Ag\u00eancia Nacional de Telecomunica\u00e7\u00f5es (Anatel)<\/strong><\/p>\n\n\n\n<ul class=\"wp-block-list\">\n<li>T\u00e9cnico em Regula\u00e7\u00e3o de Servi\u00e7os P\u00fablicos de Telecomunica\u00e7\u00f5es &#8211; 50 vagas<\/li>\n<\/ul>\n\n\n\n<p><strong>Ag\u00eancia Nacional de Minera\u00e7\u00e3o (ANM)<\/strong><\/p>\n\n\n\n<ul class=\"wp-block-list\">\n<li>T\u00e9cnico em Atividades de Minera\u00e7\u00e3o &#8211; 80 vagas<\/li>\n<\/ul>\n\n\n\n<p><\/p>\n\n\n\n<p><strong>Ag\u00eancia Nacional de Sa\u00fade Suplementar (ANS)<\/strong><\/p>\n\n\n\n<ul class=\"wp-block-list\">\n<li>T\u00e9cnico em Regula\u00e7\u00e3o de Sa\u00fade Suplementar &#8211; 20 vagas<\/li>\n<\/ul>\n\n\n\n<p><\/p>\n\n\n\n<p><strong>Ag\u00eancia Nacional de Transportes Aquavi\u00e1rios (Antaq)<\/strong><\/p>\n\n\n\n<ul class=\"wp-block-list\">\n<li>T\u00e9cnico em Regula\u00e7\u00e3o de Servi\u00e7os de Transportes Aquavi\u00e1rios &#8211; 30 vagas<\/li>\n<\/ul>\n\n\n\n<p><\/p>\n\n\n\n<p><strong>Ag\u00eancia Nacional de Transportes Terrestres (ANTT)<\/strong><\/p>\n\n\n\n<ul class=\"wp-block-list\">\n<li>T\u00e9cnico em Regula\u00e7\u00e3o de Servi\u00e7os de Transportes Terrestres &#8211; 50 vagas<\/li>\n<\/ul>\n\n\n\n<p><\/p>\n\n\n\n<p><strong>Ag\u00eancia Nacional de Vigil\u00e2ncia Sanit\u00e1ria (Anvisa)<\/strong><\/p>\n\n\n\n<ul class=\"wp-block-list\">\n<li>T\u00e9cnico em Regula\u00e7\u00e3o e Vigil\u00e2ncia Sanit\u00e1ria &#8211; 14 vagas<\/li>\n<\/ul>\n\n\n\n<p><\/p>\n\n\n\n<p><strong>Imprensa Nacional<\/strong><\/p>\n\n\n\n<ul class=\"wp-block-list\">\n<li>Engenheiro &#8211; 4 vagas<\/li>\n\n\n\n<li>T\u00e9cnico em Comunica\u00e7\u00e3o Social &#8211; 10 vagas<\/li>\n<\/ul>\n\n\n\n<p><\/p>\n\n\n\n<p><strong>Minist\u00e9rio das Cidades<\/strong><\/p>\n\n\n\n<ul class=\"wp-block-list\">\n<li>Arquiteto- 3 vagas<\/li>\n\n\n\n<li>Contador &#8211; 2 vagas<\/li>\n\n\n\n<li>Engenheiro &#8211; 10 vagas<\/li>\n<\/ul>\n\n\n\n<p><\/p>\n\n\n\n<p><strong>Comando da Aeron\u00e1utica<\/strong><\/p>\n\n\n\n<ul class=\"wp-block-list\">\n<li>Pesquisador &#8211; 35<\/li>\n\n\n\n<li>Tecnologista &#8211; 50<\/li>\n\n\n\n<li>Contador &#8211; 5<\/li>\n<\/ul>\n\n\n\n<p><\/p>\n\n\n\n<p><strong>Comando do Ex\u00e9rcito<\/strong><\/p>\n\n\n\n<ul class=\"wp-block-list\">\n<li>Analista de Tecnologia Militar &#8211; 1 vaga<\/li>\n\n\n\n<li>Engenheiro de Tecnologia Militar &#8211; 5 vagas<\/li>\n\n\n\n<li>Assistente Social &#8211; 5 vagas<\/li>\n\n\n\n<li>Enfermeiro &#8211; 30 vagas<\/li>\n\n\n\n<li>M\u00e9dico &#8211; 10 vagas<\/li>\n\n\n\n<li>Nutricionista &#8211; 5 vagas<\/li>\n\n\n\n<li>Psic\u00f3logo &#8211; 5 vagas<\/li>\n\n\n\n<li>Pesquisador &#8211; 20 vagas<\/li>\n\n\n\n<li>Tecnologista &#8211; 50 vagas<\/li>\n<\/ul>\n\n\n\n<p><\/p>\n\n\n\n<p><strong>Comando da Marinha<\/strong><\/p>\n\n\n\n<ul class=\"wp-block-list\">\n<li>Enfermeiro &#8211; 5 vagas<\/li>\n\n\n\n<li>M\u00e9dico &#8211; 65 vagas<\/li>\n\n\n\n<li>T\u00e9cnico em Comunica\u00e7\u00e3o Social- 5 vagas<\/li>\n\n\n\n<li>Analista de Tecnologia Militar &#8211; 2 vagas<\/li>\n\n\n\n<li>Engenheiro de Tecnologia Militar &#8211; 20 vagas<\/li>\n\n\n\n<li>Pesquisador &#8211; 10 vagas<\/li>\n\n\n\n<li>Tecnologista &#8211; 33 vagas<\/li>\n<\/ul>\n\n\n\n<p><\/p>\n\n\n\n<p><strong>Hospital das For\u00e7as Armadas<\/strong><\/p>\n\n\n\n<ul class=\"wp-block-list\">\n<li>Especialista em Atividades Hospitalares &#8211; 50 vagas<\/li>\n\n\n\n<li>M\u00e9dico &#8211; 50 vagas<\/li>\n\n\n\n<li>T\u00e9cnico em Atividades M\u00e9dico-Hospitalares &#8211; 30 vagas<\/li>\n<\/ul>\n\n\n\n<p><\/p>\n\n\n\n<p><strong>Minist\u00e9rio do Desenvolvimento Agr\u00e1rio<\/strong><\/p>\n\n\n\n<ul class=\"wp-block-list\">\n<li>Contador &#8211; 4 vagas<\/li>\n\n\n\n<li>Engenheiro Agr\u00f4nomo &#8211; 60 vagas<\/li>\n<\/ul>\n\n\n\n<p><\/p>\n\n\n\n<p><strong>Instituto do Patrim\u00f4nio Hist\u00f3rico e Art\u00edstico Nacional (Iphan)<\/strong><\/p>\n\n\n\n<ul class=\"wp-block-list\">\n<li>Analista -33 vagas<\/li>\n\n\n\n<li>T\u00e9cnico -27 vagas<\/li>\n<\/ul>\n\n\n\n<p><\/p>\n\n\n\n<p><strong>Minist\u00e9rio da Pesca e Aquicultura<\/strong><\/p>\n\n\n\n<ul class=\"wp-block-list\">\n<li>Arquiteto- 1 vaga<\/li>\n\n\n\n<li>Contador &#8211; 1 vaga<\/li>\n\n\n\n<li>Engenheiro &#8211; 30 vagas<\/li>\n\n\n\n<li>Estat\u00edstico &#8211; 1 vaga<\/li>\n<\/ul>\n\n\n\n<p><\/p>\n\n\n\n<p><strong>Funda\u00e7\u00e3o Jorge Duprat Figueiredo de Seguran\u00e7a e Medicina do Trabalho (Fundacentro)<\/strong><\/p>\n\n\n\n<ul class=\"wp-block-list\">\n<li>Analista em Ci\u00eancia e Tecnologia- 15 vagas<\/li>\n\n\n\n<li>Pesquisador &#8211; 10 vagas<\/li>\n\n\n\n<li>Tecnologista &#8211; 40 vagas<\/li>\n<\/ul>\n\n\n\n<p><\/p>\n\n\n\n<p><strong>Minist\u00e9rio do Turismo<\/strong><\/p>\n\n\n\n<ul class=\"wp-block-list\">\n<li>Arquiteto- 1 vaga<\/li>\n\n\n\n<li>Engenheiro &#8211; 2 vagas<\/li>\n\n\n\n<li>Estat\u00edstico &#8211; 3 vagas<\/li>\n\n\n\n<li>Contador &#8211; 2 vagas<\/li>\n<\/ul>\n\n\n\n<p><\/p>\n\n\n\n<p><strong>Minist\u00e9rio da Gest\u00e3o e Inova\u00e7\u00e3o em Servi\u00e7os P\u00fablicos<\/strong><\/p>\n\n\n\n<ul class=\"wp-block-list\">\n<li>Assistente Social (cadastro de reserva)<\/li>\n\n\n\n<li>M\u00e9dico (cadastro de reserva)<\/li>\n\n\n\n<li>Psic\u00f3logo (cadastro de reserva)<\/li>\n\n\n\n<li>Analista T\u00e9cnico de Desenvolvimento Socioecon\u00f4mico &#8211; 250 vagas<\/li>\n\n\n\n<li>Analista T\u00e9cnico de Defesa e Justi\u00e7a &#8211; 250 vagas<\/li>\n<\/ul>\n\n\n\n<p><\/p>\n\n\n\n<p><strong>Instituto Nacional de Tecnologia da Informa\u00e7\u00e3o (ITI)<\/strong><\/p>\n\n\n\n<ul class=\"wp-block-list\">\n<li>Pesquisador &#8211; 5 vagas<\/li>\n\n\n\n<li>Tecnologista &#8211; 27 vagas<\/li>\n\n\n\n<li>Analista em Ci\u00eancia e Tecnologia &#8211; 18 vagas<\/li>\n<\/ul>\n","protected":false},"excerpt":{"rendered":"<p>Cargos autorizados nesta ter\u00e7a-feira (3) ser\u00e3o preenchidos pela segunda edi\u00e7\u00e3o do &#8216;Enem dos concursos&#8217;, que deve ter o edital publicado no m\u00eas que vem. Por Ederson Hising, g1 \u2014 S\u00e3o Paulo O Minist\u00e9rio da Gest\u00e3o e Inova\u00e7\u00e3o em Servi\u00e7os P\u00fablicos autorizou nesta ter\u00e7a-feira (3) a realiza\u00e7\u00e3o de concursos p\u00fablicos para o preenchimento de mais de [&hellip;]<\/p>\n","protected":false},"author":2,"featured_media":80240,"comment_status":"open","ping_status":"open","sticky":false,"template":"","format":"standard","meta":{"_acf_changed":false,"_monsterinsights_skip_tracking":false,"_monsterinsights_sitenote_active":false,"_monsterinsights_sitenote_note":"","_monsterinsights_sitenote_category":0,"_jetpack_memberships_contains_paid_content":false,"footnotes":"","jetpack_publicize_message":"","jetpack_publicize_feature_enabled":true,"jetpack_social_post_already_shared":true,"jetpack_social_options":{"image_generator_settings":{"template":"highway","default_image_id":0,"font":"","enabled":false},"version":2}},"categories":[32],"tags":[],"class_list":["post-88050","post","type-post","status-publish","format-standard","has-post-thumbnail","hentry","category-emprego"],"acf":[],"jetpack_publicize_connections":[],"jetpack_featured_media_url":"https:\/\/i0.wp.com\/blogdoeloiltoncajuhy.com.br\/site\/wp-content\/uploads\/2024\/04\/Concursos-Cursos-Creditos-iStotock.jpg?fit=768%2C512&ssl=1","jetpack_sharing_enabled":true,"publishpress_future_workflow_manual_trigger":{"enabledWorkflows":[]},"_links":{"self":[{"href":"https:\/\/blogdoeloiltoncajuhy.com.br\/site\/wp-json\/wp\/v2\/posts\/88050","targetHints":{"allow":["GET"]}}],"collection":[{"href":"https:\/\/blogdoeloiltoncajuhy.com.br\/site\/wp-json\/wp\/v2\/posts"}],"about":[{"href":"https:\/\/blogdoeloiltoncajuhy.com.br\/site\/wp-json\/wp\/v2\/types\/post"}],"author":[{"embeddable":true,"href":"https:\/\/blogdoeloiltoncajuhy.com.br\/site\/wp-json\/wp\/v2\/users\/2"}],"replies":[{"embeddable":true,"href":"https:\/\/blogdoeloiltoncajuhy.com.br\/site\/wp-json\/wp\/v2\/comments?post=88050"}],"version-history":[{"count":2,"href":"https:\/\/blogdoeloiltoncajuhy.com.br\/site\/wp-json\/wp\/v2\/posts\/88050\/revisions"}],"predecessor-version":[{"id":88053,"href":"https:\/\/blogdoeloiltoncajuhy.com.br\/site\/wp-json\/wp\/v2\/posts\/88050\/revisions\/88053"}],"wp:featuredmedia":[{"embeddable":true,"href":"https:\/\/blogdoeloiltoncajuhy.com.br\/site\/wp-json\/wp\/v2\/media\/80240"}],"wp:attachment":[{"href":"https:\/\/blogdoeloiltoncajuhy.com.br\/site\/wp-json\/wp\/v2\/media?parent=88050"}],"wp:term":[{"taxonomy":"category","embeddable":true,"href":"https:\/\/blogdoeloiltoncajuhy.com.br\/site\/wp-json\/wp\/v2\/categories?post=88050"},{"taxonomy":"post_tag","embeddable":true,"href":"https:\/\/blogdoeloiltoncajuhy.com.br\/site\/wp-json\/wp\/v2\/tags?post=88050"}],"curies":[{"name":"wp","href":"https:\/\/api.w.org\/{rel}","templated":true}]}}