{"id":88043,"date":"2025-06-03T14:56:03","date_gmt":"2025-06-03T17:56:03","guid":{"rendered":"https:\/\/blogdoeloiltoncajuhy.com.br\/site\/?p=88043"},"modified":"2025-06-03T14:56:05","modified_gmt":"2025-06-03T17:56:05","slug":"arte-e-talento-no-sao-joao-de-senhor-do-bonfim","status":"publish","type":"post","link":"https:\/\/blogdoeloiltoncajuhy.com.br\/site\/arte-e-talento-no-sao-joao-de-senhor-do-bonfim\/","title":{"rendered":"Arte e talento no S\u00e3o Jo\u00e3o de Senhor do Bonfim"},"content":{"rendered":"\n<p class=\"has-medium-font-size\"><strong>Decora\u00e7\u00f5es juninas: Uma marca registrada dos festejos juninos de Senhor do Bonfim.<\/strong><\/p>\n\n\n\n<p><strong>Blog do Eloilton Cajuhy \u2013 BEC<\/strong><\/p>\n\n\n\n<figure class=\"wp-block-image aligncenter size-full is-resized\"><a href=\"https:\/\/i0.wp.com\/blogdoeloiltoncajuhy.com.br\/site\/wp-content\/uploads\/2025\/06\/MC_Decoracao-junina.jpeg?ssl=1\"><img data-recalc-dims=\"1\" fetchpriority=\"high\" decoding=\"async\" width=\"510\" height=\"680\" src=\"https:\/\/i0.wp.com\/blogdoeloiltoncajuhy.com.br\/site\/wp-content\/uploads\/2025\/06\/MC_Decoracao-junina.jpeg?resize=510%2C680&#038;ssl=1\" alt=\"\" class=\"wp-image-88044\" style=\"width:380px;height:auto\" srcset=\"https:\/\/i0.wp.com\/blogdoeloiltoncajuhy.com.br\/site\/wp-content\/uploads\/2025\/06\/MC_Decoracao-junina.jpeg?w=510&amp;ssl=1 510w, https:\/\/i0.wp.com\/blogdoeloiltoncajuhy.com.br\/site\/wp-content\/uploads\/2025\/06\/MC_Decoracao-junina.jpeg?resize=225%2C300&amp;ssl=1 225w\" sizes=\"(max-width: 510px) 100vw, 510px\" \/><\/a><figcaption class=\"wp-element-caption\"><sub>S\u00e3o Jo\u00e3o de Senhor do Bonfim: Uma festa de luz e alegria<\/sub><\/figcaption><\/figure>\n\n\n\n<p>As decora\u00e7\u00f5es juninas s\u00e3o uma marca registrada do S\u00e3o Jo\u00e3o de Senhor do Bonfim. Em 1985, ano do centen\u00e1rio da cidade, o Arrai\u00e1 da Tapera, na Pra\u00e7a Nova do Congresso, chamou aten\u00e7\u00e3o por sua bela ornamenta\u00e7\u00e3o.<\/p>\n\n\n\n<p>De dia, os detalhes coloridos encantavam. \u00c0 noite, a ilumina\u00e7\u00e3o transformava a cidade em um verdadeiro espet\u00e1culo de luz. Tudo isso gra\u00e7as ao talento de artistas como Marques Milit\u00e3o e Arlindo Eletricista, que deram beleza e brilho a nossa festa.<\/p>\n\n\n\n<p><a href=\"https:\/\/whatsapp.com\/channel\/0029VaAT7tDLI8Yfj5y9Z50Z\"><strong><mark style=\"background-color:rgba(0, 0, 0, 0)\" class=\"has-inline-color has-vivid-red-color\">>> Siga nosso canal no WhatsApp e veja mais not\u00edcias<\/mark><\/strong><\/a><\/p>\n","protected":false},"excerpt":{"rendered":"<p>Decora\u00e7\u00f5es juninas: Uma marca registrada dos festejos juninos de Senhor do Bonfim. Blog do Eloilton Cajuhy \u2013 BEC As decora\u00e7\u00f5es juninas s\u00e3o uma marca registrada do S\u00e3o Jo\u00e3o de Senhor do Bonfim. Em 1985, ano do centen\u00e1rio da cidade, o Arrai\u00e1 da Tapera, na Pra\u00e7a Nova do Congresso, chamou aten\u00e7\u00e3o por sua bela ornamenta\u00e7\u00e3o. De [&hellip;]<\/p>\n","protected":false},"author":2,"featured_media":88044,"comment_status":"open","ping_status":"open","sticky":false,"template":"","format":"standard","meta":{"_acf_changed":false,"_monsterinsights_skip_tracking":false,"_monsterinsights_sitenote_active":false,"_monsterinsights_sitenote_note":"","_monsterinsights_sitenote_category":0,"_jetpack_memberships_contains_paid_content":false,"footnotes":"","jetpack_publicize_message":"","jetpack_publicize_feature_enabled":true,"jetpack_social_post_already_shared":true,"jetpack_social_options":{"image_generator_settings":{"template":"highway","default_image_id":0,"font":"","enabled":false},"version":2}},"categories":[4],"tags":[],"class_list":["post-88043","post","type-post","status-publish","format-standard","has-post-thumbnail","hentry","category-local"],"acf":[],"jetpack_publicize_connections":[],"jetpack_featured_media_url":"https:\/\/i0.wp.com\/blogdoeloiltoncajuhy.com.br\/site\/wp-content\/uploads\/2025\/06\/MC_Decoracao-junina.jpeg?fit=510%2C680&ssl=1","jetpack_sharing_enabled":true,"publishpress_future_workflow_manual_trigger":{"enabledWorkflows":[]},"_links":{"self":[{"href":"https:\/\/blogdoeloiltoncajuhy.com.br\/site\/wp-json\/wp\/v2\/posts\/88043","targetHints":{"allow":["GET"]}}],"collection":[{"href":"https:\/\/blogdoeloiltoncajuhy.com.br\/site\/wp-json\/wp\/v2\/posts"}],"about":[{"href":"https:\/\/blogdoeloiltoncajuhy.com.br\/site\/wp-json\/wp\/v2\/types\/post"}],"author":[{"embeddable":true,"href":"https:\/\/blogdoeloiltoncajuhy.com.br\/site\/wp-json\/wp\/v2\/users\/2"}],"replies":[{"embeddable":true,"href":"https:\/\/blogdoeloiltoncajuhy.com.br\/site\/wp-json\/wp\/v2\/comments?post=88043"}],"version-history":[{"count":1,"href":"https:\/\/blogdoeloiltoncajuhy.com.br\/site\/wp-json\/wp\/v2\/posts\/88043\/revisions"}],"predecessor-version":[{"id":88045,"href":"https:\/\/blogdoeloiltoncajuhy.com.br\/site\/wp-json\/wp\/v2\/posts\/88043\/revisions\/88045"}],"wp:featuredmedia":[{"embeddable":true,"href":"https:\/\/blogdoeloiltoncajuhy.com.br\/site\/wp-json\/wp\/v2\/media\/88044"}],"wp:attachment":[{"href":"https:\/\/blogdoeloiltoncajuhy.com.br\/site\/wp-json\/wp\/v2\/media?parent=88043"}],"wp:term":[{"taxonomy":"category","embeddable":true,"href":"https:\/\/blogdoeloiltoncajuhy.com.br\/site\/wp-json\/wp\/v2\/categories?post=88043"},{"taxonomy":"post_tag","embeddable":true,"href":"https:\/\/blogdoeloiltoncajuhy.com.br\/site\/wp-json\/wp\/v2\/tags?post=88043"}],"curies":[{"name":"wp","href":"https:\/\/api.w.org\/{rel}","templated":true}]}}