{"id":88039,"date":"2025-06-03T14:26:58","date_gmt":"2025-06-03T17:26:58","guid":{"rendered":"https:\/\/blogdoeloiltoncajuhy.com.br\/site\/?p=88039"},"modified":"2025-06-03T14:27:00","modified_gmt":"2025-06-03T17:27:00","slug":"a-epidemia-que-o-brasil-ignora-doencas-do-trabalho","status":"publish","type":"post","link":"https:\/\/blogdoeloiltoncajuhy.com.br\/site\/a-epidemia-que-o-brasil-ignora-doencas-do-trabalho\/","title":{"rendered":"A epidemia que o Brasil ignora: doen\u00e7as do trabalho"},"content":{"rendered":"\n<p class=\"has-medium-font-size\"><strong>Especialista Em\u00edlio Fraga alerta para o crescimento alarmante de casos enquanto trabalhadores enfrentam burocracia para conseguir direitos.<\/strong><\/p>\n\n\n\n<p><strong>Blog do Eloilton Cajuhy \u2013 BEC<\/strong><\/p>\n\n\n\n<figure class=\"wp-block-image aligncenter size-full is-resized\"><a href=\"https:\/\/i0.wp.com\/blogdoeloiltoncajuhy.com.br\/site\/wp-content\/uploads\/2025\/06\/Emilio-Fraga-Arquivo-Pessoal.jpeg?ssl=1\"><img data-recalc-dims=\"1\" fetchpriority=\"high\" decoding=\"async\" width=\"693\" height=\"720\" src=\"https:\/\/i0.wp.com\/blogdoeloiltoncajuhy.com.br\/site\/wp-content\/uploads\/2025\/06\/Emilio-Fraga-Arquivo-Pessoal.jpeg?resize=693%2C720&#038;ssl=1\" alt=\"\" class=\"wp-image-88040\" style=\"width:539px;height:auto\" srcset=\"https:\/\/i0.wp.com\/blogdoeloiltoncajuhy.com.br\/site\/wp-content\/uploads\/2025\/06\/Emilio-Fraga-Arquivo-Pessoal.jpeg?w=693&amp;ssl=1 693w, https:\/\/i0.wp.com\/blogdoeloiltoncajuhy.com.br\/site\/wp-content\/uploads\/2025\/06\/Emilio-Fraga-Arquivo-Pessoal.jpeg?resize=289%2C300&amp;ssl=1 289w\" sizes=\"(max-width: 693px) 100vw, 693px\" \/><\/a><figcaption class=\"wp-element-caption\"><sub>Foto: Arquivo Pessoal \/ Em\u00edlio Fraga<\/sub><\/figcaption><\/figure>\n\n\n\n<p>O especialista em direito previdenci\u00e1rio Em\u00edlio Fraga alerta para um sil\u00eancio ensurdecedor que ronda os escrit\u00f3rios, f\u00e1bricas e ambientes de trabalho do Brasil: as doen\u00e7as do trabalho. &#8220;Estamos diante de uma gera\u00e7\u00e3o de trabalhadores que est\u00e3o sendo sacrificados no altar da produtividade&#8221;, denuncia Em\u00edlio Fraga, renomado especialista em direito previdenci\u00e1rio ao ressaltar que \u201co mais grave \u00e9 a estimativa de que, para cada caso notificado, tr\u00eas permanecem ocultos por medo de demiss\u00e3o ou falta de informa\u00e7\u00e3o&#8221;.<\/p>\n\n\n\n<p>De 2012 a 2024, foram registrados 8,8 milh\u00f5es de acidentes do trabalho e 32 mil mortes no emprego com carteira assinada, segundo os dados atualizados do Observat\u00f3rio de Seguran\u00e7a e Sa\u00fade do Trabalho da Iniciativa Smartlab de Trabalho Decente, coordenada pelo Minist\u00e9rio P\u00fablico do Trabalho (MPT) e pelo Escrit\u00f3rio da Organiza\u00e7\u00e3o Internacional do Trabalho (OIT) para o Brasil.<\/p>\n\n\n\n<p>As informa\u00e7\u00f5es se baseiam em registros de acidentes do trabalho do Instituto Nacional do Seguro Social (INSS). Calcula-se que uma notifica\u00e7\u00e3o de \u00f3bito no trabalho formal ocorra a cada 3,5 horas. Os n\u00fameros revelam uma crise de sa\u00fade p\u00fablica que compromete vidas e sobrecarrega o sistema previdenci\u00e1rio.<\/p>\n\n\n\n<p><a href=\"https:\/\/whatsapp.com\/channel\/0029VaAT7tDLI8Yfj5y9Z50Z\"><strong><mark style=\"background-color:rgba(0, 0, 0, 0)\" class=\"has-inline-color has-vivid-red-color\">>> Siga nosso canal no WhatsApp e veja mais not\u00edcias<\/mark><\/strong><\/a><\/p>\n\n\n\n<p>Em 2023, foram registrados 257.891 novos casos de aux\u00edlio-doen\u00e7a acident\u00e1rio &#8211; um aumento de 23% em rela\u00e7\u00e3o ao ano anterior. As Les\u00f5es por Esfor\u00e7os Repetitivos (LER) lideram as estat\u00edsticas, respondendo por 42% dos afastamentos, seguidas por transtornos mentais (31%) e doen\u00e7as osteomusculares (18%).<\/p>\n\n\n\n<p>Apesar da legisla\u00e7\u00e3o trabalhista prever prote\u00e7\u00e3o, os obst\u00e1culos s\u00e3o muitos: per\u00edcias m\u00e9dicas com espera m\u00e9dia de 58 dias, 43% dos benef\u00edcios s\u00e3o negados na primeira an\u00e1lise e o valor m\u00e9dio do aux\u00edlio (R$ 1.412) abaixo do sal\u00e1rio m\u00ednimo. Fraga relata casos extremos: &#8220;J\u00e1 acompanhei trabalhadores que morreram esperando o benef\u00edcio. O sistema parece ter sido criado para desestimular, n\u00e3o para proteger&#8221;.<\/p>\n\n\n\n<p>Diante desse cen\u00e1rio, o especialista orienta que a documenta\u00e7\u00e3o \u00e9 fundamental e o registro deve ser feito desde as primeiras queixas m\u00e9dicas at\u00e9 provas das condi\u00e7\u00f5es de trabalho. Fraga lembra a obrigatoriedade do CAT (Comunicado de Acidente de Trabalho), que \u00e9 essencial para comprovar a rela\u00e7\u00e3o ocupacional e o acidente. \u201cRecorra sempre porque, segundo os dados oficiais, 72% das negativas s\u00e3o revertidas judicialmente. E busque ajuda especializada com sindicatos e advogados que podem fazer a diferen\u00e7a para assesgurar os seus direitos e prote\u00e7\u00e3o\u201d, indica Fraga.<\/p>\n\n\n\n<p>Desde a reforma trabalhista de 2017, os casos de doen\u00e7as ocupacionais aumentaram 37%. Proje\u00e7\u00f5es indicam que, mantido esse ritmo, o Brasil poder\u00e1 ter um milh\u00e3o de trabalhadores incapacitados at\u00e9 2029. \u201cPrecisamos de pol\u00edticas preventivas mais eficazes para enfrentar o dilema dos trabalhadores que seguem a dicotomia de proteger a sa\u00fade ou garantir o sustento. Uma escolha que, em um pa\u00eds comprometido com a seguran\u00e7a do trabalho, n\u00e3o deveria existir\u201d.<\/p>\n","protected":false},"excerpt":{"rendered":"<p>Especialista Em\u00edlio Fraga alerta para o crescimento alarmante de casos enquanto trabalhadores enfrentam burocracia para conseguir direitos. Blog do Eloilton Cajuhy \u2013 BEC O especialista em direito previdenci\u00e1rio Em\u00edlio Fraga alerta para um sil\u00eancio ensurdecedor que ronda os escrit\u00f3rios, f\u00e1bricas e ambientes de trabalho do Brasil: as doen\u00e7as do trabalho. &#8220;Estamos diante de uma gera\u00e7\u00e3o [&hellip;]<\/p>\n","protected":false},"author":2,"featured_media":88041,"comment_status":"open","ping_status":"open","sticky":false,"template":"","format":"standard","meta":{"_acf_changed":false,"_monsterinsights_skip_tracking":false,"_monsterinsights_sitenote_active":false,"_monsterinsights_sitenote_note":"","_monsterinsights_sitenote_category":0,"_jetpack_memberships_contains_paid_content":false,"footnotes":"","jetpack_publicize_message":"","jetpack_publicize_feature_enabled":true,"jetpack_social_post_already_shared":true,"jetpack_social_options":{"image_generator_settings":{"template":"highway","default_image_id":0,"font":"","enabled":false},"version":2}},"categories":[5],"tags":[],"class_list":["post-88039","post","type-post","status-publish","format-standard","has-post-thumbnail","hentry","category-cotidiano"],"acf":[],"jetpack_publicize_connections":[],"jetpack_featured_media_url":"https:\/\/i0.wp.com\/blogdoeloiltoncajuhy.com.br\/site\/wp-content\/uploads\/2025\/06\/Doencas-do-trabalho-Pexels.png?fit=760%2C507&ssl=1","jetpack_sharing_enabled":true,"publishpress_future_workflow_manual_trigger":{"enabledWorkflows":[]},"_links":{"self":[{"href":"https:\/\/blogdoeloiltoncajuhy.com.br\/site\/wp-json\/wp\/v2\/posts\/88039","targetHints":{"allow":["GET"]}}],"collection":[{"href":"https:\/\/blogdoeloiltoncajuhy.com.br\/site\/wp-json\/wp\/v2\/posts"}],"about":[{"href":"https:\/\/blogdoeloiltoncajuhy.com.br\/site\/wp-json\/wp\/v2\/types\/post"}],"author":[{"embeddable":true,"href":"https:\/\/blogdoeloiltoncajuhy.com.br\/site\/wp-json\/wp\/v2\/users\/2"}],"replies":[{"embeddable":true,"href":"https:\/\/blogdoeloiltoncajuhy.com.br\/site\/wp-json\/wp\/v2\/comments?post=88039"}],"version-history":[{"count":1,"href":"https:\/\/blogdoeloiltoncajuhy.com.br\/site\/wp-json\/wp\/v2\/posts\/88039\/revisions"}],"predecessor-version":[{"id":88042,"href":"https:\/\/blogdoeloiltoncajuhy.com.br\/site\/wp-json\/wp\/v2\/posts\/88039\/revisions\/88042"}],"wp:featuredmedia":[{"embeddable":true,"href":"https:\/\/blogdoeloiltoncajuhy.com.br\/site\/wp-json\/wp\/v2\/media\/88041"}],"wp:attachment":[{"href":"https:\/\/blogdoeloiltoncajuhy.com.br\/site\/wp-json\/wp\/v2\/media?parent=88039"}],"wp:term":[{"taxonomy":"category","embeddable":true,"href":"https:\/\/blogdoeloiltoncajuhy.com.br\/site\/wp-json\/wp\/v2\/categories?post=88039"},{"taxonomy":"post_tag","embeddable":true,"href":"https:\/\/blogdoeloiltoncajuhy.com.br\/site\/wp-json\/wp\/v2\/tags?post=88039"}],"curies":[{"name":"wp","href":"https:\/\/api.w.org\/{rel}","templated":true}]}}