{"id":88032,"date":"2025-06-03T09:13:33","date_gmt":"2025-06-03T12:13:33","guid":{"rendered":"https:\/\/blogdoeloiltoncajuhy.com.br\/site\/?p=88032"},"modified":"2025-06-03T09:13:34","modified_gmt":"2025-06-03T12:13:34","slug":"cantor-da-banda-desejo-de-menina-tem-prisao-revogada-pela-justica-de-pernambuco","status":"publish","type":"post","link":"https:\/\/blogdoeloiltoncajuhy.com.br\/site\/cantor-da-banda-desejo-de-menina-tem-prisao-revogada-pela-justica-de-pernambuco\/","title":{"rendered":"Cantor da Banda Desejo de Menina tem pris\u00e3o revogada pela justi\u00e7a de Pernambuco"},"content":{"rendered":"\n<p><strong>Por Blog do Carlos Britto<\/strong><\/p>\n\n\n\n<figure class=\"wp-block-image aligncenter size-full\"><a href=\"https:\/\/i0.wp.com\/blogdoeloiltoncajuhy.com.br\/site\/wp-content\/uploads\/2025\/06\/Lenno-Desejo-de-Menina-Rsdes-Sociais.jpeg?ssl=1\"><img data-recalc-dims=\"1\" fetchpriority=\"high\" decoding=\"async\" width=\"800\" height=\"450\" src=\"https:\/\/i0.wp.com\/blogdoeloiltoncajuhy.com.br\/site\/wp-content\/uploads\/2025\/06\/Lenno-Desejo-de-Menina-Rsdes-Sociais.jpeg?resize=800%2C450&#038;ssl=1\" alt=\"\" class=\"wp-image-88033\" srcset=\"https:\/\/i0.wp.com\/blogdoeloiltoncajuhy.com.br\/site\/wp-content\/uploads\/2025\/06\/Lenno-Desejo-de-Menina-Rsdes-Sociais.jpeg?w=800&amp;ssl=1 800w, https:\/\/i0.wp.com\/blogdoeloiltoncajuhy.com.br\/site\/wp-content\/uploads\/2025\/06\/Lenno-Desejo-de-Menina-Rsdes-Sociais.jpeg?resize=300%2C169&amp;ssl=1 300w, https:\/\/i0.wp.com\/blogdoeloiltoncajuhy.com.br\/site\/wp-content\/uploads\/2025\/06\/Lenno-Desejo-de-Menina-Rsdes-Sociais.jpeg?resize=768%2C432&amp;ssl=1 768w\" sizes=\"(max-width: 800px) 100vw, 800px\" \/><\/a><figcaption class=\"wp-element-caption\"><sub>Foto: Reprodu\u00e7\u00e3o \/ Redes Sociais<\/sub><\/figcaption><\/figure>\n\n\n\n<p>O cantor Lenno Ferreira, vocalista da banda Desejo de Menina, dever\u00e1 ser solto nas pr\u00f3ximas horas ap\u00f3s uma decis\u00e3o da justi\u00e7a de Pernambuco. A informa\u00e7\u00e3o, obtida pelo ClickPB, foi confirmada pela defesa do artista. A decis\u00e3o foi emitida nesta segunda-feira (2) a noite e por ser necess\u00e1ria uma tramita\u00e7\u00e3o entre a justi\u00e7a de Pernambuco para informar a justi\u00e7a da Para\u00edba, a soltura do artista dever\u00e1 ocorrer nesta ter\u00e7a-feira (3).<\/p>\n\n\n\n<p><a href=\"https:\/\/whatsapp.com\/channel\/0029VaAT7tDLI8Yfj5y9Z50Z\"><strong><mark style=\"background-color:rgba(0, 0, 0, 0)\" class=\"has-inline-color has-vivid-red-color\">>> Siga nosso canal no WhatsApp e veja mais not\u00edcias<\/mark><\/strong><\/a><\/p>\n\n\n\n<p>Lenno estava preso desde a madrugada do domingo (1\u00ba) devido ao cumprimento de um mandado de pris\u00e3o expedido pela justi\u00e7a pernambucana, durante uma a\u00e7\u00e3o da Pol\u00edcia Militar da Para\u00edba. Conforme o Tenente-Coronel Fl\u00e1vio, do 1\u00b0 Batalh\u00e3o (BPM), explicou \u00e0 reportagem do ClickPB, a pris\u00e3o preventiva se deu devido a um mandado expedido pela justi\u00e7a de Pernambuco. A pris\u00e3o ocorreu por volta das 2h, ap\u00f3s o t\u00e9rmino do show no bairro de Jaguaribe, em um evento de S\u00e3o Jo\u00e3o de rua. Segundo a Pol\u00edcia Civil detalhou em nota enviada \u00e0 imprensa, Lenno \u00e9 acusado de homic\u00eddio culposo no tr\u00e2nsito e embriaguez ao volante.<\/p>\n\n\n\n<h4 class=\"wp-block-heading\"><strong><mark style=\"background-color:rgba(0, 0, 0, 0)\" class=\"has-inline-color has-black-color\">Acidente tr\u00e1gico<\/mark><\/strong><\/h4>\n\n\n\n<p>O mandado de pris\u00e3o preventiva \u00e9 referente a um acidente que o cantor se envolveu, no \u00faltimo dia 5 de maio, na BR-428. A informa\u00e7\u00e3o foi confirmada pela Pol\u00edcia Militar. \u00c0 \u00e9poca, segundo populares, Lenno era o motorista de uma Range Rover que acabou colidindo com uma Van, no km 116, trecho da rodovia que corta o munic\u00edpio de Santa Maria da Boa Vista.<\/p>\n\n\n\n<p>Conforme a PRF, o carro de luxo bateu na parte de tr\u00e1s da van. Em seguida, a van capotou e a Range Rover desceu a ribanceira. Segundo a PRF, o motorista do carro sofreu ferimentos leves, se recusou a fazer o teste do baf\u00f4metro e foi autuado. Na van estavam 15 pessoas. Sete ficaram feridas e foram encaminhadas as unidades de sa\u00fade na regi\u00e3o. Uma delas, a banc\u00e1ria Thiara Freire, de 33 anos, n\u00e3o resistiu e morreu na hora.<\/p>\n","protected":false},"excerpt":{"rendered":"<p>Por Blog do Carlos Britto O cantor Lenno Ferreira, vocalista da banda Desejo de Menina, dever\u00e1 ser solto nas pr\u00f3ximas horas ap\u00f3s uma decis\u00e3o da justi\u00e7a de Pernambuco. A informa\u00e7\u00e3o, obtida pelo ClickPB, foi confirmada pela defesa do artista. A decis\u00e3o foi emitida nesta segunda-feira (2) a noite e por ser necess\u00e1ria uma tramita\u00e7\u00e3o entre [&hellip;]<\/p>\n","protected":false},"author":2,"featured_media":88033,"comment_status":"open","ping_status":"open","sticky":false,"template":"","format":"standard","meta":{"_acf_changed":false,"_monsterinsights_skip_tracking":false,"_monsterinsights_sitenote_active":false,"_monsterinsights_sitenote_note":"","_monsterinsights_sitenote_category":0,"_jetpack_memberships_contains_paid_content":false,"footnotes":"","jetpack_publicize_message":"","jetpack_publicize_feature_enabled":true,"jetpack_social_post_already_shared":true,"jetpack_social_options":{"image_generator_settings":{"template":"highway","default_image_id":0,"font":"","enabled":false},"version":2}},"categories":[8],"tags":[],"class_list":["post-88032","post","type-post","status-publish","format-standard","has-post-thumbnail","hentry","category-cultura"],"acf":[],"jetpack_publicize_connections":[],"jetpack_featured_media_url":"https:\/\/i0.wp.com\/blogdoeloiltoncajuhy.com.br\/site\/wp-content\/uploads\/2025\/06\/Lenno-Desejo-de-Menina-Rsdes-Sociais.jpeg?fit=800%2C450&ssl=1","jetpack_sharing_enabled":true,"publishpress_future_workflow_manual_trigger":{"enabledWorkflows":[]},"_links":{"self":[{"href":"https:\/\/blogdoeloiltoncajuhy.com.br\/site\/wp-json\/wp\/v2\/posts\/88032","targetHints":{"allow":["GET"]}}],"collection":[{"href":"https:\/\/blogdoeloiltoncajuhy.com.br\/site\/wp-json\/wp\/v2\/posts"}],"about":[{"href":"https:\/\/blogdoeloiltoncajuhy.com.br\/site\/wp-json\/wp\/v2\/types\/post"}],"author":[{"embeddable":true,"href":"https:\/\/blogdoeloiltoncajuhy.com.br\/site\/wp-json\/wp\/v2\/users\/2"}],"replies":[{"embeddable":true,"href":"https:\/\/blogdoeloiltoncajuhy.com.br\/site\/wp-json\/wp\/v2\/comments?post=88032"}],"version-history":[{"count":1,"href":"https:\/\/blogdoeloiltoncajuhy.com.br\/site\/wp-json\/wp\/v2\/posts\/88032\/revisions"}],"predecessor-version":[{"id":88034,"href":"https:\/\/blogdoeloiltoncajuhy.com.br\/site\/wp-json\/wp\/v2\/posts\/88032\/revisions\/88034"}],"wp:featuredmedia":[{"embeddable":true,"href":"https:\/\/blogdoeloiltoncajuhy.com.br\/site\/wp-json\/wp\/v2\/media\/88033"}],"wp:attachment":[{"href":"https:\/\/blogdoeloiltoncajuhy.com.br\/site\/wp-json\/wp\/v2\/media?parent=88032"}],"wp:term":[{"taxonomy":"category","embeddable":true,"href":"https:\/\/blogdoeloiltoncajuhy.com.br\/site\/wp-json\/wp\/v2\/categories?post=88032"},{"taxonomy":"post_tag","embeddable":true,"href":"https:\/\/blogdoeloiltoncajuhy.com.br\/site\/wp-json\/wp\/v2\/tags?post=88032"}],"curies":[{"name":"wp","href":"https:\/\/api.w.org\/{rel}","templated":true}]}}