{"id":88028,"date":"2025-06-03T08:44:43","date_gmt":"2025-06-03T11:44:43","guid":{"rendered":"https:\/\/blogdoeloiltoncajuhy.com.br\/site\/?p=88028"},"modified":"2025-06-03T08:44:45","modified_gmt":"2025-06-03T11:44:45","slug":"gas-de-cozinha-deve-ficar-mais-barato-na-bahia","status":"publish","type":"post","link":"https:\/\/blogdoeloiltoncajuhy.com.br\/site\/gas-de-cozinha-deve-ficar-mais-barato-na-bahia\/","title":{"rendered":"G\u00e1s de cozinha deve ficar mais barato na Bahia"},"content":{"rendered":"\n<p class=\"has-medium-font-size\"><strong>Altera\u00e7\u00e3o entrou em vigor no domingo, 1\u00ba de junho.<\/strong><\/p>\n\n\n\n<p><strong>Por A Tarde<\/strong><\/p>\n\n\n\n<figure class=\"wp-block-image aligncenter size-full\"><a href=\"https:\/\/i0.wp.com\/blogdoeloiltoncajuhy.com.br\/site\/wp-content\/uploads\/2022\/10\/gas-de-cozinha-Foto_Pedro-Ventura-Agencia-Brasilia.jpg\"><img data-recalc-dims=\"1\" fetchpriority=\"high\" decoding=\"async\" width=\"600\" height=\"420\" src=\"https:\/\/i0.wp.com\/blogdoeloiltoncajuhy.com.br\/site\/wp-content\/uploads\/2022\/10\/gas-de-cozinha-Foto_Pedro-Ventura-Agencia-Brasilia.jpg?resize=600%2C420\" alt=\"\" class=\"wp-image-69752\" srcset=\"https:\/\/i0.wp.com\/blogdoeloiltoncajuhy.com.br\/site\/wp-content\/uploads\/2022\/10\/gas-de-cozinha-Foto_Pedro-Ventura-Agencia-Brasilia.jpg?w=600&amp;ssl=1 600w, https:\/\/i0.wp.com\/blogdoeloiltoncajuhy.com.br\/site\/wp-content\/uploads\/2022\/10\/gas-de-cozinha-Foto_Pedro-Ventura-Agencia-Brasilia.jpg?resize=300%2C210&amp;ssl=1 300w\" sizes=\"(max-width: 600px) 100vw, 600px\" \/><\/a><figcaption class=\"wp-element-caption\"><sub>Foto: Pedro Ventura\/Ag\u00eancia Bras\u00edlia<\/sub><\/figcaption><\/figure>\n\n\n\n<p>A Acelen, empresa respons\u00e1vel pela Refinaria de Mataripe, anunciou uma redu\u00e7\u00e3o de 5,5% no pre\u00e7o do g\u00e1s liquefeito de petr\u00f3leo (GLP) \u2014 o g\u00e1s de cozinha \u2014 vendido \u00e0s distribuidoras. A altera\u00e7\u00e3o entrou em vigor no domingo, 1\u00ba de junho, e deve impactar o valor final pago pelos consumidores, a depender das margens aplicadas por revendedores.<\/p>\n\n\n\n<p><a href=\"https:\/\/whatsapp.com\/channel\/0029VaAT7tDLI8Yfj5y9Z50Z\"><strong><mark style=\"background-color:rgba(0, 0, 0, 0)\" class=\"has-inline-color has-vivid-red-color\">>> Siga nosso canal no WhatsApp e veja mais not\u00edcias<\/mark><\/strong><\/a><\/p>\n\n\n\n<p>A medida \u00e9 resultado de uma atualiza\u00e7\u00e3o nos pre\u00e7os com base em crit\u00e9rios de mercado. De acordo com a empresa, os valores seguem par\u00e2metros t\u00e9cnicos e consideram fatores como o custo internacional do petr\u00f3leo, varia\u00e7\u00f5es do d\u00f3lar e despesas com frete.<\/p>\n\n\n\n<p>\u201cOs pre\u00e7os dos produtos seguem crit\u00e9rios de mercado, considerando vari\u00e1veis como custo do petr\u00f3leo, que \u00e9 adquirido a pre\u00e7os internacionais, d\u00f3lar e frete, podendo variar para cima ou para baixo\u201d, afirmou a Acelen em nota.<\/p>\n\n\n\n<p>Ainda segundo a companhia, a pol\u00edtica de pre\u00e7os adotada \u00e9 \u201ctransparente\u201d e \u201camparada por crit\u00e9rios t\u00e9cnicos\u201d, alinhada \u00e0s pr\u00e1ticas internacionais do setor de energia.<\/p>\n","protected":false},"excerpt":{"rendered":"<p>Altera\u00e7\u00e3o entrou em vigor no domingo, 1\u00ba de junho. Por A Tarde A Acelen, empresa respons\u00e1vel pela Refinaria de Mataripe, anunciou uma redu\u00e7\u00e3o de 5,5% no pre\u00e7o do g\u00e1s liquefeito de petr\u00f3leo (GLP) \u2014 o g\u00e1s de cozinha \u2014 vendido \u00e0s distribuidoras. A altera\u00e7\u00e3o entrou em vigor no domingo, 1\u00ba de junho, e deve impactar [&hellip;]<\/p>\n","protected":false},"author":2,"featured_media":69752,"comment_status":"open","ping_status":"open","sticky":false,"template":"","format":"standard","meta":{"_acf_changed":false,"_monsterinsights_skip_tracking":false,"_monsterinsights_sitenote_active":false,"_monsterinsights_sitenote_note":"","_monsterinsights_sitenote_category":0,"_jetpack_memberships_contains_paid_content":false,"footnotes":"","jetpack_publicize_message":"","jetpack_publicize_feature_enabled":true,"jetpack_social_post_already_shared":true,"jetpack_social_options":{"image_generator_settings":{"template":"highway","default_image_id":0,"font":"","enabled":false},"version":2}},"categories":[31],"tags":[],"class_list":["post-88028","post","type-post","status-publish","format-standard","has-post-thumbnail","hentry","category-economia"],"acf":[],"jetpack_publicize_connections":[],"jetpack_featured_media_url":"https:\/\/i0.wp.com\/blogdoeloiltoncajuhy.com.br\/site\/wp-content\/uploads\/2022\/10\/gas-de-cozinha-Foto_Pedro-Ventura-Agencia-Brasilia.jpg?fit=600%2C420&ssl=1","jetpack_sharing_enabled":true,"publishpress_future_workflow_manual_trigger":{"enabledWorkflows":[]},"_links":{"self":[{"href":"https:\/\/blogdoeloiltoncajuhy.com.br\/site\/wp-json\/wp\/v2\/posts\/88028","targetHints":{"allow":["GET"]}}],"collection":[{"href":"https:\/\/blogdoeloiltoncajuhy.com.br\/site\/wp-json\/wp\/v2\/posts"}],"about":[{"href":"https:\/\/blogdoeloiltoncajuhy.com.br\/site\/wp-json\/wp\/v2\/types\/post"}],"author":[{"embeddable":true,"href":"https:\/\/blogdoeloiltoncajuhy.com.br\/site\/wp-json\/wp\/v2\/users\/2"}],"replies":[{"embeddable":true,"href":"https:\/\/blogdoeloiltoncajuhy.com.br\/site\/wp-json\/wp\/v2\/comments?post=88028"}],"version-history":[{"count":1,"href":"https:\/\/blogdoeloiltoncajuhy.com.br\/site\/wp-json\/wp\/v2\/posts\/88028\/revisions"}],"predecessor-version":[{"id":88029,"href":"https:\/\/blogdoeloiltoncajuhy.com.br\/site\/wp-json\/wp\/v2\/posts\/88028\/revisions\/88029"}],"wp:featuredmedia":[{"embeddable":true,"href":"https:\/\/blogdoeloiltoncajuhy.com.br\/site\/wp-json\/wp\/v2\/media\/69752"}],"wp:attachment":[{"href":"https:\/\/blogdoeloiltoncajuhy.com.br\/site\/wp-json\/wp\/v2\/media?parent=88028"}],"wp:term":[{"taxonomy":"category","embeddable":true,"href":"https:\/\/blogdoeloiltoncajuhy.com.br\/site\/wp-json\/wp\/v2\/categories?post=88028"},{"taxonomy":"post_tag","embeddable":true,"href":"https:\/\/blogdoeloiltoncajuhy.com.br\/site\/wp-json\/wp\/v2\/tags?post=88028"}],"curies":[{"name":"wp","href":"https:\/\/api.w.org\/{rel}","templated":true}]}}