{"id":88026,"date":"2025-06-03T08:22:30","date_gmt":"2025-06-03T11:22:30","guid":{"rendered":"https:\/\/blogdoeloiltoncajuhy.com.br\/site\/?p=88026"},"modified":"2025-06-03T08:22:32","modified_gmt":"2025-06-03T11:22:32","slug":"stf-marca-interrogatorio-de-bolsonaro-e-demais-reus-da-trama-golpista","status":"publish","type":"post","link":"https:\/\/blogdoeloiltoncajuhy.com.br\/site\/stf-marca-interrogatorio-de-bolsonaro-e-demais-reus-da-trama-golpista\/","title":{"rendered":"STF marca interrogat\u00f3rio de Bolsonaro e demais r\u00e9us da trama golpista"},"content":{"rendered":"\n<p class=\"has-medium-font-size\"><strong>O primeiro a ser ouvido ser\u00e1 Mauro Cid, ex-ajudante de ordens do ex-mandat\u00e1rio.<\/strong><\/p>\n\n\n\n<p><strong>Por Brasil 247<\/strong><\/p>\n\n\n\n<figure class=\"wp-block-image aligncenter size-full is-resized\"><a href=\"https:\/\/i0.wp.com\/blogdoeloiltoncajuhy.com.br\/site\/wp-content\/uploads\/2024\/10\/Ex-presidente-Jair-Bolsonaro-%E2%80%94-Foto-Amanda-Perobelli-Reuters.jpeg\"><img data-recalc-dims=\"1\" fetchpriority=\"high\" decoding=\"async\" width=\"760\" height=\"514\" src=\"https:\/\/i0.wp.com\/blogdoeloiltoncajuhy.com.br\/site\/wp-content\/uploads\/2024\/10\/Ex-presidente-Jair-Bolsonaro-%E2%80%94-Foto-Amanda-Perobelli-Reuters.jpeg?resize=760%2C514\" alt=\"\" class=\"wp-image-83610\" style=\"width:671px;height:auto\" srcset=\"https:\/\/i0.wp.com\/blogdoeloiltoncajuhy.com.br\/site\/wp-content\/uploads\/2024\/10\/Ex-presidente-Jair-Bolsonaro-%E2%80%94-Foto-Amanda-Perobelli-Reuters.jpeg?w=760&amp;ssl=1 760w, https:\/\/i0.wp.com\/blogdoeloiltoncajuhy.com.br\/site\/wp-content\/uploads\/2024\/10\/Ex-presidente-Jair-Bolsonaro-%E2%80%94-Foto-Amanda-Perobelli-Reuters.jpeg?resize=300%2C203&amp;ssl=1 300w\" sizes=\"(max-width: 760px) 100vw, 760px\" \/><\/a><figcaption class=\"wp-element-caption\"><sub>Ex-presidente Jair Bolsonaro \u2014 Foto: Amanda Perobelli\/Reuters<\/sub><\/figcaption><\/figure>\n\n\n\n<p>O Supremo Tribunal Federal (STF) vai iniciar, na pr\u00f3xima segunda-feira (9), a fase de interrogat\u00f3rios dos r\u00e9us no processo que apura uma tentativa de golpe de Estado para manter Jair Bolsonaro no poder. O relator do caso \u00e9 o ministro Alexandre de Moraes.<\/p>\n\n\n\n<p>No total, sete r\u00e9us prestar\u00e3o depoimento. As oitivas ocorrer\u00e3o de forma presencial na sala da 1\u00aa Turma do STF, em Bras\u00edlia. A \u00fanica exce\u00e7\u00e3o ser\u00e1 Walter Braga Netto, preso preventivamente no Rio de Janeiro, que ser\u00e1 ouvido por videoconfer\u00eancia.<\/p>\n\n\n\n<p><a href=\"https:\/\/whatsapp.com\/channel\/0029VaAT7tDLI8Yfj5y9Z50Z\"><strong><mark style=\"background-color:rgba(0, 0, 0, 0)\" class=\"has-inline-color has-vivid-red-color\">>> Siga nosso canal no WhatsApp e veja mais not\u00edcias<\/mark><\/strong><\/a><\/p>\n\n\n\n<p>O primeiro a ser ouvido ser\u00e1 Mauro Cid, ex-ajudante de ordens de Bolsonaro e delator no inqu\u00e9rito. Ap\u00f3s ele, os demais acusados \u2014 apontados como parte do &#8220;n\u00facleo crucial&#8221; do suposto plano golpista \u2014 ser\u00e3o ouvidos em ordem alfab\u00e9tica.<\/p>\n\n\n\n<p>Est\u00e3o na lista o ex-diretor da Abin Alexandre Ramagem, o ex-comandante da Marinha Almir Garnier, o ex-ministro da Justi\u00e7a Anderson Torres, o general Augusto Heleno, al\u00e9m do pr\u00f3prio Jair Bolsonaro, do ex-ministro da Defesa Paulo S\u00e9rgio Nogueira e de Braga Netto, ex-ministro da Casa Civil.<\/p>\n","protected":false},"excerpt":{"rendered":"<p>O primeiro a ser ouvido ser\u00e1 Mauro Cid, ex-ajudante de ordens do ex-mandat\u00e1rio. Por Brasil 247 O Supremo Tribunal Federal (STF) vai iniciar, na pr\u00f3xima segunda-feira (9), a fase de interrogat\u00f3rios dos r\u00e9us no processo que apura uma tentativa de golpe de Estado para manter Jair Bolsonaro no poder. O relator do caso \u00e9 o [&hellip;]<\/p>\n","protected":false},"author":2,"featured_media":87652,"comment_status":"open","ping_status":"open","sticky":false,"template":"","format":"standard","meta":{"_acf_changed":false,"_monsterinsights_skip_tracking":false,"_monsterinsights_sitenote_active":false,"_monsterinsights_sitenote_note":"","_monsterinsights_sitenote_category":0,"_jetpack_memberships_contains_paid_content":false,"footnotes":"","jetpack_publicize_message":"","jetpack_publicize_feature_enabled":true,"jetpack_social_post_already_shared":true,"jetpack_social_options":{"image_generator_settings":{"template":"highway","default_image_id":0,"font":"","enabled":false},"version":2}},"categories":[3],"tags":[],"class_list":["post-88026","post","type-post","status-publish","format-standard","has-post-thumbnail","hentry","category-politica"],"acf":[],"jetpack_publicize_connections":[],"jetpack_featured_media_url":"https:\/\/i0.wp.com\/blogdoeloiltoncajuhy.com.br\/site\/wp-content\/uploads\/2025\/05\/Bolsonaro-Foto-Pedro-Ladeira-Folhapress.png?fit=729%2C520&ssl=1","jetpack_sharing_enabled":true,"publishpress_future_workflow_manual_trigger":{"enabledWorkflows":[]},"_links":{"self":[{"href":"https:\/\/blogdoeloiltoncajuhy.com.br\/site\/wp-json\/wp\/v2\/posts\/88026","targetHints":{"allow":["GET"]}}],"collection":[{"href":"https:\/\/blogdoeloiltoncajuhy.com.br\/site\/wp-json\/wp\/v2\/posts"}],"about":[{"href":"https:\/\/blogdoeloiltoncajuhy.com.br\/site\/wp-json\/wp\/v2\/types\/post"}],"author":[{"embeddable":true,"href":"https:\/\/blogdoeloiltoncajuhy.com.br\/site\/wp-json\/wp\/v2\/users\/2"}],"replies":[{"embeddable":true,"href":"https:\/\/blogdoeloiltoncajuhy.com.br\/site\/wp-json\/wp\/v2\/comments?post=88026"}],"version-history":[{"count":1,"href":"https:\/\/blogdoeloiltoncajuhy.com.br\/site\/wp-json\/wp\/v2\/posts\/88026\/revisions"}],"predecessor-version":[{"id":88027,"href":"https:\/\/blogdoeloiltoncajuhy.com.br\/site\/wp-json\/wp\/v2\/posts\/88026\/revisions\/88027"}],"wp:featuredmedia":[{"embeddable":true,"href":"https:\/\/blogdoeloiltoncajuhy.com.br\/site\/wp-json\/wp\/v2\/media\/87652"}],"wp:attachment":[{"href":"https:\/\/blogdoeloiltoncajuhy.com.br\/site\/wp-json\/wp\/v2\/media?parent=88026"}],"wp:term":[{"taxonomy":"category","embeddable":true,"href":"https:\/\/blogdoeloiltoncajuhy.com.br\/site\/wp-json\/wp\/v2\/categories?post=88026"},{"taxonomy":"post_tag","embeddable":true,"href":"https:\/\/blogdoeloiltoncajuhy.com.br\/site\/wp-json\/wp\/v2\/tags?post=88026"}],"curies":[{"name":"wp","href":"https:\/\/api.w.org\/{rel}","templated":true}]}}