{"id":88022,"date":"2025-06-03T08:02:37","date_gmt":"2025-06-03T11:02:37","guid":{"rendered":"https:\/\/blogdoeloiltoncajuhy.com.br\/site\/?p=88022"},"modified":"2025-06-03T08:02:39","modified_gmt":"2025-06-03T11:02:39","slug":"bahia-lanca-primeiro-suco-de-uva-integral-da-agricultura-familiar","status":"publish","type":"post","link":"https:\/\/blogdoeloiltoncajuhy.com.br\/site\/bahia-lanca-primeiro-suco-de-uva-integral-da-agricultura-familiar\/","title":{"rendered":"Bahia lan\u00e7a primeiro suco de uva integral da agricultura familiar"},"content":{"rendered":"\n<p class=\"has-medium-font-size\"><strong>Cooperativa do Sert\u00e3o do S\u00e3o Francisco apresenta Mukin Fruit, suco 100% natural.<\/strong><\/p>\n\n\n\n<p><strong>Blog do Eloilton Cajuhy \u2013 BEC<\/strong><\/p>\n\n\n\n<figure class=\"wp-block-image aligncenter size-full is-resized\"><a href=\"https:\/\/i0.wp.com\/blogdoeloiltoncajuhy.com.br\/site\/wp-content\/uploads\/2025\/06\/GOVBA_Lancamento-Mukin-Fruit.png?ssl=1\"><img data-recalc-dims=\"1\" fetchpriority=\"high\" decoding=\"async\" width=\"576\" height=\"720\" src=\"https:\/\/i0.wp.com\/blogdoeloiltoncajuhy.com.br\/site\/wp-content\/uploads\/2025\/06\/GOVBA_Lancamento-Mukin-Fruit.png?resize=576%2C720&#038;ssl=1\" alt=\"\" class=\"wp-image-88023\" style=\"width:498px;height:auto\" srcset=\"https:\/\/i0.wp.com\/blogdoeloiltoncajuhy.com.br\/site\/wp-content\/uploads\/2025\/06\/GOVBA_Lancamento-Mukin-Fruit.png?w=576&amp;ssl=1 576w, https:\/\/i0.wp.com\/blogdoeloiltoncajuhy.com.br\/site\/wp-content\/uploads\/2025\/06\/GOVBA_Lancamento-Mukin-Fruit.png?resize=240%2C300&amp;ssl=1 240w\" sizes=\"(max-width: 576px) 100vw, 576px\" \/><\/a><figcaption class=\"wp-element-caption\"><sub>Bahia lan\u00e7a primeiro suco de uva integral da agricultura familiar &#8211; Foto: Divulga\u00e7\u00e3o<\/sub><\/figcaption><\/figure>\n\n\n\n<p>Salvador ser\u00e1 palco de um momento hist\u00f3rico para a agricultura familiar da Bahia. Nesta quarta-feira, 4 de junho, ser\u00e1 lan\u00e7ado oficialmente o Mukin Fruit, o primeiro suco de uva 100% integral, natural e livre de conservantes produzido por uma cooperativa da agricultura familiar no estado.<\/p>\n\n\n\n<p>O evento acontece no Emp\u00f3rio da Agricultura Familiar, no bairro do Rio Vermelho, em Salvador, \u00e0s 17h, e vai muito al\u00e9m da degusta\u00e7\u00e3o de um novo produto: simboliza a for\u00e7a da resist\u00eancia, da ancestralidade e da inova\u00e7\u00e3o que nascem no Sert\u00e3o do S\u00e3o Francisco.<\/p>\n\n\n\n<h4 class=\"wp-block-heading\"><strong><mark style=\"background-color:rgba(0, 0, 0, 0)\" class=\"has-inline-color has-black-color\">Um nome com ra\u00edzes<\/mark><\/strong><\/h4>\n\n\n\n<p>Mukin \u00e9 mais do que uma marca, \u00e9 um tributo aos povos origin\u00e1rios da regi\u00e3o de Sobradinho, que aliam a for\u00e7a ind\u00edgena e negra na constru\u00e7\u00e3o de um territ\u00f3rio f\u00e9rtil, culturalmente diverso e produtivo. Essa ess\u00eancia inspira o nome do suco e tamb\u00e9m a miss\u00e3o da Cooperativa Agroindustrial Vale do Para\u00edso (Cooperpara\u00edso), respons\u00e1vel pela produ\u00e7\u00e3o.<\/p>\n\n\n\n<p><a href=\"https:\/\/whatsapp.com\/channel\/0029VaAT7tDLI8Yfj5y9Z50Z\"><strong><mark style=\"background-color:rgba(0, 0, 0, 0)\" class=\"has-inline-color has-vivid-red-color\">>> Siga nosso canal no WhatsApp e veja mais not\u00edcias<\/mark><\/strong><\/a><\/p>\n\n\n\n<p>Essa transforma\u00e7\u00e3o garante mais renda para os cooperados, estimula a sucess\u00e3o rural, com os jovens assumindo a continuidade da produ\u00e7\u00e3o, e tem a expectativa de gerar mais de 500 empregos nos pr\u00f3ximos anos.<\/p>\n\n\n\n<h4 class=\"wp-block-heading\"><mark style=\"background-color:rgba(0, 0, 0, 0)\" class=\"has-inline-color has-black-color\"><strong>Suco 100% uva, 100% baiano<\/strong><\/mark><\/h4>\n\n\n\n<p>Com sede em Sobradinho, a Cooperpara\u00edso foi fundada em 2017 e atualmente re\u00fane 186 cooperados. O Mukin Fruit \u00e9 produzido a partir de uvas frescas cultivadas na pr\u00f3pria regi\u00e3o, sem adi\u00e7\u00e3o de a\u00e7\u00facar ou conservantes. O processo envolve apenas prensagem e pasteuriza\u00e7\u00e3o, resultando em um suco integral, saud\u00e1vel e ado\u00e7ado exclusivamente pela natureza.<\/p>\n\n\n\n<p>A cooperativa, com capacidade para processar at\u00e9 duas toneladas de frutas por hora, tem como meta abastecer tanto o mercado institucional quanto o privado, ampliando o alcance da produ\u00e7\u00e3o local e levando o selo da agricultura familiar baiana para todo o Brasil.<\/p>\n\n\n\n<p>A agroind\u00fastria da Cooperpara\u00edso foi requalificada com o apoio do Governo da Bahia, por meio da Companhia de Desenvolvimento e A\u00e7\u00e3o Regional (CAR), garantindo maior efici\u00eancia e qualidade no processamento.<\/p>\n\n\n\n<h4 class=\"wp-block-heading\"><strong><mark style=\"background-color:rgba(0, 0, 0, 0)\" class=\"has-inline-color has-black-color\">Apresenta\u00e7\u00e3o nacional<\/mark><\/strong><\/h4>\n\n\n\n<p>Ap\u00f3s o lan\u00e7amento em Salvador, o Mukin Fruit ser\u00e1 apresentado nacionalmente na Naturaltech 2025, maior feira de produtos naturais e org\u00e2nicos da Am\u00e9rica Latina, que acontece de 11 a 14 de junho, em S\u00e3o Paulo. A expectativa \u00e9 ampliar mercados e fortalecer a presen\u00e7a da agricultura familiar baiana no cen\u00e1rio nacional.<\/p>\n\n\n\n<blockquote class=\"wp-block-quote is-layout-flow wp-block-quote-is-layout-flow\">\n<p><strong><mark style=\"background-color:rgba(0, 0, 0, 0)\" class=\"has-inline-color has-black-color\">\u201c\u00c9 um suco totalmente ecol\u00f3gico, feito com carinho, e que tem tudo para cair no gosto do consumidor. Mais do que um produto, ele \u00e9 s\u00edmbolo de transforma\u00e7\u00e3o e esperan\u00e7a\u201d, afirma Josivan Souza, presidente da Cooperpara\u00edso.<\/mark><\/strong><\/p>\n<\/blockquote>\n","protected":false},"excerpt":{"rendered":"<p>Cooperativa do Sert\u00e3o do S\u00e3o Francisco apresenta Mukin Fruit, suco 100% natural. Blog do Eloilton Cajuhy \u2013 BEC Salvador ser\u00e1 palco de um momento hist\u00f3rico para a agricultura familiar da Bahia. Nesta quarta-feira, 4 de junho, ser\u00e1 lan\u00e7ado oficialmente o Mukin Fruit, o primeiro suco de uva 100% integral, natural e livre de conservantes produzido [&hellip;]<\/p>\n","protected":false},"author":2,"featured_media":88024,"comment_status":"open","ping_status":"open","sticky":false,"template":"","format":"standard","meta":{"_acf_changed":false,"_monsterinsights_skip_tracking":false,"_monsterinsights_sitenote_active":false,"_monsterinsights_sitenote_note":"","_monsterinsights_sitenote_category":0,"_jetpack_memberships_contains_paid_content":false,"footnotes":"","jetpack_publicize_message":"","jetpack_publicize_feature_enabled":true,"jetpack_social_post_already_shared":false,"jetpack_social_options":{"image_generator_settings":{"template":"highway","enabled":false},"version":2}},"categories":[31],"tags":[],"class_list":["post-88022","post","type-post","status-publish","format-standard","has-post-thumbnail","hentry","category-economia"],"acf":[],"jetpack_publicize_connections":[],"jetpack_featured_media_url":"https:\/\/i0.wp.com\/blogdoeloiltoncajuhy.com.br\/site\/wp-content\/uploads\/2025\/06\/GOVBA_Lancamento-Mukin-Fruit-Capa.png?fit=548%2C632&ssl=1","jetpack_sharing_enabled":true,"publishpress_future_workflow_manual_trigger":{"enabledWorkflows":[]},"_links":{"self":[{"href":"https:\/\/blogdoeloiltoncajuhy.com.br\/site\/wp-json\/wp\/v2\/posts\/88022","targetHints":{"allow":["GET"]}}],"collection":[{"href":"https:\/\/blogdoeloiltoncajuhy.com.br\/site\/wp-json\/wp\/v2\/posts"}],"about":[{"href":"https:\/\/blogdoeloiltoncajuhy.com.br\/site\/wp-json\/wp\/v2\/types\/post"}],"author":[{"embeddable":true,"href":"https:\/\/blogdoeloiltoncajuhy.com.br\/site\/wp-json\/wp\/v2\/users\/2"}],"replies":[{"embeddable":true,"href":"https:\/\/blogdoeloiltoncajuhy.com.br\/site\/wp-json\/wp\/v2\/comments?post=88022"}],"version-history":[{"count":1,"href":"https:\/\/blogdoeloiltoncajuhy.com.br\/site\/wp-json\/wp\/v2\/posts\/88022\/revisions"}],"predecessor-version":[{"id":88025,"href":"https:\/\/blogdoeloiltoncajuhy.com.br\/site\/wp-json\/wp\/v2\/posts\/88022\/revisions\/88025"}],"wp:featuredmedia":[{"embeddable":true,"href":"https:\/\/blogdoeloiltoncajuhy.com.br\/site\/wp-json\/wp\/v2\/media\/88024"}],"wp:attachment":[{"href":"https:\/\/blogdoeloiltoncajuhy.com.br\/site\/wp-json\/wp\/v2\/media?parent=88022"}],"wp:term":[{"taxonomy":"category","embeddable":true,"href":"https:\/\/blogdoeloiltoncajuhy.com.br\/site\/wp-json\/wp\/v2\/categories?post=88022"},{"taxonomy":"post_tag","embeddable":true,"href":"https:\/\/blogdoeloiltoncajuhy.com.br\/site\/wp-json\/wp\/v2\/tags?post=88022"}],"curies":[{"name":"wp","href":"https:\/\/api.w.org\/{rel}","templated":true}]}}