{"id":88015,"date":"2025-06-02T19:40:04","date_gmt":"2025-06-02T22:40:04","guid":{"rendered":"https:\/\/blogdoeloiltoncajuhy.com.br\/site\/?p=88015"},"modified":"2025-06-05T16:10:48","modified_gmt":"2025-06-05T19:10:48","slug":"a-licao-do-jardineiro","status":"publish","type":"post","link":"https:\/\/blogdoeloiltoncajuhy.com.br\/site\/a-licao-do-jardineiro\/","title":{"rendered":"A li\u00e7\u00e3o do jardineiro"},"content":{"rendered":"\n<p><strong>Blog do Eloilton Cajuhy \u2013 BEC<\/strong><\/p>\n\n\n\n<p><a href=\"https:\/\/whatsapp.com\/channel\/0029VaAT7tDLI8Yfj5y9Z50Z\"><strong><mark style=\"background-color:rgba(0, 0, 0, 0)\" class=\"has-inline-color has-vivid-red-color\">&gt;&gt; Siga nosso canal no WhatsApp e veja mais not\u00edcias<\/mark><\/strong><\/a><\/p>\n\n\n\n<figure class=\"wp-block-image aligncenter size-full is-resized\"><a href=\"https:\/\/i0.wp.com\/blogdoeloiltoncajuhy.com.br\/site\/wp-content\/uploads\/2025\/06\/Pinterest-02-06-25.jpg?ssl=1\"><img data-recalc-dims=\"1\" fetchpriority=\"high\" decoding=\"async\" width=\"792\" height=\"808\" src=\"https:\/\/i0.wp.com\/blogdoeloiltoncajuhy.com.br\/site\/wp-content\/uploads\/2025\/06\/Pinterest-02-06-25.jpg?resize=792%2C808&#038;ssl=1\" alt=\"\" class=\"wp-image-88016\" style=\"width:549px;height:auto\" srcset=\"https:\/\/i0.wp.com\/blogdoeloiltoncajuhy.com.br\/site\/wp-content\/uploads\/2025\/06\/Pinterest-02-06-25.jpg?w=792&amp;ssl=1 792w, https:\/\/i0.wp.com\/blogdoeloiltoncajuhy.com.br\/site\/wp-content\/uploads\/2025\/06\/Pinterest-02-06-25.jpg?resize=294%2C300&amp;ssl=1 294w, https:\/\/i0.wp.com\/blogdoeloiltoncajuhy.com.br\/site\/wp-content\/uploads\/2025\/06\/Pinterest-02-06-25.jpg?resize=768%2C784&amp;ssl=1 768w\" sizes=\"(max-width: 792px) 100vw, 792px\" \/><\/a><figcaption class=\"wp-element-caption\"><sub>Imagem: Pinterest<\/sub><\/figcaption><\/figure>\n\n\n\n<p>Um dia, o executivo de uma grande empresa contratou, pelo telefone, um jardineiro aut\u00f4nomo para fazer a manuten\u00e7\u00e3o do seu jardim. Chegando em casa, o executivo viu que estava contratando um garoto de apenas 15 ou 16 anos de idade. Contudo, como j\u00e1 estava contratado, ele pediu para que o garoto executasse o servi\u00e7o.<\/p>\n\n\n\n<p>Quando terminou, o garoto solicitou ao dono da casa permiss\u00e3o para utilizar o telefone e o executivo n\u00e3o p\u00f4de deixar de ouvir a conversa. O garoto ligou para uma mulher e perguntou: &#8220;A senhora est\u00e1 precisando de um jardineiro?&#8221; &#8220;N\u00e3o. Eu j\u00e1 tenho um&#8221;, foi a resposta.<\/p>\n\n\n\n<p>&#8220;Mas, al\u00e9m de aparar a grama, frisou o garoto, eu tamb\u00e9m tiro o lixo&#8221;. &#8220;Nada demais&#8221;, retrucou a senhora, do outro lado da linha. &#8220;O meu jardineiro tamb\u00e9m faz isso&#8221;. O garoto insistiu: &#8220;eu limpo e lubrifico todas as ferramentas no final do servi\u00e7o&#8221;. &#8220;O meu jardineiro tamb\u00e9m&#8221;, tornou a falar a senhora.<\/p>\n\n\n\n<p>&#8220;Eu fa\u00e7o a programa\u00e7\u00e3o de atendimento, o mais r\u00e1pido poss\u00edvel&#8221;. &#8220;Bom, o meu jardineiro tamb\u00e9m me atende prontamente. Nunca me deixa esperando. Nunca se atrasa&#8221;.<\/p>\n\n\n\n<p>Numa \u00faltima tentativa, o menino arriscou: &#8220;o meu pre\u00e7o \u00e9 um dos melhores&#8221;. &#8220;N\u00e3o&#8221;, disse firme a voz ao telefone. &#8220;Muito obrigada! O pre\u00e7o do meu jardineiro tamb\u00e9m \u00e9 muito bom&#8221;.<\/p>\n\n\n\n<p>Desligado o telefone, o executivo disse ao jardineiro: &#8220;Meu rapaz, voc\u00ea perdeu um cliente&#8221;. &#8220;Claro que n\u00e3o&#8221;, respondeu r\u00e1pido. &#8220;Eu sou o jardineiro dela. Fiz isto apenas para medir o quanto ela estava satisfeita comigo&#8221;.<\/p>\n\n\n\n<p>Em se falando do jardim das afei\u00e7\u00f5es, quantos de n\u00f3s ter\u00edamos a coragem de fazer a pesquisa deste jardineiro? E, se fiz\u00e9ssemos, qual seria o resultado? Ser\u00e1 que alcan\u00e7ar\u00edamos o grau de satisfa\u00e7\u00e3o da cliente do pequeno jardineiro?<\/p>\n\n\n\n<p>Ser\u00e1 que temos, sempre em tempo oportuno e preciso, aparado as arestas dos azedumes e dos pequenos mal-entendidos?<\/p>\n\n\n\n<p>Estamos permitindo que se acumule o lixo das m\u00e1goas e da indiferen\u00e7a nos canteiros onde deveriam se concentrar as flores da afei\u00e7\u00e3o mais pura?<\/p>\n\n\n\n<p>Temos lubrificado, diariamente, as ferramentas da gentileza, da simpatia entre os nossos amores, atendendo as suas necessidades e car\u00eancias, com presteza?<\/p>\n\n\n\n<p>E, por fim, qual tem sido o nosso pre\u00e7o? Temos usado chantagem ou, como o jardineiro s\u00e1bio, cuidamos das mudinhas das afei\u00e7\u00f5es com carinho e as deixamos florescer, sem sufoc\u00e1-las?<\/p>\n\n\n\n<p>O amor floresce nos pequenos detalhes. Como gotas de chuva que umedecem o solo ou como o sol abundante que se faz generoso, distribuindo seu calor.<\/p>\n\n\n\n<p>A gentileza, a simpatia, o respeito s\u00e3o detalhes de suma import\u00e2ncia para que a floresc\u00eancia do amor seja plena e frutifique em felicidade.<\/p>\n\n\n\n<p><strong><mark style=\"background-color:rgba(0, 0, 0, 0)\" class=\"has-inline-color has-black-color\">Texto publicado no site<\/mark><\/strong> <strong><mark style=\"background-color:rgba(0, 0, 0, 0)\" class=\"has-inline-color has-vivid-cyan-blue-color\"><a href=\"https:\/\/www.reflexao.com.br\/?sect=inicio\" target=\"_blank\" rel=\"noreferrer noopener\">Momento de Reflex\u00e3o<\/a><\/mark><\/strong><\/p>\n","protected":false},"excerpt":{"rendered":"<p>Blog do Eloilton Cajuhy \u2013 BEC &gt;&gt; Siga nosso canal no WhatsApp e veja mais not\u00edcias Um dia, o executivo de uma grande empresa contratou, pelo telefone, um jardineiro aut\u00f4nomo para fazer a manuten\u00e7\u00e3o do seu jardim. Chegando em casa, o executivo viu que estava contratando um garoto de apenas 15 ou 16 anos de [&hellip;]<\/p>\n","protected":false},"author":2,"featured_media":88016,"comment_status":"open","ping_status":"open","sticky":false,"template":"","format":"standard","meta":{"_acf_changed":false,"_monsterinsights_skip_tracking":false,"_monsterinsights_sitenote_active":false,"_monsterinsights_sitenote_note":"","_monsterinsights_sitenote_category":0,"_jetpack_memberships_contains_paid_content":false,"footnotes":"","jetpack_publicize_message":"","jetpack_publicize_feature_enabled":true,"jetpack_social_post_already_shared":true,"jetpack_social_options":{"image_generator_settings":{"template":"highway","default_image_id":0,"font":"","enabled":false},"version":2}},"categories":[9],"tags":[],"class_list":["post-88015","post","type-post","status-publish","format-standard","has-post-thumbnail","hentry","category-reflexao"],"acf":[],"jetpack_publicize_connections":[],"jetpack_featured_media_url":"https:\/\/i0.wp.com\/blogdoeloiltoncajuhy.com.br\/site\/wp-content\/uploads\/2025\/06\/Pinterest-02-06-25.jpg?fit=792%2C808&ssl=1","jetpack_sharing_enabled":true,"publishpress_future_workflow_manual_trigger":{"enabledWorkflows":[]},"_links":{"self":[{"href":"https:\/\/blogdoeloiltoncajuhy.com.br\/site\/wp-json\/wp\/v2\/posts\/88015","targetHints":{"allow":["GET"]}}],"collection":[{"href":"https:\/\/blogdoeloiltoncajuhy.com.br\/site\/wp-json\/wp\/v2\/posts"}],"about":[{"href":"https:\/\/blogdoeloiltoncajuhy.com.br\/site\/wp-json\/wp\/v2\/types\/post"}],"author":[{"embeddable":true,"href":"https:\/\/blogdoeloiltoncajuhy.com.br\/site\/wp-json\/wp\/v2\/users\/2"}],"replies":[{"embeddable":true,"href":"https:\/\/blogdoeloiltoncajuhy.com.br\/site\/wp-json\/wp\/v2\/comments?post=88015"}],"version-history":[{"count":2,"href":"https:\/\/blogdoeloiltoncajuhy.com.br\/site\/wp-json\/wp\/v2\/posts\/88015\/revisions"}],"predecessor-version":[{"id":88085,"href":"https:\/\/blogdoeloiltoncajuhy.com.br\/site\/wp-json\/wp\/v2\/posts\/88015\/revisions\/88085"}],"wp:featuredmedia":[{"embeddable":true,"href":"https:\/\/blogdoeloiltoncajuhy.com.br\/site\/wp-json\/wp\/v2\/media\/88016"}],"wp:attachment":[{"href":"https:\/\/blogdoeloiltoncajuhy.com.br\/site\/wp-json\/wp\/v2\/media?parent=88015"}],"wp:term":[{"taxonomy":"category","embeddable":true,"href":"https:\/\/blogdoeloiltoncajuhy.com.br\/site\/wp-json\/wp\/v2\/categories?post=88015"},{"taxonomy":"post_tag","embeddable":true,"href":"https:\/\/blogdoeloiltoncajuhy.com.br\/site\/wp-json\/wp\/v2\/tags?post=88015"}],"curies":[{"name":"wp","href":"https:\/\/api.w.org\/{rel}","templated":true}]}}