{"id":88008,"date":"2025-06-02T16:33:01","date_gmt":"2025-06-02T19:33:01","guid":{"rendered":"https:\/\/blogdoeloiltoncajuhy.com.br\/site\/?p=88008"},"modified":"2025-06-02T16:36:57","modified_gmt":"2025-06-02T19:36:57","slug":"homem-acusado-de-homicidio-em-quice-e-preso-apos-manter-menor-de-ponto-novo-em-carcere-privado-em-destino-turistico-da-bahia","status":"publish","type":"post","link":"https:\/\/blogdoeloiltoncajuhy.com.br\/site\/homem-acusado-de-homicidio-em-quice-e-preso-apos-manter-menor-de-ponto-novo-em-carcere-privado-em-destino-turistico-da-bahia\/","title":{"rendered":"Homem acusado de homic\u00eddio em Quic\u00e9 \u00e9 preso ap\u00f3s manter menor de Ponto Novo em c\u00e1rcere privado em destino tur\u00edstico da Bahia"},"content":{"rendered":"\n<p class=\"has-medium-font-size\"><strong>Pris\u00e3o aconteceu na Ilha de Itaparica, destino tur\u00edstico baiano.<\/strong><\/p>\n\n\n\n<p><strong>Por Blog do Eloilton Cajuhy \u2013 BEC<\/strong><\/p>\n\n\n\n<figure class=\"wp-block-image aligncenter size-full is-resized\"><a href=\"https:\/\/i0.wp.com\/blogdoeloiltoncajuhy.com.br\/site\/wp-content\/uploads\/2025\/06\/PC_Cativeiro-Ilha-de-Itacare-2025-06-02.jpeg\"><img data-recalc-dims=\"1\" fetchpriority=\"high\" decoding=\"async\" width=\"703\" height=\"728\" src=\"https:\/\/i0.wp.com\/blogdoeloiltoncajuhy.com.br\/site\/wp-content\/uploads\/2025\/06\/PC_Cativeiro-Ilha-de-Itacare-2025-06-02.jpeg?resize=703%2C728\" alt=\"\" class=\"wp-image-88009\" style=\"width:525px;height:auto\" srcset=\"https:\/\/i0.wp.com\/blogdoeloiltoncajuhy.com.br\/site\/wp-content\/uploads\/2025\/06\/PC_Cativeiro-Ilha-de-Itacare-2025-06-02.jpeg?w=703&amp;ssl=1 703w, https:\/\/i0.wp.com\/blogdoeloiltoncajuhy.com.br\/site\/wp-content\/uploads\/2025\/06\/PC_Cativeiro-Ilha-de-Itacare-2025-06-02.jpeg?resize=290%2C300&amp;ssl=1 290w\" sizes=\"(max-width: 703px) 100vw, 703px\" \/><\/a><figcaption class=\"wp-element-caption\"><sub>Local onde a Pol\u00edcia Civil encontrou a menor em poder do suspeito de 36 anos &#8211; Foto: Divulga\u00e7\u00e3o \/ Pol\u00edcia Civil-BA<\/sub><\/figcaption><\/figure>\n\n\n\n<p>A Pol\u00edcia Civil, atrav\u00e9s da 19\u00aa Coorpin de Senhor do Bonfim, Delegacia de Ponto Novo, prendeu nesta segunda-feira (02), um homem de 36 anos, acusado de sequestrar e manter em c\u00e1rcere privado uma adolescente de 14 anos, moradora da cidade de Ponto Novo.<\/p>\n\n\n\n<p>As investiga\u00e7\u00f5es que culminaram com a pris\u00e3o do suspeito, tiveram in\u00edcio ap\u00f3s a den\u00fancia de poss\u00edvel sequestro\/c\u00e1rcere privado, depois que a adolescente teria sa\u00eddo de sua resid\u00eancia na cidade de Ponto Novo, na \u00faltima sexta-feira, 30 de maio, por volta das 02h, sem o conhecimento dos pais. Segundo informou a Pol\u00edcia Civil, neste domingo, 1\u00ba de junho, a adolescente passou a enviar mensagens para familiares, dizendo que estaria em c\u00e1rcere privado na ilha de Itaparica, em Vera Cruz, destino tur\u00edstico baiano.<\/p>\n\n\n\n<p>Ap\u00f3s investiga\u00e7\u00f5es intensas entre as delegacias de Ponto Novo (19\u00aa Coorpin) e de Itaparica (Depom), policiais conseguiram chegar ao cativeiro e libertar a menor. Ainda no local, o suspeito, de 36 anos, foi preso em flagrante.<\/p>\n\n\n\n<p>Para a surpresa da equipe, o autor do crime tamb\u00e9m foi identificado como sendo um dos integrantes de grupo criminoso de traficantes de drogas e de execu\u00e7\u00e3o de desafetos, que atua nas cidades de Filad\u00e9lfia, Ponto Novo e Senhor do Bonfim.<\/p>\n\n\n\n<p>A pol\u00edcia descobriu ainda que o mesmo acusado no sequestro da menor de Ponto Novo, tamb\u00e9m \u00e9 suspeito de ter assassinado <strong><mark style=\"background-color:rgba(0, 0, 0, 0)\" class=\"has-inline-color has-black-color\">Jos\u00e9 Hamilton Costa Lima<\/mark><\/strong>, fato ocorrido no dia 21 de janeiro de 2024, no Distrito do Quic\u00e9, interior de Senhor do Bonfim. Jos\u00e9 Hamilton estava dentro de um bar, quando foi alvejado por v\u00e1rios disparos de arma de fogo, morrendo no local. Desde ent\u00e3o, o homem, que n\u00e3o teve o nome revelado, era considerado foragido.<\/p>\n\n\n\n<p>Ap\u00f3s as dilig\u00eancias de praxe, o acusado foi encaminhado ao pres\u00eddio, ficando \u00e0 disposi\u00e7\u00e3o do Poder Judici\u00e1rio.<\/p>\n\n\n\n<p><a href=\"https:\/\/whatsapp.com\/channel\/0029VaAT7tDLI8Yfj5y9Z50Z\"><strong><mark style=\"background-color:rgba(0, 0, 0, 0)\" class=\"has-inline-color has-vivid-red-color\">&gt;&gt; Siga nosso canal no WhatsApp e veja mais not\u00edcias<\/mark><\/strong><\/a><\/p>\n","protected":false},"excerpt":{"rendered":"<p>Pris\u00e3o aconteceu na Ilha de Itaparica, destino tur\u00edstico baiano. Por Blog do Eloilton Cajuhy \u2013 BEC A Pol\u00edcia Civil, atrav\u00e9s da 19\u00aa Coorpin de Senhor do Bonfim, Delegacia de Ponto Novo, prendeu nesta segunda-feira (02), um homem de 36 anos, acusado de sequestrar e manter em c\u00e1rcere privado uma adolescente de 14 anos, moradora da [&hellip;]<\/p>\n","protected":false},"author":2,"featured_media":88009,"comment_status":"open","ping_status":"open","sticky":false,"template":"","format":"standard","meta":{"_acf_changed":false,"_monsterinsights_skip_tracking":false,"_monsterinsights_sitenote_active":false,"_monsterinsights_sitenote_note":"","_monsterinsights_sitenote_category":0,"_jetpack_memberships_contains_paid_content":false,"footnotes":"","jetpack_publicize_message":"","jetpack_publicize_feature_enabled":true,"jetpack_social_post_already_shared":true,"jetpack_social_options":{"image_generator_settings":{"template":"highway","default_image_id":0,"font":"","enabled":false},"version":2}},"categories":[15],"tags":[],"class_list":["post-88008","post","type-post","status-publish","format-standard","has-post-thumbnail","hentry","category-policia"],"acf":[],"jetpack_publicize_connections":[],"jetpack_featured_media_url":"https:\/\/i0.wp.com\/blogdoeloiltoncajuhy.com.br\/site\/wp-content\/uploads\/2025\/06\/PC_Cativeiro-Ilha-de-Itacare-2025-06-02.jpeg?fit=703%2C728&ssl=1","jetpack_sharing_enabled":true,"publishpress_future_workflow_manual_trigger":{"enabledWorkflows":[]},"_links":{"self":[{"href":"https:\/\/blogdoeloiltoncajuhy.com.br\/site\/wp-json\/wp\/v2\/posts\/88008","targetHints":{"allow":["GET"]}}],"collection":[{"href":"https:\/\/blogdoeloiltoncajuhy.com.br\/site\/wp-json\/wp\/v2\/posts"}],"about":[{"href":"https:\/\/blogdoeloiltoncajuhy.com.br\/site\/wp-json\/wp\/v2\/types\/post"}],"author":[{"embeddable":true,"href":"https:\/\/blogdoeloiltoncajuhy.com.br\/site\/wp-json\/wp\/v2\/users\/2"}],"replies":[{"embeddable":true,"href":"https:\/\/blogdoeloiltoncajuhy.com.br\/site\/wp-json\/wp\/v2\/comments?post=88008"}],"version-history":[{"count":5,"href":"https:\/\/blogdoeloiltoncajuhy.com.br\/site\/wp-json\/wp\/v2\/posts\/88008\/revisions"}],"predecessor-version":[{"id":88014,"href":"https:\/\/blogdoeloiltoncajuhy.com.br\/site\/wp-json\/wp\/v2\/posts\/88008\/revisions\/88014"}],"wp:featuredmedia":[{"embeddable":true,"href":"https:\/\/blogdoeloiltoncajuhy.com.br\/site\/wp-json\/wp\/v2\/media\/88009"}],"wp:attachment":[{"href":"https:\/\/blogdoeloiltoncajuhy.com.br\/site\/wp-json\/wp\/v2\/media?parent=88008"}],"wp:term":[{"taxonomy":"category","embeddable":true,"href":"https:\/\/blogdoeloiltoncajuhy.com.br\/site\/wp-json\/wp\/v2\/categories?post=88008"},{"taxonomy":"post_tag","embeddable":true,"href":"https:\/\/blogdoeloiltoncajuhy.com.br\/site\/wp-json\/wp\/v2\/tags?post=88008"}],"curies":[{"name":"wp","href":"https:\/\/api.w.org\/{rel}","templated":true}]}}