{"id":88005,"date":"2025-06-02T15:58:50","date_gmt":"2025-06-02T18:58:50","guid":{"rendered":"https:\/\/blogdoeloiltoncajuhy.com.br\/site\/?p=88005"},"modified":"2025-06-02T16:00:06","modified_gmt":"2025-06-02T19:00:06","slug":"divulgada-a-programacao-oficial-do-sao-pedro-de-andorinha-2","status":"publish","type":"post","link":"https:\/\/blogdoeloiltoncajuhy.com.br\/site\/divulgada-a-programacao-oficial-do-sao-pedro-de-andorinha-2\/","title":{"rendered":"Divulgada a programa\u00e7\u00e3o oficial do S\u00e3o Pedro de Andorinha"},"content":{"rendered":"\n<p class=\"has-medium-font-size\"><strong>Este ano a festa vai acontecer de 27 a 30 junho, quatro dias de programa\u00e7\u00e3o.<\/strong><\/p>\n\n\n\n<p><strong>Por Blog do Eloilton Cajuhy \u2013 BEC<\/strong><\/p>\n\n\n\n<figure class=\"wp-block-image aligncenter size-full is-resized\"><a href=\"https:\/\/i0.wp.com\/blogdoeloiltoncajuhy.com.br\/site\/wp-content\/uploads\/2022\/08\/Tierry-agosto-2022.webp\"><img data-recalc-dims=\"1\" fetchpriority=\"high\" decoding=\"async\" width=\"800\" height=\"598\" src=\"https:\/\/i0.wp.com\/blogdoeloiltoncajuhy.com.br\/site\/wp-content\/uploads\/2022\/08\/Tierry-agosto-2022.webp?resize=800%2C598\" alt=\"\" class=\"wp-image-67731\" style=\"width:639px;height:auto\" srcset=\"https:\/\/i0.wp.com\/blogdoeloiltoncajuhy.com.br\/site\/wp-content\/uploads\/2022\/08\/Tierry-agosto-2022.webp?w=984&amp;ssl=1 984w, https:\/\/i0.wp.com\/blogdoeloiltoncajuhy.com.br\/site\/wp-content\/uploads\/2022\/08\/Tierry-agosto-2022.webp?resize=300%2C224&amp;ssl=1 300w, https:\/\/i0.wp.com\/blogdoeloiltoncajuhy.com.br\/site\/wp-content\/uploads\/2022\/08\/Tierry-agosto-2022.webp?resize=768%2C574&amp;ssl=1 768w\" sizes=\"(max-width: 800px) 100vw, 800px\" \/><\/a><figcaption class=\"wp-element-caption\"><sub>Tierry ser\u00e1 uma das atra\u00e7\u00f5es do S\u00e3o Pedro 2025 de Andorinha &#8211; Foto: Divulga\u00e7\u00e3o<\/sub><\/figcaption><\/figure>\n\n\n\n<p>A Prefeitura de Andorinha divulgou na noite deste domingo, 1\u00ba de junho, a programa\u00e7\u00e3o oficial da Festa de S\u00e3o Pedro. Os tradicionais festejos ter\u00e3o in\u00edcio na sexta-feira, dia 27 de junho, se estendendo at\u00e9 a segunda-feira, dia 30, com 4 dias.<\/p>\n\n\n\n<p>Na grade oficial artistas como Tierry, Tayrone, Alcymar Monteiro e Cicinho de Assis.<\/p>\n\n\n\n<h2 class=\"wp-block-heading\"><strong><mark style=\"background-color:rgba(0, 0, 0, 0)\" class=\"has-inline-color has-black-color\">Confira:<\/mark><\/strong><\/h2>\n\n\n\n<ul class=\"wp-block-list\">\n<li><strong><mark style=\"background-color:rgba(0, 0, 0, 0)\" class=\"has-inline-color has-black-color\">27\/06 \u2013 Sexta-feira<\/mark><\/strong><\/li>\n<\/ul>\n\n\n\n<p>Devinho Novaes<\/p>\n\n\n\n<p>Kally Fonseca<\/p>\n\n\n\n<p>Ferro na Muleka<\/p>\n\n\n\n<p>Cicinho de Assis<\/p>\n\n\n\n<ul class=\"wp-block-list\">\n<li><strong><mark style=\"background-color:rgba(0, 0, 0, 0)\" class=\"has-inline-color has-black-color\">28\/06 \u2013 S\u00e1bado<\/mark><\/strong><\/li>\n<\/ul>\n\n\n\n<p>Tierry<\/p>\n\n\n\n<p>Maike Alan &amp; Paix\u00e3o di Vaqueiro<\/p>\n\n\n\n<p>Luiz Gustavo<\/p>\n\n\n\n<ul class=\"wp-block-list\">\n<li><strong><mark style=\"background-color:rgba(0, 0, 0, 0)\" class=\"has-inline-color has-black-color\">29\/06 \u2013 Domingo<\/mark><\/strong><\/li>\n<\/ul>\n\n\n\n<p>Thiago Aquino<\/p>\n\n\n\n<p>Alcymar Monteiro<\/p>\n\n\n\n<p>Capit\u00e3o Forr\u00f3<\/p>\n\n\n\n<p>Tinho do Acordeon<\/p>\n\n\n\n<ul class=\"wp-block-list\">\n<li><strong><mark style=\"background-color:rgba(0, 0, 0, 0)\" class=\"has-inline-color has-black-color\">Dia 30\/06 \u2013 Segunda-feira<\/mark><\/strong><\/li>\n<\/ul>\n\n\n\n<p>Tayrone<\/p>\n\n\n\n<p>Fl\u00e1vio Leandro<\/p>\n\n\n\n<p>D\u00e9bora Lee<\/p>\n\n\n\n<p>Tamb\u00e9m far\u00e3o parte da programa\u00e7\u00e3o, artistas locais e regionais que ser\u00e3o divulgados posteriormente.<\/p>\n\n\n\n<p><a href=\"https:\/\/whatsapp.com\/channel\/0029VaAT7tDLI8Yfj5y9Z50Z\"><strong><mark style=\"background-color:rgba(0, 0, 0, 0)\" class=\"has-inline-color has-vivid-red-color\">&gt;&gt; Siga nosso canal no WhatsApp e veja mais not\u00edcias<\/mark><\/strong><\/a><\/p>\n","protected":false},"excerpt":{"rendered":"<p>Este ano a festa vai acontecer de 27 a 30 junho, quatro dias de programa\u00e7\u00e3o. Por Blog do Eloilton Cajuhy \u2013 BEC A Prefeitura de Andorinha divulgou na noite deste domingo, 1\u00ba de junho, a programa\u00e7\u00e3o oficial da Festa de S\u00e3o Pedro. Os tradicionais festejos ter\u00e3o in\u00edcio na sexta-feira, dia 27 de junho, se estendendo [&hellip;]<\/p>\n","protected":false},"author":2,"featured_media":1685,"comment_status":"open","ping_status":"open","sticky":false,"template":"","format":"standard","meta":{"_acf_changed":false,"_monsterinsights_skip_tracking":false,"_monsterinsights_sitenote_active":false,"_monsterinsights_sitenote_note":"","_monsterinsights_sitenote_category":0,"_jetpack_memberships_contains_paid_content":false,"footnotes":"","jetpack_publicize_message":"","jetpack_publicize_feature_enabled":true,"jetpack_social_post_already_shared":true,"jetpack_social_options":{"image_generator_settings":{"template":"highway","default_image_id":0,"font":"","enabled":false},"version":2}},"categories":[11],"tags":[],"class_list":["post-88005","post","type-post","status-publish","format-standard","has-post-thumbnail","hentry","category-regional"],"acf":[],"jetpack_publicize_connections":[],"jetpack_featured_media_url":"https:\/\/i0.wp.com\/blogdoeloiltoncajuhy.com.br\/site\/wp-content\/uploads\/2015\/06\/Cicinho.jpg?fit=600%2C399&ssl=1","jetpack_sharing_enabled":true,"publishpress_future_workflow_manual_trigger":{"enabledWorkflows":[]},"_links":{"self":[{"href":"https:\/\/blogdoeloiltoncajuhy.com.br\/site\/wp-json\/wp\/v2\/posts\/88005","targetHints":{"allow":["GET"]}}],"collection":[{"href":"https:\/\/blogdoeloiltoncajuhy.com.br\/site\/wp-json\/wp\/v2\/posts"}],"about":[{"href":"https:\/\/blogdoeloiltoncajuhy.com.br\/site\/wp-json\/wp\/v2\/types\/post"}],"author":[{"embeddable":true,"href":"https:\/\/blogdoeloiltoncajuhy.com.br\/site\/wp-json\/wp\/v2\/users\/2"}],"replies":[{"embeddable":true,"href":"https:\/\/blogdoeloiltoncajuhy.com.br\/site\/wp-json\/wp\/v2\/comments?post=88005"}],"version-history":[{"count":2,"href":"https:\/\/blogdoeloiltoncajuhy.com.br\/site\/wp-json\/wp\/v2\/posts\/88005\/revisions"}],"predecessor-version":[{"id":88007,"href":"https:\/\/blogdoeloiltoncajuhy.com.br\/site\/wp-json\/wp\/v2\/posts\/88005\/revisions\/88007"}],"wp:featuredmedia":[{"embeddable":true,"href":"https:\/\/blogdoeloiltoncajuhy.com.br\/site\/wp-json\/wp\/v2\/media\/1685"}],"wp:attachment":[{"href":"https:\/\/blogdoeloiltoncajuhy.com.br\/site\/wp-json\/wp\/v2\/media?parent=88005"}],"wp:term":[{"taxonomy":"category","embeddable":true,"href":"https:\/\/blogdoeloiltoncajuhy.com.br\/site\/wp-json\/wp\/v2\/categories?post=88005"},{"taxonomy":"post_tag","embeddable":true,"href":"https:\/\/blogdoeloiltoncajuhy.com.br\/site\/wp-json\/wp\/v2\/tags?post=88005"}],"curies":[{"name":"wp","href":"https:\/\/api.w.org\/{rel}","templated":true}]}}