{"id":88001,"date":"2025-06-02T15:27:40","date_gmt":"2025-06-02T18:27:40","guid":{"rendered":"https:\/\/blogdoeloiltoncajuhy.com.br\/site\/?p=88001"},"modified":"2025-06-02T15:28:40","modified_gmt":"2025-06-02T18:28:40","slug":"nordestelab-prorroga-inscricoes-para-rodadas-de-negocios-ate-dia-03","status":"publish","type":"post","link":"https:\/\/blogdoeloiltoncajuhy.com.br\/site\/nordestelab-prorroga-inscricoes-para-rodadas-de-negocios-ate-dia-03\/","title":{"rendered":"NordesteLAB prorroga inscri\u00e7\u00f5es para Rodadas de Neg\u00f3cios at\u00e9 dia 03"},"content":{"rendered":"\n<p class=\"has-medium-font-size\"><strong>Mais de 30 players avaliam projetos audiovisuais das regi\u00f5es Norte, Nordeste e Centro-Oeste.<\/strong><\/p>\n\n\n\n<p><strong>Blog do Eloilton Cajuhy \u2013 BEC<\/strong><\/p>\n\n\n\n<figure class=\"wp-block-image aligncenter size-full\"><a href=\"https:\/\/i0.wp.com\/blogdoeloiltoncajuhy.com.br\/site\/wp-content\/uploads\/2025\/06\/NordesteLAB-Foto-Fari.jpeg?ssl=1\"><img data-recalc-dims=\"1\" fetchpriority=\"high\" decoding=\"async\" width=\"760\" height=\"506\" src=\"https:\/\/i0.wp.com\/blogdoeloiltoncajuhy.com.br\/site\/wp-content\/uploads\/2025\/06\/NordesteLAB-Foto-Fari.jpeg?resize=760%2C506&#038;ssl=1\" alt=\"\" class=\"wp-image-88002\" srcset=\"https:\/\/i0.wp.com\/blogdoeloiltoncajuhy.com.br\/site\/wp-content\/uploads\/2025\/06\/NordesteLAB-Foto-Fari.jpeg?w=760&amp;ssl=1 760w, https:\/\/i0.wp.com\/blogdoeloiltoncajuhy.com.br\/site\/wp-content\/uploads\/2025\/06\/NordesteLAB-Foto-Fari.jpeg?resize=300%2C200&amp;ssl=1 300w\" sizes=\"(max-width: 760px) 100vw, 760px\" \/><\/a><figcaption class=\"wp-element-caption\"><sub>Foto: Fari<\/sub><\/figcaption><\/figure>\n\n\n\n<p>As inscri\u00e7\u00f5es para as Rodadas de Neg\u00f3cios do NordesteLAB foram prorrogadas at\u00e9 o dia 03 de junho. Podem se inscrever realizadores e empresas produtoras audiovisuais independentes de qualquer porte com CNPJ, incluindo com registro MEI, com sede nas regi\u00f5es Nordeste, Centro-Oeste e Norte. As inscri\u00e7\u00f5es podem ser feitas no site, atrav\u00e9s do link: <a href=\"http:\/\/www.nordestelab.com.br\"><strong><mark style=\"background-color:rgba(0, 0, 0, 0)\" class=\"has-inline-color has-vivid-cyan-blue-color\">www.nordestelab.com.br<\/mark><\/strong><\/a> . O evento ser\u00e1 realizado de 05 a 08 de agosto, no Goethe-Institut, em Salvador (BA).<\/p>\n\n\n\n<p>Nesta edi\u00e7\u00e3o, mais de 30 players j\u00e1 confirmaram participa\u00e7\u00e3o nas Rodadas de Neg\u00f3cios do NordesteLAB. Entre eles, streamings como Amazon, Globoplay, Max e Looke; canais de TV aberta e fechada como Globo, GNT, Canal Brasil, Gloob e Futura, al\u00e9m de distribuidoras de filmes, s\u00e9ries e reality como Downtown Filmes, Gullane+, Paramount Pictures Brasil, Encripta e Conspira\u00e7\u00e3o.<\/p>\n\n\n\n<p><a href=\"https:\/\/whatsapp.com\/channel\/0029VaAT7tDLI8Yfj5y9Z50Z\"><strong><mark style=\"background-color:rgba(0, 0, 0, 0)\" class=\"has-inline-color has-vivid-red-color\">>> Siga nosso canal no WhatsApp e veja mais not\u00edcias<\/mark><\/strong><\/a><\/p>\n\n\n\n<p>Realizado pelo Laborat\u00f3rio Audiovisual e pelo Audiovisual em Todos os Eixos, com apoio do Goethe-Institut e parceria do YouTube, o NordesteLAB re\u00fane em sua programa\u00e7\u00e3o, al\u00e9m das rodadas de neg\u00f3cios, mesas tem\u00e1ticas, cl\u00ednicas jur\u00eddicas, masterclasses e laborat\u00f3rio universit\u00e1rio.<\/p>\n\n\n\n<p>O projeto NordesteLAB foi contemplado pelo edital Greg\u00f3rios \u2013 Ano IV com recursos financeiros da Funda\u00e7\u00e3o Greg\u00f3rio de Mattos, Secretaria Municipal de Cultura e Turismo, Prefeitura de Salvador e da Pol\u00edtica Nacional Aldir Blanc de Fomento \u00e0 Cultura (PNAB), Minist\u00e9rio da Cultura, Governo Federal.<\/p>\n\n\n\n<p>O projeto foi contemplado nos Editais da Paulo Gustavo Bahia e tem apoio financeiro do Governo do Estado da Bahia atrav\u00e9s da Secretaria de Cultura via Lei Paulo Gustavo, direcionada pelo Minist\u00e9rio da Cultura, Governo Federal. Paulo Gustavo Bahia (PGBA) foi criada para a efetiva\u00e7\u00e3o das a\u00e7\u00f5es emergenciais de apoio ao setor cultural, visando cumprir a Lei Complementar n\u00ba 195, de 8 de julho de 2022.<\/p>\n\n\n\n<h3 class=\"wp-block-heading\"><strong><mark style=\"background-color:rgba(0, 0, 0, 0)\" class=\"has-inline-color has-luminous-vivid-orange-color\">SERVI\u00c7O:<\/mark><\/strong><\/h3>\n\n\n\n<ul class=\"wp-block-list\">\n<li><strong><mark style=\"background-color:rgba(0, 0, 0, 0)\" class=\"has-inline-color has-black-color\">O qu\u00ea:<\/mark><\/strong> Prorrogadas inscri\u00e7\u00f5es para Rodadas de Neg\u00f3cios &#8211; NordesteLAB 2025<br><\/li>\n<\/ul>\n\n\n\n<ul class=\"wp-block-list\">\n<li><strong><mark style=\"background-color:rgba(0, 0, 0, 0)\" class=\"has-inline-color has-black-color\">Prazo:<\/mark><\/strong> at\u00e9 03\/06<br><\/li>\n<\/ul>\n\n\n\n<ul class=\"wp-block-list\">\n<li><strong><mark style=\"background-color:rgba(0, 0, 0, 0)\" class=\"has-inline-color has-black-color\">Onde inscrever:<\/mark><\/strong> <a href=\"http:\/\/www.nordestelab.com.br\"><strong><mark style=\"background-color:rgba(0, 0, 0, 0)\" class=\"has-inline-color has-vivid-cyan-blue-color\">www.nordestelab.com.br<\/mark><\/strong><\/a><br><\/li>\n<\/ul>\n\n\n\n<ul class=\"wp-block-list\">\n<li><strong><mark style=\"background-color:rgba(0, 0, 0, 0)\" class=\"has-inline-color has-black-color\">Instagram:<\/mark><\/strong> @nordestetab_<\/li>\n<\/ul>\n","protected":false},"excerpt":{"rendered":"<p>Mais de 30 players avaliam projetos audiovisuais das regi\u00f5es Norte, Nordeste e Centro-Oeste. Blog do Eloilton Cajuhy \u2013 BEC As inscri\u00e7\u00f5es para as Rodadas de Neg\u00f3cios do NordesteLAB foram prorrogadas at\u00e9 o dia 03 de junho. Podem se inscrever realizadores e empresas produtoras audiovisuais independentes de qualquer porte com CNPJ, incluindo com registro MEI, com [&hellip;]<\/p>\n","protected":false},"author":2,"featured_media":88002,"comment_status":"open","ping_status":"open","sticky":false,"template":"","format":"standard","meta":{"_acf_changed":false,"_monsterinsights_skip_tracking":false,"_monsterinsights_sitenote_active":false,"_monsterinsights_sitenote_note":"","_monsterinsights_sitenote_category":0,"_jetpack_memberships_contains_paid_content":false,"footnotes":"","jetpack_publicize_message":"","jetpack_publicize_feature_enabled":true,"jetpack_social_post_already_shared":true,"jetpack_social_options":{"image_generator_settings":{"template":"highway","default_image_id":0,"font":"","enabled":false},"version":2}},"categories":[8],"tags":[],"class_list":["post-88001","post","type-post","status-publish","format-standard","has-post-thumbnail","hentry","category-cultura"],"acf":[],"jetpack_publicize_connections":[],"jetpack_featured_media_url":"https:\/\/i0.wp.com\/blogdoeloiltoncajuhy.com.br\/site\/wp-content\/uploads\/2025\/06\/NordesteLAB-Foto-Fari.jpeg?fit=760%2C506&ssl=1","jetpack_sharing_enabled":true,"publishpress_future_workflow_manual_trigger":{"enabledWorkflows":[]},"_links":{"self":[{"href":"https:\/\/blogdoeloiltoncajuhy.com.br\/site\/wp-json\/wp\/v2\/posts\/88001","targetHints":{"allow":["GET"]}}],"collection":[{"href":"https:\/\/blogdoeloiltoncajuhy.com.br\/site\/wp-json\/wp\/v2\/posts"}],"about":[{"href":"https:\/\/blogdoeloiltoncajuhy.com.br\/site\/wp-json\/wp\/v2\/types\/post"}],"author":[{"embeddable":true,"href":"https:\/\/blogdoeloiltoncajuhy.com.br\/site\/wp-json\/wp\/v2\/users\/2"}],"replies":[{"embeddable":true,"href":"https:\/\/blogdoeloiltoncajuhy.com.br\/site\/wp-json\/wp\/v2\/comments?post=88001"}],"version-history":[{"count":2,"href":"https:\/\/blogdoeloiltoncajuhy.com.br\/site\/wp-json\/wp\/v2\/posts\/88001\/revisions"}],"predecessor-version":[{"id":88004,"href":"https:\/\/blogdoeloiltoncajuhy.com.br\/site\/wp-json\/wp\/v2\/posts\/88001\/revisions\/88004"}],"wp:featuredmedia":[{"embeddable":true,"href":"https:\/\/blogdoeloiltoncajuhy.com.br\/site\/wp-json\/wp\/v2\/media\/88002"}],"wp:attachment":[{"href":"https:\/\/blogdoeloiltoncajuhy.com.br\/site\/wp-json\/wp\/v2\/media?parent=88001"}],"wp:term":[{"taxonomy":"category","embeddable":true,"href":"https:\/\/blogdoeloiltoncajuhy.com.br\/site\/wp-json\/wp\/v2\/categories?post=88001"},{"taxonomy":"post_tag","embeddable":true,"href":"https:\/\/blogdoeloiltoncajuhy.com.br\/site\/wp-json\/wp\/v2\/tags?post=88001"}],"curies":[{"name":"wp","href":"https:\/\/api.w.org\/{rel}","templated":true}]}}