{"id":87998,"date":"2025-06-02T14:56:06","date_gmt":"2025-06-02T17:56:06","guid":{"rendered":"https:\/\/blogdoeloiltoncajuhy.com.br\/site\/?p=87998"},"modified":"2025-06-02T20:27:03","modified_gmt":"2025-06-02T23:27:03","slug":"policlinica-regional-de-saude-de-senhor-do-bonfim-abre-inscricoes-para-processo-seletivo","status":"publish","type":"post","link":"https:\/\/blogdoeloiltoncajuhy.com.br\/site\/policlinica-regional-de-saude-de-senhor-do-bonfim-abre-inscricoes-para-processo-seletivo\/","title":{"rendered":"Policl\u00ednica Regional de Sa\u00fade de Senhor do Bonfim abre inscri\u00e7\u00f5es para Processo Seletivo"},"content":{"rendered":"\n<p class=\"has-medium-font-size\"><strong>O Processo Seletivo Simplificado visa a contrata\u00e7\u00e3o por prazo determinado de profissional, sob regime celetista.<\/strong><\/p>\n\n\n\n<p><strong>Por Blog do Eloilton Cajuhy \u2013 BEC<\/strong><\/p>\n\n\n\n<figure class=\"wp-block-image aligncenter size-full\"><a href=\"https:\/\/i0.wp.com\/blogdoeloiltoncajuhy.com.br\/site\/wp-content\/uploads\/2025\/06\/Policlinica-Senhor-do-Bonfim-02-06-25.jpeg?ssl=1\"><img data-recalc-dims=\"1\" fetchpriority=\"high\" decoding=\"async\" width=\"800\" height=\"365\" src=\"https:\/\/i0.wp.com\/blogdoeloiltoncajuhy.com.br\/site\/wp-content\/uploads\/2025\/06\/Policlinica-Senhor-do-Bonfim-02-06-25.jpeg?resize=800%2C365&#038;ssl=1\" alt=\"\" class=\"wp-image-87999\" srcset=\"https:\/\/i0.wp.com\/blogdoeloiltoncajuhy.com.br\/site\/wp-content\/uploads\/2025\/06\/Policlinica-Senhor-do-Bonfim-02-06-25.jpeg?w=950&amp;ssl=1 950w, https:\/\/i0.wp.com\/blogdoeloiltoncajuhy.com.br\/site\/wp-content\/uploads\/2025\/06\/Policlinica-Senhor-do-Bonfim-02-06-25.jpeg?resize=300%2C137&amp;ssl=1 300w, https:\/\/i0.wp.com\/blogdoeloiltoncajuhy.com.br\/site\/wp-content\/uploads\/2025\/06\/Policlinica-Senhor-do-Bonfim-02-06-25.jpeg?resize=768%2C351&amp;ssl=1 768w\" sizes=\"(max-width: 800px) 100vw, 800px\" \/><\/a><figcaption class=\"wp-element-caption\"><sub>Policl\u00ednica Regional de Sa\u00fade de Senhor do Bonfim abre inscri\u00e7\u00f5es para Processo Seletivo &#8211; Foto: Divulga\u00e7\u00e3o<\/sub><\/figcaption><\/figure>\n\n\n\n<p>Est\u00e3o abertas as inscri\u00e7\u00f5es para o Processo Seletivo Simplificado n\u00ba 01\/2025 do Cons\u00f3rcio P\u00fablico Interfederativo de Sa\u00fade de Senhor do Bonfim. O referido processo visa a contrata\u00e7\u00e3o de profissionais por tempo determinado para atuarem na Policl\u00ednica Regional de Sa\u00fade em Senhor do Bonfim.<\/p>\n\n\n\n<p><a href=\"https:\/\/whatsapp.com\/channel\/0029VaAT7tDLI8Yfj5y9Z50Z\"><strong><mark style=\"background-color:rgba(0, 0, 0, 0)\" class=\"has-inline-color has-vivid-red-color\">&gt;&gt; Siga nosso canal no WhatsApp e veja mais not\u00edcias<\/mark><\/strong><\/a><\/p>\n\n\n\n<p>De acordo com edital publicado na \u00faltima quinta-feira, 29 de maio, o processo seletivo tem prazo de validade de at\u00e9 12 meses, a contar da data da homologa\u00e7\u00e3o do certame, podendo ser prorrogado por igual per\u00edodo, a crit\u00e9rio do Cons\u00f3rcio P\u00fablico Interfederativo da Regi\u00e3o de Senhor do Bonfim, e ser\u00e1 constitu\u00eddo de uma \u00fanica etapa: Avalia\u00e7\u00e3o do Curr\u00edculo Lattes, com descri\u00e7\u00e3o e comprova\u00e7\u00e3o de t\u00edtulos, diploma de gradua\u00e7\u00e3o e\/ou diploma curso t\u00e9cnico, registro profissional, produ\u00e7\u00e3o acad\u00eamica, experi\u00eancia profissional no cargo inscrito, de car\u00e1ter classificat\u00f3rio e eliminat\u00f3rio.<\/p>\n\n\n\n<p>Os candidatos que n\u00e3o forem aprovados dentro do n\u00famero de vagas, figurar\u00e3o no cadastro de reserva e poder\u00e3o ser convocados de acordo com a necessidade da Administra\u00e7\u00e3o, obedecendo-se a ordem de classifica\u00e7\u00e3o do cadastro de reserva.<\/p>\n\n\n\n<p>Ainda segundo o edital, h\u00e1 vagas para M\u00e9dico, Assistente Social, T\u00e9cnico em Radiologia, Assessor T\u00e9cnico, Assistente Administrativo, Enfermeiro, Farmac\u00eautico, Nutricionista, Psic\u00f3logo, Ouvidor e T\u00e9cnico em Enfermagem. O edital n\u00e3o cita o n\u00famero de vagas.<\/p>\n\n\n\n<p>As inscri\u00e7\u00f5es para esta sele\u00e7\u00e3o p\u00fablica simplificada do Cons\u00f3rcio P\u00fablico Interfederativo de Sa\u00fade de Senhor do Bonfim ser\u00e3o realizadas, de 02 a 13 de junho, de forma presencial, no endere\u00e7o do Cons\u00f3rcio na Rodovia BA-131, Km 01, Senhor do Bonfim, antiga Ebal, mesmo pr\u00e9dio do Cons\u00f3rcio de Obras, ou por meio do e-mail: <strong><mark style=\"background-color:rgba(0, 0, 0, 0)\" class=\"has-inline-color has-vivid-cyan-blue-color\">consorciosaudesenhordobonfim@gmail.com<\/mark><\/strong>.<\/p>\n\n\n\n<p><strong><mark style=\"background-color:rgba(0, 0, 0, 0)\" class=\"has-inline-color has-black-color\">Confira todos os detalhes acessando o edital abaixo:<\/mark><\/strong><\/p>\n\n\n\n<p><a href=\"https:\/\/impublicacoes.org\/trdados\/arquivos_agenda_2025\/05\/36189843ce4ffd5dd36702b81dcf304368386031d5f01.pdf\"><strong><mark style=\"background-color:rgba(0, 0, 0, 0)\" class=\"has-inline-color has-vivid-purple-color\">36189843ce4ffd5dd36702b81dcf304368386031d5f01.pdf<\/mark><\/strong><\/a><\/p>\n","protected":false},"excerpt":{"rendered":"<p>O Processo Seletivo Simplificado visa a contrata\u00e7\u00e3o por prazo determinado de profissional, sob regime celetista. Por Blog do Eloilton Cajuhy \u2013 BEC Est\u00e3o abertas as inscri\u00e7\u00f5es para o Processo Seletivo Simplificado n\u00ba 01\/2025 do Cons\u00f3rcio P\u00fablico Interfederativo de Sa\u00fade de Senhor do Bonfim. O referido processo visa a contrata\u00e7\u00e3o de profissionais por tempo determinado para [&hellip;]<\/p>\n","protected":false},"author":2,"featured_media":87999,"comment_status":"open","ping_status":"open","sticky":false,"template":"","format":"standard","meta":{"_acf_changed":false,"_monsterinsights_skip_tracking":false,"_monsterinsights_sitenote_active":false,"_monsterinsights_sitenote_note":"","_monsterinsights_sitenote_category":0,"_jetpack_memberships_contains_paid_content":false,"footnotes":"","jetpack_publicize_message":"","jetpack_publicize_feature_enabled":true,"jetpack_social_post_already_shared":true,"jetpack_social_options":{"image_generator_settings":{"template":"highway","default_image_id":0,"font":"","enabled":false},"version":2}},"categories":[32],"tags":[],"class_list":["post-87998","post","type-post","status-publish","format-standard","has-post-thumbnail","hentry","category-emprego"],"acf":[],"jetpack_publicize_connections":[],"jetpack_featured_media_url":"https:\/\/i0.wp.com\/blogdoeloiltoncajuhy.com.br\/site\/wp-content\/uploads\/2025\/06\/Policlinica-Senhor-do-Bonfim-02-06-25.jpeg?fit=950%2C434&ssl=1","jetpack_sharing_enabled":true,"publishpress_future_workflow_manual_trigger":{"enabledWorkflows":[]},"_links":{"self":[{"href":"https:\/\/blogdoeloiltoncajuhy.com.br\/site\/wp-json\/wp\/v2\/posts\/87998","targetHints":{"allow":["GET"]}}],"collection":[{"href":"https:\/\/blogdoeloiltoncajuhy.com.br\/site\/wp-json\/wp\/v2\/posts"}],"about":[{"href":"https:\/\/blogdoeloiltoncajuhy.com.br\/site\/wp-json\/wp\/v2\/types\/post"}],"author":[{"embeddable":true,"href":"https:\/\/blogdoeloiltoncajuhy.com.br\/site\/wp-json\/wp\/v2\/users\/2"}],"replies":[{"embeddable":true,"href":"https:\/\/blogdoeloiltoncajuhy.com.br\/site\/wp-json\/wp\/v2\/comments?post=87998"}],"version-history":[{"count":3,"href":"https:\/\/blogdoeloiltoncajuhy.com.br\/site\/wp-json\/wp\/v2\/posts\/87998\/revisions"}],"predecessor-version":[{"id":88019,"href":"https:\/\/blogdoeloiltoncajuhy.com.br\/site\/wp-json\/wp\/v2\/posts\/87998\/revisions\/88019"}],"wp:featuredmedia":[{"embeddable":true,"href":"https:\/\/blogdoeloiltoncajuhy.com.br\/site\/wp-json\/wp\/v2\/media\/87999"}],"wp:attachment":[{"href":"https:\/\/blogdoeloiltoncajuhy.com.br\/site\/wp-json\/wp\/v2\/media?parent=87998"}],"wp:term":[{"taxonomy":"category","embeddable":true,"href":"https:\/\/blogdoeloiltoncajuhy.com.br\/site\/wp-json\/wp\/v2\/categories?post=87998"},{"taxonomy":"post_tag","embeddable":true,"href":"https:\/\/blogdoeloiltoncajuhy.com.br\/site\/wp-json\/wp\/v2\/tags?post=87998"}],"curies":[{"name":"wp","href":"https:\/\/api.w.org\/{rel}","templated":true}]}}