{"id":87991,"date":"2025-06-02T09:04:05","date_gmt":"2025-06-02T12:04:05","guid":{"rendered":"https:\/\/blogdoeloiltoncajuhy.com.br\/site\/?p=87991"},"modified":"2025-06-02T09:05:05","modified_gmt":"2025-06-02T12:05:05","slug":"consulta-publica-sobre-regulacao-de-redes-sociais-vai-ate-o-dia-17","status":"publish","type":"post","link":"https:\/\/blogdoeloiltoncajuhy.com.br\/site\/consulta-publica-sobre-regulacao-de-redes-sociais-vai-ate-o-dia-17\/","title":{"rendered":"Consulta p\u00fablica sobre regula\u00e7\u00e3o de redes sociais vai at\u00e9 o dia 17"},"content":{"rendered":"\n<p class=\"has-medium-font-size\"><strong>Soberania, direitos humanos e liberdade de express\u00e3o est\u00e3o entre temas.<\/strong><\/p>\n\n\n\n<p><strong>Por Ag\u00eancia Brasil<\/strong><\/p>\n\n\n\n<figure class=\"wp-block-image aligncenter size-full\"><a href=\"https:\/\/i0.wp.com\/blogdoeloiltoncajuhy.com.br\/site\/wp-content\/uploads\/2025\/06\/Redes-Sociais-Foto-Bruno-Peres-Agencia-Brasil.png?ssl=1\"><img data-recalc-dims=\"1\" fetchpriority=\"high\" decoding=\"async\" width=\"760\" height=\"455\" src=\"https:\/\/i0.wp.com\/blogdoeloiltoncajuhy.com.br\/site\/wp-content\/uploads\/2025\/06\/Redes-Sociais-Foto-Bruno-Peres-Agencia-Brasil.png?resize=760%2C455&#038;ssl=1\" alt=\"\" class=\"wp-image-87992\" srcset=\"https:\/\/i0.wp.com\/blogdoeloiltoncajuhy.com.br\/site\/wp-content\/uploads\/2025\/06\/Redes-Sociais-Foto-Bruno-Peres-Agencia-Brasil.png?w=760&amp;ssl=1 760w, https:\/\/i0.wp.com\/blogdoeloiltoncajuhy.com.br\/site\/wp-content\/uploads\/2025\/06\/Redes-Sociais-Foto-Bruno-Peres-Agencia-Brasil.png?resize=300%2C180&amp;ssl=1 300w\" sizes=\"(max-width: 760px) 100vw, 760px\" \/><\/a><figcaption class=\"wp-element-caption\"><sub>Foto: Bruno Peres\/Ag\u00eancia Brasil<\/sub><\/figcaption><\/figure>\n\n\n\n<p>A consulta p\u00fablica lan\u00e7ada pelo Comit\u00ea Gestor da Internet no Brasil (CGI.br) nesta semana para receber contribui\u00e7\u00f5es da sociedade sobre princ\u00edpios para regula\u00e7\u00e3o de plataformas digitais de redes sociais no Brasil est\u00e1 aberta at\u00e9 17 de junho.<\/p>\n\n\n\n<p>A proposta preliminar com dez princ\u00edpios <a href=\"https:\/\/dialogos.cgi.br\/documentos\/debate\/regulacao-redes-sociais\/\"><strong><mark style=\"background-color:rgba(0, 0, 0, 0)\" class=\"has-inline-color has-vivid-cyan-blue-color\">pode ser acessada na plataforma Di\u00e1logos<\/mark><\/strong><\/a>.<\/p>\n\n\n\n<p class=\"has-black-color has-text-color has-link-color wp-elements-b3e494b489b4355cb55c696d641fee53\"><strong>Os dez princ\u00edpios elaborados pelo Comit\u00ea Gestor da Internet no Brasil s\u00e3o:<\/strong><\/p>\n\n\n\n<ul class=\"wp-block-list\">\n<li>Soberania e seguran\u00e7a nacional;<\/li>\n\n\n\n<li>Liberdade de express\u00e3o, privacidade e direitos humanos;<\/li>\n\n\n\n<li>Autodetermina\u00e7\u00e3o informacional;<\/li>\n\n\n\n<li>Integridade da Informa\u00e7\u00e3o;<\/li>\n\n\n\n<li>Inova\u00e7\u00e3o e desenvolvimento social;<\/li>\n\n\n\n<li>Transpar\u00eancia e presta\u00e7\u00e3o de contas;<\/li>\n\n\n\n<li>Interoperabilidade e portabilidade;<\/li>\n\n\n\n<li>Preven\u00e7\u00e3o de danos e responsabilidade;<\/li>\n\n\n\n<li>Proporcionalidade regulat\u00f3ria;<\/li>\n\n\n\n<li>Ambiente regulat\u00f3rio e Governan\u00e7a Multissetorial.<\/li>\n<\/ul>\n\n\n\n<p><\/p>\n\n\n\n<p>Em nota, a coordenadora do CGI.br, Renata Mielli, explica que a mobiliza\u00e7\u00e3o da sociedade em torno deste debate tem o prop\u00f3sito de ajudar no avan\u00e7o da regula\u00e7\u00e3o de plataformas digitais no pa\u00eds.<\/p>\n\n\n\n<p>\u201cNosso entendimento \u00e9 que esses princ\u00edpios devem equilibrar o poder das plataformas com a responsabiliza\u00e7\u00e3o por efeitos nocivos causados \u00e0 sociedade, garantindo transpar\u00eancia, proporcionalidade, respeito \u00e0 diversidade e aos direitos humanos\u201d.<\/p>\n\n\n\n<h4 class=\"wp-block-heading\"><strong><mark style=\"background-color:rgba(0, 0, 0, 0)\" class=\"has-inline-color has-black-color\">A proposta<\/mark><\/strong><\/h4>\n\n\n\n<p>No documento da proposta preliminar, as redes sociais s\u00e3o definidas como servi\u00e7os digitais que permitem a cria\u00e7\u00e3o, publica\u00e7\u00e3o, compartilhamento e circula\u00e7\u00e3o de conte\u00fados gerados por usu\u00e1rios, al\u00e9m da intera\u00e7\u00e3o social entre pessoas, grupos ou perfis p\u00fablicos.<\/p>\n\n\n\n<p><a href=\"https:\/\/whatsapp.com\/channel\/0029VaAT7tDLI8Yfj5y9Z50Z\"><strong><mark style=\"background-color:rgba(0, 0, 0, 0)\" class=\"has-inline-color has-vivid-red-color\">>> Siga nosso canal no WhatsApp e veja mais not\u00edcias<\/mark><\/strong><\/a><\/p>\n\n\n\n<p>O material ainda enfatiza que as redes sociais operam por meio de mecanismos \u201cfrequentemente monetizados por publicidade ou servi\u00e7os pagos, e desempenham papel central na forma\u00e7\u00e3o de redes de informa\u00e7\u00e3o, express\u00e3o, influ\u00eancia e mercado\u201d, diz a nota do Comit\u00ea Gestor da Internet no Brasil.<\/p>\n\n\n\n<p>O documento dispon\u00edvel defende que a regula\u00e7\u00e3o deve ser orientada por princ\u00edpios que garantam a defesa da soberania nacional, da democracia, assim como a prote\u00e7\u00e3o dos direitos fundamentais, a promo\u00e7\u00e3o de um ambiente de informa\u00e7\u00f5es saud\u00e1veis, a preserva\u00e7\u00e3o da liberdade de express\u00e3o e o est\u00edmulo \u00e0 inova\u00e7\u00e3o.<\/p>\n","protected":false},"excerpt":{"rendered":"<p>Soberania, direitos humanos e liberdade de express\u00e3o est\u00e3o entre temas. Por Ag\u00eancia Brasil A consulta p\u00fablica lan\u00e7ada pelo Comit\u00ea Gestor da Internet no Brasil (CGI.br) nesta semana para receber contribui\u00e7\u00f5es da sociedade sobre princ\u00edpios para regula\u00e7\u00e3o de plataformas digitais de redes sociais no Brasil est\u00e1 aberta at\u00e9 17 de junho. A proposta preliminar com dez [&hellip;]<\/p>\n","protected":false},"author":2,"featured_media":87992,"comment_status":"open","ping_status":"open","sticky":false,"template":"","format":"standard","meta":{"_acf_changed":false,"_monsterinsights_skip_tracking":false,"_monsterinsights_sitenote_active":false,"_monsterinsights_sitenote_note":"","_monsterinsights_sitenote_category":0,"_jetpack_memberships_contains_paid_content":false,"footnotes":"","jetpack_publicize_message":"","jetpack_publicize_feature_enabled":true,"jetpack_social_post_already_shared":true,"jetpack_social_options":{"image_generator_settings":{"template":"highway","default_image_id":0,"font":"","enabled":false},"version":2}},"categories":[5],"tags":[],"class_list":["post-87991","post","type-post","status-publish","format-standard","has-post-thumbnail","hentry","category-cotidiano"],"acf":[],"jetpack_publicize_connections":[],"jetpack_featured_media_url":"https:\/\/i0.wp.com\/blogdoeloiltoncajuhy.com.br\/site\/wp-content\/uploads\/2025\/06\/Redes-Sociais-Foto-Bruno-Peres-Agencia-Brasil.png?fit=760%2C455&ssl=1","jetpack_sharing_enabled":true,"publishpress_future_workflow_manual_trigger":{"enabledWorkflows":[]},"_links":{"self":[{"href":"https:\/\/blogdoeloiltoncajuhy.com.br\/site\/wp-json\/wp\/v2\/posts\/87991","targetHints":{"allow":["GET"]}}],"collection":[{"href":"https:\/\/blogdoeloiltoncajuhy.com.br\/site\/wp-json\/wp\/v2\/posts"}],"about":[{"href":"https:\/\/blogdoeloiltoncajuhy.com.br\/site\/wp-json\/wp\/v2\/types\/post"}],"author":[{"embeddable":true,"href":"https:\/\/blogdoeloiltoncajuhy.com.br\/site\/wp-json\/wp\/v2\/users\/2"}],"replies":[{"embeddable":true,"href":"https:\/\/blogdoeloiltoncajuhy.com.br\/site\/wp-json\/wp\/v2\/comments?post=87991"}],"version-history":[{"count":2,"href":"https:\/\/blogdoeloiltoncajuhy.com.br\/site\/wp-json\/wp\/v2\/posts\/87991\/revisions"}],"predecessor-version":[{"id":87994,"href":"https:\/\/blogdoeloiltoncajuhy.com.br\/site\/wp-json\/wp\/v2\/posts\/87991\/revisions\/87994"}],"wp:featuredmedia":[{"embeddable":true,"href":"https:\/\/blogdoeloiltoncajuhy.com.br\/site\/wp-json\/wp\/v2\/media\/87992"}],"wp:attachment":[{"href":"https:\/\/blogdoeloiltoncajuhy.com.br\/site\/wp-json\/wp\/v2\/media?parent=87991"}],"wp:term":[{"taxonomy":"category","embeddable":true,"href":"https:\/\/blogdoeloiltoncajuhy.com.br\/site\/wp-json\/wp\/v2\/categories?post=87991"},{"taxonomy":"post_tag","embeddable":true,"href":"https:\/\/blogdoeloiltoncajuhy.com.br\/site\/wp-json\/wp\/v2\/tags?post=87991"}],"curies":[{"name":"wp","href":"https:\/\/api.w.org\/{rel}","templated":true}]}}