{"id":87988,"date":"2025-06-02T08:45:01","date_gmt":"2025-06-02T11:45:01","guid":{"rendered":"https:\/\/blogdoeloiltoncajuhy.com.br\/site\/?p=87988"},"modified":"2025-06-02T08:45:03","modified_gmt":"2025-06-02T11:45:03","slug":"cantor-lenno-passa-por-audiencia-de-custodia-e-segue-preso-na-paraiba-enquanto-aguarda-transferencia-para-santa-maria-da-boa-vista","status":"publish","type":"post","link":"https:\/\/blogdoeloiltoncajuhy.com.br\/site\/cantor-lenno-passa-por-audiencia-de-custodia-e-segue-preso-na-paraiba-enquanto-aguarda-transferencia-para-santa-maria-da-boa-vista\/","title":{"rendered":"Cantor Lenno passa por audi\u00eancia de cust\u00f3dia e segue preso na Para\u00edba, enquanto aguarda transfer\u00eancia para Santa Maria da Boa Vista"},"content":{"rendered":"\n<p><strong>Blog do Eloilton Cajuhy \u2013 BEC<\/strong><\/p>\n\n\n\n<figure class=\"wp-block-image aligncenter size-full is-resized\"><a href=\"https:\/\/i0.wp.com\/blogdoeloiltoncajuhy.com.br\/site\/wp-content\/uploads\/2025\/06\/LENNO_Redes-Sociais.jpg?ssl=1\"><img data-recalc-dims=\"1\" fetchpriority=\"high\" decoding=\"async\" width=\"638\" height=\"391\" src=\"https:\/\/i0.wp.com\/blogdoeloiltoncajuhy.com.br\/site\/wp-content\/uploads\/2025\/06\/LENNO_Redes-Sociais.jpg?resize=638%2C391&#038;ssl=1\" alt=\"\" class=\"wp-image-87989\" style=\"width:742px;height:auto\" srcset=\"https:\/\/i0.wp.com\/blogdoeloiltoncajuhy.com.br\/site\/wp-content\/uploads\/2025\/06\/LENNO_Redes-Sociais.jpg?w=638&amp;ssl=1 638w, https:\/\/i0.wp.com\/blogdoeloiltoncajuhy.com.br\/site\/wp-content\/uploads\/2025\/06\/LENNO_Redes-Sociais.jpg?resize=300%2C184&amp;ssl=1 300w\" sizes=\"(max-width: 638px) 100vw, 638px\" \/><\/a><figcaption class=\"wp-element-caption\"><sub>Foto: Redes Sociais<\/sub><\/figcaption><\/figure>\n\n\n\n<p>O cantor <strong><mark style=\"background-color:rgba(0, 0, 0, 0)\" class=\"has-inline-color has-black-color\">Lenno Ferreira, da Banda Desejo de Menina<\/mark><\/strong>, preso na madrugada deste domingo (1) ap\u00f3s se apresentar com a Banda Desejo de Menina num show no bairro Jaguaribe, em Jo\u00e3o Pessoa, na Para\u00edba, passou por audi\u00eancia de cust\u00f3dia, teve a pris\u00e3o mantida e segue preso enquanto aguarda a transfer\u00eancia para a cidade de Santa Maria da Boa Vista\u2013PE, onde foi expedido o mandado de pris\u00e3o preventiva, devido ao envolvimento do cantor num acidente no dia 5 de maio.<\/p>\n\n\n\n<p>O mandado de pris\u00e3o preventiva expedido pela Justi\u00e7a de Pernambuco tem como base a acusa\u00e7\u00e3o de homic\u00eddio culposo na dire\u00e7\u00e3o de ve\u00edculo automotor e de condu\u00e7\u00e3o de ve\u00edculo sob efeito de \u00e1lcool ou subst\u00e2ncia psicoativa.<\/p>\n\n\n\n<p>De acordo com informa\u00e7\u00e3o do <strong>g1<\/strong>, a defesa do cantor emitiu nota afirmando que &#8220;recebeu com surpresa o cumprimento do decreto de pris\u00e3o preventiva&#8221;, justificando ainda que &#8220;o cantor jamais se furtou de prestar os esclarecimentos devidos perante as autoridades, n\u00e3o atentou contra as investiga\u00e7\u00f5es e n\u00e3o praticou qualquer ato capaz de ensejar a sua pris\u00e3o cautelar&#8221;.<\/p>\n\n\n\n<p><a href=\"https:\/\/whatsapp.com\/channel\/0029VaAT7tDLI8Yfj5y9Z50Z\"><strong><mark style=\"background-color:rgba(0, 0, 0, 0)\" class=\"has-inline-color has-vivid-red-color\">>> Siga nosso canal no WhatsApp e veja mais not\u00edcias<\/mark><\/strong><\/a><\/p>\n\n\n\n<p>O tenente coronel Fl\u00e1vio Santos, da Pol\u00edcia Militar da Para\u00edba, informou que chegou &#8220;um mandado de pris\u00e3o em aberto no nome dele, e esperamos terminar o show, para n\u00e3o prejudicar o p\u00fablico, e assim que terminou, demos cumprimento. Ele foi encaminhado para a Central de Flagrantes da Pol\u00edcia Civil, de onde deve ser transferido para Pernambuco&#8221;, informou.<\/p>\n\n\n\n<p>O acidente envolvendo o carro do cantor e uma Van, no dia 5 de maio, deixou pelo menos 7 feridos e uma morta, Thiara Freire.<\/p>\n\n\n\n<p>Ainda n\u00e3o h\u00e1 informa\u00e7\u00e3o sobre o dia em que o cantor ser\u00e1 encaminhado para Santa Maria da Boa Vista, local de origem da investiga\u00e7\u00e3o policial.<\/p>\n","protected":false},"excerpt":{"rendered":"<p>Blog do Eloilton Cajuhy \u2013 BEC O cantor Lenno Ferreira, da Banda Desejo de Menina, preso na madrugada deste domingo (1) ap\u00f3s se apresentar com a Banda Desejo de Menina num show no bairro Jaguaribe, em Jo\u00e3o Pessoa, na Para\u00edba, passou por audi\u00eancia de cust\u00f3dia, teve a pris\u00e3o mantida e segue preso enquanto aguarda a [&hellip;]<\/p>\n","protected":false},"author":2,"featured_media":87989,"comment_status":"open","ping_status":"open","sticky":false,"template":"","format":"standard","meta":{"_acf_changed":false,"_monsterinsights_skip_tracking":false,"_monsterinsights_sitenote_active":false,"_monsterinsights_sitenote_note":"","_monsterinsights_sitenote_category":0,"_jetpack_memberships_contains_paid_content":false,"footnotes":"","jetpack_publicize_message":"","jetpack_publicize_feature_enabled":true,"jetpack_social_post_already_shared":false,"jetpack_social_options":{"image_generator_settings":{"template":"highway","enabled":false},"version":2}},"categories":[8],"tags":[],"class_list":["post-87988","post","type-post","status-publish","format-standard","has-post-thumbnail","hentry","category-cultura"],"acf":[],"jetpack_publicize_connections":[],"jetpack_featured_media_url":"https:\/\/i0.wp.com\/blogdoeloiltoncajuhy.com.br\/site\/wp-content\/uploads\/2025\/06\/LENNO_Redes-Sociais.jpg?fit=638%2C391&ssl=1","jetpack_sharing_enabled":true,"publishpress_future_workflow_manual_trigger":{"enabledWorkflows":[]},"_links":{"self":[{"href":"https:\/\/blogdoeloiltoncajuhy.com.br\/site\/wp-json\/wp\/v2\/posts\/87988","targetHints":{"allow":["GET"]}}],"collection":[{"href":"https:\/\/blogdoeloiltoncajuhy.com.br\/site\/wp-json\/wp\/v2\/posts"}],"about":[{"href":"https:\/\/blogdoeloiltoncajuhy.com.br\/site\/wp-json\/wp\/v2\/types\/post"}],"author":[{"embeddable":true,"href":"https:\/\/blogdoeloiltoncajuhy.com.br\/site\/wp-json\/wp\/v2\/users\/2"}],"replies":[{"embeddable":true,"href":"https:\/\/blogdoeloiltoncajuhy.com.br\/site\/wp-json\/wp\/v2\/comments?post=87988"}],"version-history":[{"count":1,"href":"https:\/\/blogdoeloiltoncajuhy.com.br\/site\/wp-json\/wp\/v2\/posts\/87988\/revisions"}],"predecessor-version":[{"id":87990,"href":"https:\/\/blogdoeloiltoncajuhy.com.br\/site\/wp-json\/wp\/v2\/posts\/87988\/revisions\/87990"}],"wp:featuredmedia":[{"embeddable":true,"href":"https:\/\/blogdoeloiltoncajuhy.com.br\/site\/wp-json\/wp\/v2\/media\/87989"}],"wp:attachment":[{"href":"https:\/\/blogdoeloiltoncajuhy.com.br\/site\/wp-json\/wp\/v2\/media?parent=87988"}],"wp:term":[{"taxonomy":"category","embeddable":true,"href":"https:\/\/blogdoeloiltoncajuhy.com.br\/site\/wp-json\/wp\/v2\/categories?post=87988"},{"taxonomy":"post_tag","embeddable":true,"href":"https:\/\/blogdoeloiltoncajuhy.com.br\/site\/wp-json\/wp\/v2\/tags?post=87988"}],"curies":[{"name":"wp","href":"https:\/\/api.w.org\/{rel}","templated":true}]}}