{"id":87985,"date":"2025-06-02T08:31:36","date_gmt":"2025-06-02T11:31:36","guid":{"rendered":"https:\/\/blogdoeloiltoncajuhy.com.br\/site\/?p=87985"},"modified":"2025-06-02T08:31:38","modified_gmt":"2025-06-02T11:31:38","slug":"lei-estadual-fortalece-acesb-como-entidade-de-referencia-na-defesa-da-guerra-de-espadas-na-bahia","status":"publish","type":"post","link":"https:\/\/blogdoeloiltoncajuhy.com.br\/site\/lei-estadual-fortalece-acesb-como-entidade-de-referencia-na-defesa-da-guerra-de-espadas-na-bahia\/","title":{"rendered":"Lei Estadual fortalece Acesb como entidade de refer\u00eancia na defesa da Guerra de Espadas na Bahia"},"content":{"rendered":"\n<p><strong>Blog do Eloilton Cajuhy \u2013 BEC<\/strong><\/p>\n\n\n\n<figure class=\"wp-block-image aligncenter size-full is-resized\"><a href=\"https:\/\/i0.wp.com\/blogdoeloiltoncajuhy.com.br\/site\/wp-content\/uploads\/2025\/06\/Bobo-e-Alex-2025-06-02_E.png?ssl=1\"><img data-recalc-dims=\"1\" fetchpriority=\"high\" decoding=\"async\" width=\"506\" height=\"714\" src=\"https:\/\/i0.wp.com\/blogdoeloiltoncajuhy.com.br\/site\/wp-content\/uploads\/2025\/06\/Bobo-e-Alex-2025-06-02_E.png?resize=506%2C714&#038;ssl=1\" alt=\"\" class=\"wp-image-87986\" style=\"width:451px;height:auto\" srcset=\"https:\/\/i0.wp.com\/blogdoeloiltoncajuhy.com.br\/site\/wp-content\/uploads\/2025\/06\/Bobo-e-Alex-2025-06-02_E.png?w=506&amp;ssl=1 506w, https:\/\/i0.wp.com\/blogdoeloiltoncajuhy.com.br\/site\/wp-content\/uploads\/2025\/06\/Bobo-e-Alex-2025-06-02_E.png?resize=213%2C300&amp;ssl=1 213w\" sizes=\"(max-width: 506px) 100vw, 506px\" \/><\/a><figcaption class=\"wp-element-caption\"><sub>Alex Barbosa ao lado do deputado Bob\u00f4<\/sub><\/figcaption><\/figure>\n\n\n\n<p>Foi sancionada a Lei n\u00ba 14.919\/2025, de autoria do deputado estadual Bob\u00f4, que <strong><mark style=\"background-color:rgba(0, 0, 0, 0)\" class=\"has-inline-color has-black-color\">declara a Associa\u00e7\u00e3o Cultural dos Espadeiros de Senhor do Bonfim (Acesb)<\/mark><\/strong> como entidade de <strong><mark style=\"background-color:rgba(0, 0, 0, 0)\" class=\"has-inline-color has-black-color\">Utilidade P\u00fablica Estadual<\/mark><\/strong>. O reconhecimento fortalece a Acesb, refor\u00e7ando seu papel como principal representante na luta pela regulamenta\u00e7\u00e3o da Guerra de Espadas e ampliando sua capacidade de firmar parcerias, acessar pol\u00edticas p\u00fablicas e desenvolver projetos com respaldo institucional.<\/p>\n\n\n\n<p>A conquista se soma \u00e0 san\u00e7\u00e3o da Lei Municipal n\u00ba 1.806\/2025, aprovada por unanimidade pela <strong><mark style=\"background-color:rgba(0, 0, 0, 0)\" class=\"has-inline-color has-black-color\">C\u00e2mara de Vereadores, que declarou a Acesb de Utilidade P\u00fablica Municipal<\/mark><\/strong>. Esses avan\u00e7os legislativos ocorrem em meio a uma s\u00e9rie de a\u00e7\u00f5es estrat\u00e9gicas promovidas pela entidade, que t\u00eam como foco central a regulamenta\u00e7\u00e3o da fabrica\u00e7\u00e3o das espadas e a legaliza\u00e7\u00e3o da pr\u00e1tica, respeitando a seguran\u00e7a, a cultura e a legalidade.<\/p>\n\n\n\n<p><a href=\"https:\/\/whatsapp.com\/channel\/0029VaAT7tDLI8Yfj5y9Z50Z\"><strong><mark style=\"background-color:rgba(0, 0, 0, 0)\" class=\"has-inline-color has-vivid-red-color\">>> Siga nosso canal no WhatsApp e veja mais not\u00edcias<\/mark><\/strong><\/a><\/p>\n\n\n\n<p>Em abril, a Acesb assinou um Termo de Coopera\u00e7\u00e3o T\u00e9cnica com os maiores fabricantes de fogos de artif\u00edcio do Brasil, visando a regulamenta\u00e7\u00e3o da fabrica\u00e7\u00e3o das espadas, um passo fundamental para a legaliza\u00e7\u00e3o da pr\u00e1tica da Guerra de Espadas, dentro dos par\u00e2metros t\u00e9cnicos e legais exigidos pela legisla\u00e7\u00e3o nacional. No dia 16 de maio, a entidade apresentou ao Minist\u00e9rio P\u00fablico, Pol\u00edcia Militar, Pol\u00edcia Civil e C\u00e2mara de Vereadores o plano de regulamenta\u00e7\u00e3o, bem acolhido pelas institui\u00e7\u00f5es presentes, consolidando um ambiente de di\u00e1logo respons\u00e1vel e compromisso com a legalidade.<\/p>\n\n\n\n<p>Al\u00e9m das a\u00e7\u00f5es em defesa da regulamenta\u00e7\u00e3o, a entidade participa da Comiss\u00e3o Mista com o Curso de Hist\u00f3ria da Univasf, que busca o <strong><mark style=\"background-color:rgba(0, 0, 0, 0)\" class=\"has-inline-color has-black-color\">reconhecimento do S\u00e3o Jo\u00e3o de Senhor do Bonfim como patrim\u00f4nio cultural da Bahia e do Brasil<\/mark><\/strong>. Tamb\u00e9m integra um Grupo de Trabalho com o Curso de Enfermagem da Uneb, com foco na mitiga\u00e7\u00e3o de riscos \u00e0 sa\u00fade p\u00fablica.<\/p>\n\n\n\n<p>A fabrica\u00e7\u00e3o, com\u00e9rcio e queima de espadas seguem proibidos judicialmente, mas a Acesb continua empenhada em construir, com responsabilidade e di\u00e1logo, os caminhos legais para que essa tradi\u00e7\u00e3o centen\u00e1ria volte a acontecer com seguran\u00e7a e respeito \u00e0s normas vigentes.<\/p>\n","protected":false},"excerpt":{"rendered":"<p>Blog do Eloilton Cajuhy \u2013 BEC Foi sancionada a Lei n\u00ba 14.919\/2025, de autoria do deputado estadual Bob\u00f4, que declara a Associa\u00e7\u00e3o Cultural dos Espadeiros de Senhor do Bonfim (Acesb) como entidade de Utilidade P\u00fablica Estadual. O reconhecimento fortalece a Acesb, refor\u00e7ando seu papel como principal representante na luta pela regulamenta\u00e7\u00e3o da Guerra de Espadas [&hellip;]<\/p>\n","protected":false},"author":2,"featured_media":87986,"comment_status":"open","ping_status":"open","sticky":false,"template":"","format":"standard","meta":{"_acf_changed":false,"_monsterinsights_skip_tracking":false,"_monsterinsights_sitenote_active":false,"_monsterinsights_sitenote_note":"","_monsterinsights_sitenote_category":0,"_jetpack_memberships_contains_paid_content":false,"footnotes":"","jetpack_publicize_message":"","jetpack_publicize_feature_enabled":true,"jetpack_social_post_already_shared":false,"jetpack_social_options":{"image_generator_settings":{"template":"highway","enabled":false},"version":2}},"categories":[8],"tags":[],"class_list":["post-87985","post","type-post","status-publish","format-standard","has-post-thumbnail","hentry","category-cultura"],"acf":[],"jetpack_publicize_connections":[],"jetpack_featured_media_url":"https:\/\/i0.wp.com\/blogdoeloiltoncajuhy.com.br\/site\/wp-content\/uploads\/2025\/06\/Bobo-e-Alex-2025-06-02_E.png?fit=506%2C714&ssl=1","jetpack_sharing_enabled":true,"publishpress_future_workflow_manual_trigger":{"enabledWorkflows":[]},"_links":{"self":[{"href":"https:\/\/blogdoeloiltoncajuhy.com.br\/site\/wp-json\/wp\/v2\/posts\/87985","targetHints":{"allow":["GET"]}}],"collection":[{"href":"https:\/\/blogdoeloiltoncajuhy.com.br\/site\/wp-json\/wp\/v2\/posts"}],"about":[{"href":"https:\/\/blogdoeloiltoncajuhy.com.br\/site\/wp-json\/wp\/v2\/types\/post"}],"author":[{"embeddable":true,"href":"https:\/\/blogdoeloiltoncajuhy.com.br\/site\/wp-json\/wp\/v2\/users\/2"}],"replies":[{"embeddable":true,"href":"https:\/\/blogdoeloiltoncajuhy.com.br\/site\/wp-json\/wp\/v2\/comments?post=87985"}],"version-history":[{"count":1,"href":"https:\/\/blogdoeloiltoncajuhy.com.br\/site\/wp-json\/wp\/v2\/posts\/87985\/revisions"}],"predecessor-version":[{"id":87987,"href":"https:\/\/blogdoeloiltoncajuhy.com.br\/site\/wp-json\/wp\/v2\/posts\/87985\/revisions\/87987"}],"wp:featuredmedia":[{"embeddable":true,"href":"https:\/\/blogdoeloiltoncajuhy.com.br\/site\/wp-json\/wp\/v2\/media\/87986"}],"wp:attachment":[{"href":"https:\/\/blogdoeloiltoncajuhy.com.br\/site\/wp-json\/wp\/v2\/media?parent=87985"}],"wp:term":[{"taxonomy":"category","embeddable":true,"href":"https:\/\/blogdoeloiltoncajuhy.com.br\/site\/wp-json\/wp\/v2\/categories?post=87985"},{"taxonomy":"post_tag","embeddable":true,"href":"https:\/\/blogdoeloiltoncajuhy.com.br\/site\/wp-json\/wp\/v2\/tags?post=87985"}],"curies":[{"name":"wp","href":"https:\/\/api.w.org\/{rel}","templated":true}]}}