{"id":87981,"date":"2025-05-30T20:12:45","date_gmt":"2025-05-30T23:12:45","guid":{"rendered":"https:\/\/blogdoeloiltoncajuhy.com.br\/site\/?p=87981"},"modified":"2025-05-30T20:12:47","modified_gmt":"2025-05-30T23:12:47","slug":"aneel-aciona-bandeira-vermelha-para-junho-e-conta-de-luz-fica-mais-cara","status":"publish","type":"post","link":"https:\/\/blogdoeloiltoncajuhy.com.br\/site\/aneel-aciona-bandeira-vermelha-para-junho-e-conta-de-luz-fica-mais-cara\/","title":{"rendered":"Aneel aciona bandeira vermelha para junho, e conta de luz fica mais cara"},"content":{"rendered":"\n<p class=\"has-medium-font-size\"><strong>A medida foi adotada diante da queda no volume de chuvas e da diminui\u00e7\u00e3o da gera\u00e7\u00e3o de energia por hidrel\u00e9tricas.<\/strong><\/p>\n\n\n\n<p><strong>Por Mariana Assis, g1<\/strong> \u2014 Bras\u00edlia<\/p>\n\n\n\n<figure class=\"wp-block-image aligncenter size-full\"><a href=\"https:\/\/i0.wp.com\/blogdoeloiltoncajuhy.com.br\/site\/wp-content\/uploads\/2025\/05\/Energia-conta-de-luz-Reproducao.jpg?ssl=1\"><img data-recalc-dims=\"1\" fetchpriority=\"high\" decoding=\"async\" width=\"760\" height=\"506\" src=\"https:\/\/i0.wp.com\/blogdoeloiltoncajuhy.com.br\/site\/wp-content\/uploads\/2025\/05\/Energia-conta-de-luz-Reproducao.jpg?resize=760%2C506&#038;ssl=1\" alt=\"\" class=\"wp-image-87982\" srcset=\"https:\/\/i0.wp.com\/blogdoeloiltoncajuhy.com.br\/site\/wp-content\/uploads\/2025\/05\/Energia-conta-de-luz-Reproducao.jpg?w=760&amp;ssl=1 760w, https:\/\/i0.wp.com\/blogdoeloiltoncajuhy.com.br\/site\/wp-content\/uploads\/2025\/05\/Energia-conta-de-luz-Reproducao.jpg?resize=300%2C200&amp;ssl=1 300w\" sizes=\"(max-width: 760px) 100vw, 760px\" \/><\/a><figcaption class=\"wp-element-caption\"><sub>Foto: Reprodu\u00e7\u00e3o<\/sub><\/figcaption><\/figure>\n\n\n\n<p>A Ag\u00eancia Nacional de Energia El\u00e9trica (Aneel) informou nesta sexta-feira (30) o acionamento da Bandeira Vermelha, no patamar 1, para o m\u00eas de junho de 2025, indicando aumento no custo da energia para os consumidores.<\/p>\n\n\n\n<p>Isso significa que as contas de energia el\u00e9trica ter\u00e3o cobran\u00e7a adicional de R$ 4,46 (quatro reais e quarenta e seis centavos) a cada 100 kW\/h (quilowatt-hora) consumidos.<\/p>\n\n\n\n<p>A medida foi adotada diante da queda no volume de chuvas e da diminui\u00e7\u00e3o da gera\u00e7\u00e3o de energia por hidrel\u00e9tricas, conforme proje\u00e7\u00f5es do Operador Nacional do Sistema El\u00e9trico (ONS). Para compensar a baixa nas aflu\u00eancias, ser\u00e1 necess\u00e1rio acionar usinas termoel\u00e9tricas, que t\u00eam custo de produ\u00e7\u00e3o mais elevado.<\/p>\n\n\n\n<p>Segundo a Aneel, o cen\u00e1rio justifica a mudan\u00e7a na bandeira \u2014 que estava amarela em maio \u2014 e serve tamb\u00e9m como alerta para o uso consciente da energia el\u00e9trica.<\/p>\n\n\n\n<p>A bandeira tarif\u00e1ria sinaliza ao consumidor os custos reais da gera\u00e7\u00e3o de energia no pa\u00eds. Quando a gera\u00e7\u00e3o fica mais cara, a cobran\u00e7a extra \u00e9 aplicada automaticamente nas contas.<\/p>\n\n\n\n<p><a href=\"https:\/\/whatsapp.com\/channel\/0029VaAT7tDLI8Yfj5y9Z50Z\"><strong><mark style=\"background-color:rgba(0, 0, 0, 0)\" class=\"has-inline-color has-vivid-red-color\">>> Siga nosso canal no WhatsApp e veja mais not\u00edcias<\/mark><\/strong><\/a><\/p>\n","protected":false},"excerpt":{"rendered":"<p>A medida foi adotada diante da queda no volume de chuvas e da diminui\u00e7\u00e3o da gera\u00e7\u00e3o de energia por hidrel\u00e9tricas. Por Mariana Assis, g1 \u2014 Bras\u00edlia A Ag\u00eancia Nacional de Energia El\u00e9trica (Aneel) informou nesta sexta-feira (30) o acionamento da Bandeira Vermelha, no patamar 1, para o m\u00eas de junho de 2025, indicando aumento no [&hellip;]<\/p>\n","protected":false},"author":2,"featured_media":87982,"comment_status":"open","ping_status":"open","sticky":false,"template":"","format":"standard","meta":{"_acf_changed":false,"_monsterinsights_skip_tracking":false,"_monsterinsights_sitenote_active":false,"_monsterinsights_sitenote_note":"","_monsterinsights_sitenote_category":0,"_jetpack_memberships_contains_paid_content":false,"footnotes":"","jetpack_publicize_message":"","jetpack_publicize_feature_enabled":true,"jetpack_social_post_already_shared":true,"jetpack_social_options":{"image_generator_settings":{"template":"highway","default_image_id":0,"font":"","enabled":false},"version":2}},"categories":[31],"tags":[],"class_list":["post-87981","post","type-post","status-publish","format-standard","has-post-thumbnail","hentry","category-economia"],"acf":[],"jetpack_publicize_connections":[],"jetpack_featured_media_url":"https:\/\/i0.wp.com\/blogdoeloiltoncajuhy.com.br\/site\/wp-content\/uploads\/2025\/05\/Energia-conta-de-luz-Reproducao.jpg?fit=760%2C506&ssl=1","jetpack_sharing_enabled":true,"publishpress_future_workflow_manual_trigger":{"enabledWorkflows":[]},"_links":{"self":[{"href":"https:\/\/blogdoeloiltoncajuhy.com.br\/site\/wp-json\/wp\/v2\/posts\/87981","targetHints":{"allow":["GET"]}}],"collection":[{"href":"https:\/\/blogdoeloiltoncajuhy.com.br\/site\/wp-json\/wp\/v2\/posts"}],"about":[{"href":"https:\/\/blogdoeloiltoncajuhy.com.br\/site\/wp-json\/wp\/v2\/types\/post"}],"author":[{"embeddable":true,"href":"https:\/\/blogdoeloiltoncajuhy.com.br\/site\/wp-json\/wp\/v2\/users\/2"}],"replies":[{"embeddable":true,"href":"https:\/\/blogdoeloiltoncajuhy.com.br\/site\/wp-json\/wp\/v2\/comments?post=87981"}],"version-history":[{"count":1,"href":"https:\/\/blogdoeloiltoncajuhy.com.br\/site\/wp-json\/wp\/v2\/posts\/87981\/revisions"}],"predecessor-version":[{"id":87983,"href":"https:\/\/blogdoeloiltoncajuhy.com.br\/site\/wp-json\/wp\/v2\/posts\/87981\/revisions\/87983"}],"wp:featuredmedia":[{"embeddable":true,"href":"https:\/\/blogdoeloiltoncajuhy.com.br\/site\/wp-json\/wp\/v2\/media\/87982"}],"wp:attachment":[{"href":"https:\/\/blogdoeloiltoncajuhy.com.br\/site\/wp-json\/wp\/v2\/media?parent=87981"}],"wp:term":[{"taxonomy":"category","embeddable":true,"href":"https:\/\/blogdoeloiltoncajuhy.com.br\/site\/wp-json\/wp\/v2\/categories?post=87981"},{"taxonomy":"post_tag","embeddable":true,"href":"https:\/\/blogdoeloiltoncajuhy.com.br\/site\/wp-json\/wp\/v2\/tags?post=87981"}],"curies":[{"name":"wp","href":"https:\/\/api.w.org\/{rel}","templated":true}]}}