{"id":87977,"date":"2025-05-30T19:59:04","date_gmt":"2025-05-30T22:59:04","guid":{"rendered":"https:\/\/blogdoeloiltoncajuhy.com.br\/site\/?p=87977"},"modified":"2025-05-30T19:59:06","modified_gmt":"2025-05-30T22:59:06","slug":"aviao-com-rionegro-solimoes-faz-pouso-forcado-e-sai-da-pista-em-aeroporto-no-interior-de-sp-ninguem-se-feriu","status":"publish","type":"post","link":"https:\/\/blogdoeloiltoncajuhy.com.br\/site\/aviao-com-rionegro-solimoes-faz-pouso-forcado-e-sai-da-pista-em-aeroporto-no-interior-de-sp-ninguem-se-feriu\/","title":{"rendered":"Avi\u00e3o com Rionegro &amp; Solim\u00f5es faz pouso for\u00e7ado e sai da pista em aeroporto no interior de SP; ningu\u00e9m se feriu"},"content":{"rendered":"\n<p class=\"has-medium-font-size\"><strong>Aeronave, que levava seis pessoas, decolou de Franca (SP) \u00e0s 15h10 com destino a Alto Para\u00edso de Goi\u00e1s (GO), mas precisou retornar logo depois. Assessoria da dupla diz que pneu estourou na decolagem.<\/strong><\/p>\n\n\n\n<p><strong>Por g1 Ribeir\u00e3o Preto e Franca<\/strong><\/p>\n\n\n\n<figure class=\"wp-block-image aligncenter size-full\"><a href=\"https:\/\/i0.wp.com\/blogdoeloiltoncajuhy.com.br\/site\/wp-content\/uploads\/2025\/05\/Rionegro-Imagem-Porcas-News.jpg?ssl=1\"><img data-recalc-dims=\"1\" fetchpriority=\"high\" decoding=\"async\" width=\"599\" height=\"450\" src=\"https:\/\/i0.wp.com\/blogdoeloiltoncajuhy.com.br\/site\/wp-content\/uploads\/2025\/05\/Rionegro-Imagem-Porcas-News.jpg?resize=599%2C450&#038;ssl=1\" alt=\"\" class=\"wp-image-87978\" srcset=\"https:\/\/i0.wp.com\/blogdoeloiltoncajuhy.com.br\/site\/wp-content\/uploads\/2025\/05\/Rionegro-Imagem-Porcas-News.jpg?w=599&amp;ssl=1 599w, https:\/\/i0.wp.com\/blogdoeloiltoncajuhy.com.br\/site\/wp-content\/uploads\/2025\/05\/Rionegro-Imagem-Porcas-News.jpg?resize=300%2C225&amp;ssl=1 300w\" sizes=\"(max-width: 599px) 100vw, 599px\" \/><\/a><figcaption class=\"wp-element-caption\"><sub>Rionegro e Solim\u00f5es t\u00eam problema com avi\u00e3o ap\u00f3s decolagem em Franca, SP &#8211; Imagens: Por\u00e7a News<\/sub><\/figcaption><\/figure>\n\n\n\n<p>Um avi\u00e3o que transportava a dupla sertaneja Rionegro &amp; Solim\u00f5es precisou fazer um pouso for\u00e7ado no Aeroporto Tenente Lund Presotto, em Franca (SP), na tarde desta sexta-feira (30). Ningu\u00e9m se feriu.<\/p>\n\n\n\n<p>Em nota, a Rede Voa, respons\u00e1vel pelo aeroporto, informou que a aeronave, modelo King Air e de prefixo PS-BVP, chegou a sair da pista durante o pouso.<\/p>\n\n\n\n<p><a href=\"https:\/\/whatsapp.com\/channel\/0029VaAT7tDLI8Yfj5y9Z50Z\"><strong><mark style=\"background-color:rgba(0, 0, 0, 0)\" class=\"has-inline-color has-vivid-red-color\">>> Siga nosso canal no WhatsApp e veja mais not\u00edcias<\/mark><\/strong><\/a><\/p>\n\n\n\n<p>Segundo a concession\u00e1ria, o avi\u00e3o, que levava quatro passageiros e dois tripulantes, decolou do mesmo aeroporto, \u00e0s 15h10, com destino a Alto Para\u00edso de Goi\u00e1s (GO). No entanto, logo ap\u00f3s levantar voo, precisou retornar, \u00e0s 15h14.<\/p>\n\n\n\n<p>Ao <strong>g1<\/strong>, a assessoria da dupla informou que o pouso for\u00e7ado ocorreu devido ao estouro de um dos pneus durante a decolagem. Ap\u00f3s o pouso, a aeronave parou em uma \u00e1rea de vegeta\u00e7\u00e3o pr\u00f3xima, completou.<\/p>\n\n\n\n<figure class=\"wp-block-image aligncenter size-full\"><a href=\"https:\/\/i0.wp.com\/blogdoeloiltoncajuhy.com.br\/site\/wp-content\/uploads\/2025\/05\/Rionegro-e-Solimoes-na-Festa-do-Peao-de-Americana-%E2%80%94-Foto-Julio-Cesar-Costa-g1.jpeg?ssl=1\"><img data-recalc-dims=\"1\" decoding=\"async\" width=\"800\" height=\"533\" src=\"https:\/\/i0.wp.com\/blogdoeloiltoncajuhy.com.br\/site\/wp-content\/uploads\/2025\/05\/Rionegro-e-Solimoes-na-Festa-do-Peao-de-Americana-%E2%80%94-Foto-Julio-Cesar-Costa-g1.jpeg?resize=800%2C533&#038;ssl=1\" alt=\"\" class=\"wp-image-87979\" srcset=\"https:\/\/i0.wp.com\/blogdoeloiltoncajuhy.com.br\/site\/wp-content\/uploads\/2025\/05\/Rionegro-e-Solimoes-na-Festa-do-Peao-de-Americana-%E2%80%94-Foto-Julio-Cesar-Costa-g1.jpeg?w=984&amp;ssl=1 984w, https:\/\/i0.wp.com\/blogdoeloiltoncajuhy.com.br\/site\/wp-content\/uploads\/2025\/05\/Rionegro-e-Solimoes-na-Festa-do-Peao-de-Americana-%E2%80%94-Foto-Julio-Cesar-Costa-g1.jpeg?resize=300%2C200&amp;ssl=1 300w, https:\/\/i0.wp.com\/blogdoeloiltoncajuhy.com.br\/site\/wp-content\/uploads\/2025\/05\/Rionegro-e-Solimoes-na-Festa-do-Peao-de-Americana-%E2%80%94-Foto-Julio-Cesar-Costa-g1.jpeg?resize=768%2C512&amp;ssl=1 768w\" sizes=\"(max-width: 800px) 100vw, 800px\" \/><\/a><figcaption class=\"wp-element-caption\"><sub>Rionegro e Solim\u00f5es na Festa do Pe\u00e3o de Americana \u2014 Foto: J\u00falio C\u00e9sar Costa\/g1<\/sub><\/figcaption><\/figure>\n\n\n\n<p>Em um v\u00eddeo nas redes sociais, os cantores detalharam o incidente e tranquilizaram os f\u00e3s.<\/p>\n\n\n\n<blockquote class=\"wp-block-quote is-layout-flow wp-block-quote-is-layout-flow\">\n<p><strong><mark style=\"background-color:rgba(0, 0, 0, 0)\" class=\"has-inline-color has-black-color\">&#8220;Gra\u00e7as a Deus, est\u00e1 tudo beleza, gente, pode ficar despreocupado, est\u00e1 tudo em dia. Estamos firmes e fortes. Agora, \u00e9 dar sequ\u00eancia \u00e0 agenda e controlar para seguir na estrada fazendo shows e continuar voando&#8221;, afirmou Rionegro.<\/mark><\/strong><\/p>\n<\/blockquote>\n\n\n\n<p>O avi\u00e3o teve danos leves \u00e0 estrutura, e o Centro de Investiga\u00e7\u00e3o e Preven\u00e7\u00e3o de Acidentes Aeron\u00e1uticos (Cenipa) foi acionado, informou a Rede Voa.<\/p>\n\n\n\n<p>Segundo o site da Ag\u00eancia Nacional de Avia\u00e7\u00e3o Civil (Anac), a aeronave tem capacidade para sete passageiros e pode realizar t\u00e1xi a\u00e9reo. Al\u00e9m disso, ela consta com a documenta\u00e7\u00e3o regular.<\/p>\n\n\n\n<p>Por conta do incidente, o show que aconteceria na noite desta sexta em Teresina de Goi\u00e1s (GO) ser\u00e1 remarcado para uma nova data.<\/p>\n\n\n\n<p>&#8220;A dupla agradece de cora\u00e7\u00e3o todo o carinho, preocupa\u00e7\u00e3o e compreens\u00e3o do p\u00fablico, da equipe e dos parceiros&#8221;, disse a assessoria.<\/p>\n","protected":false},"excerpt":{"rendered":"<p>Aeronave, que levava seis pessoas, decolou de Franca (SP) \u00e0s 15h10 com destino a Alto Para\u00edso de Goi\u00e1s (GO), mas precisou retornar logo depois. Assessoria da dupla diz que pneu estourou na decolagem. Por g1 Ribeir\u00e3o Preto e Franca Um avi\u00e3o que transportava a dupla sertaneja Rionegro &amp; Solim\u00f5es precisou fazer um pouso for\u00e7ado no [&hellip;]<\/p>\n","protected":false},"author":2,"featured_media":87979,"comment_status":"open","ping_status":"open","sticky":false,"template":"","format":"standard","meta":{"_acf_changed":false,"_monsterinsights_skip_tracking":false,"_monsterinsights_sitenote_active":false,"_monsterinsights_sitenote_note":"","_monsterinsights_sitenote_category":0,"_jetpack_memberships_contains_paid_content":false,"footnotes":"","jetpack_publicize_message":"","jetpack_publicize_feature_enabled":true,"jetpack_social_post_already_shared":true,"jetpack_social_options":{"image_generator_settings":{"template":"highway","default_image_id":0,"font":"","enabled":false},"version":2}},"categories":[8],"tags":[],"class_list":["post-87977","post","type-post","status-publish","format-standard","has-post-thumbnail","hentry","category-cultura"],"acf":[],"jetpack_publicize_connections":[],"jetpack_featured_media_url":"https:\/\/i0.wp.com\/blogdoeloiltoncajuhy.com.br\/site\/wp-content\/uploads\/2025\/05\/Rionegro-e-Solimoes-na-Festa-do-Peao-de-Americana-%E2%80%94-Foto-Julio-Cesar-Costa-g1.jpeg?fit=984%2C656&ssl=1","jetpack_sharing_enabled":true,"publishpress_future_workflow_manual_trigger":{"enabledWorkflows":[]},"_links":{"self":[{"href":"https:\/\/blogdoeloiltoncajuhy.com.br\/site\/wp-json\/wp\/v2\/posts\/87977","targetHints":{"allow":["GET"]}}],"collection":[{"href":"https:\/\/blogdoeloiltoncajuhy.com.br\/site\/wp-json\/wp\/v2\/posts"}],"about":[{"href":"https:\/\/blogdoeloiltoncajuhy.com.br\/site\/wp-json\/wp\/v2\/types\/post"}],"author":[{"embeddable":true,"href":"https:\/\/blogdoeloiltoncajuhy.com.br\/site\/wp-json\/wp\/v2\/users\/2"}],"replies":[{"embeddable":true,"href":"https:\/\/blogdoeloiltoncajuhy.com.br\/site\/wp-json\/wp\/v2\/comments?post=87977"}],"version-history":[{"count":1,"href":"https:\/\/blogdoeloiltoncajuhy.com.br\/site\/wp-json\/wp\/v2\/posts\/87977\/revisions"}],"predecessor-version":[{"id":87980,"href":"https:\/\/blogdoeloiltoncajuhy.com.br\/site\/wp-json\/wp\/v2\/posts\/87977\/revisions\/87980"}],"wp:featuredmedia":[{"embeddable":true,"href":"https:\/\/blogdoeloiltoncajuhy.com.br\/site\/wp-json\/wp\/v2\/media\/87979"}],"wp:attachment":[{"href":"https:\/\/blogdoeloiltoncajuhy.com.br\/site\/wp-json\/wp\/v2\/media?parent=87977"}],"wp:term":[{"taxonomy":"category","embeddable":true,"href":"https:\/\/blogdoeloiltoncajuhy.com.br\/site\/wp-json\/wp\/v2\/categories?post=87977"},{"taxonomy":"post_tag","embeddable":true,"href":"https:\/\/blogdoeloiltoncajuhy.com.br\/site\/wp-json\/wp\/v2\/tags?post=87977"}],"curies":[{"name":"wp","href":"https:\/\/api.w.org\/{rel}","templated":true}]}}