{"id":87965,"date":"2025-05-30T16:04:05","date_gmt":"2025-05-30T19:04:05","guid":{"rendered":"https:\/\/blogdoeloiltoncajuhy.com.br\/site\/?p=87965"},"modified":"2025-05-30T16:04:56","modified_gmt":"2025-05-30T19:04:56","slug":"hemoba-promove-campanha-de-doacao-de-sangue-para-celebrar-o-junho-vermelho","status":"publish","type":"post","link":"https:\/\/blogdoeloiltoncajuhy.com.br\/site\/hemoba-promove-campanha-de-doacao-de-sangue-para-celebrar-o-junho-vermelho\/","title":{"rendered":"Hemoba promove campanha de doa\u00e7\u00e3o de sangue para celebrar o Junho Vermelho"},"content":{"rendered":"\n<p class=\"has-medium-font-size\"><strong>Saiba como e onde doar em Senhor do Bonfim.<\/strong><\/p>\n\n\n\n<p><strong>Blog do Eloilton Cajuhy \u2013 BEC<\/strong><\/p>\n\n\n\n<figure class=\"wp-block-image aligncenter size-full\"><a href=\"https:\/\/i0.wp.com\/blogdoeloiltoncajuhy.com.br\/site\/wp-content\/uploads\/2025\/05\/GOVBA_Hemoba_Adelmario-Coelho-5-reduzida.jpg?ssl=1\"><img data-recalc-dims=\"1\" fetchpriority=\"high\" decoding=\"async\" width=\"500\" height=\"750\" src=\"https:\/\/i0.wp.com\/blogdoeloiltoncajuhy.com.br\/site\/wp-content\/uploads\/2025\/05\/GOVBA_Hemoba_Adelmario-Coelho-5-reduzida.jpg?resize=500%2C750&#038;ssl=1\" alt=\"\" class=\"wp-image-87966\" srcset=\"https:\/\/i0.wp.com\/blogdoeloiltoncajuhy.com.br\/site\/wp-content\/uploads\/2025\/05\/GOVBA_Hemoba_Adelmario-Coelho-5-reduzida.jpg?w=500&amp;ssl=1 500w, https:\/\/i0.wp.com\/blogdoeloiltoncajuhy.com.br\/site\/wp-content\/uploads\/2025\/05\/GOVBA_Hemoba_Adelmario-Coelho-5-reduzida.jpg?resize=200%2C300&amp;ssl=1 200w\" sizes=\"(max-width: 500px) 100vw, 500px\" \/><\/a><figcaption class=\"wp-element-caption\"><sub>Adelm\u00e1rio Coelho \u00e9 o padrinho da campanha de doa\u00e7\u00e3o de sangue da Hemoba<\/sub><\/figcaption><\/figure>\n\n\n\n<p>Com a campanha <strong><mark style=\"background-color:rgba(0, 0, 0, 0)\" class=\"has-inline-color has-vivid-red-color\">\u201cDoe sangue. \u00c9 tradi\u00e7\u00e3o que salva vidas\u201d<\/mark><\/strong>, a Hemoba celebra o <strong><mark style=\"background-color:rgba(0, 0, 0, 0)\" class=\"has-inline-color has-vivid-red-color\">Junho Vermelho<\/mark><\/strong>, iniciativa que objetiva conscientizar a sociedade sobre a import\u00e2ncia da doa\u00e7\u00e3o de sangue. A a\u00e7\u00e3o, que ter\u00e1 como padrinho o cantor e compositor Adelm\u00e1rio Coelho, busca incentivar as pessoas a doarem sangue de forma volunt\u00e1ria e altru\u00edsta.<\/p>\n\n\n\n<p>Em junho, pode diminuir o n\u00famero de doa\u00e7\u00f5es de sangue, ocasionado por v\u00e1rios fatores, como maior incid\u00eancia de infec\u00e7\u00f5es respirat\u00f3rias em decorr\u00eancia de ondas mais intensas de frio e chuvas; aumento de viagens por causa das f\u00e9rias escolares e, no Nordeste, celebra\u00e7\u00f5es das festas juninas. Al\u00e9m disso, cresce a demanda por transfus\u00e3o de sangue motivada por um maior n\u00famero de acidentes nas estradas e elevado \u00edndice de casos de queimaduras, ocasionados pelos fogos de artif\u00edcios dos festejos juninos.<\/p>\n\n\n\n<p><a href=\"https:\/\/whatsapp.com\/channel\/0029VaAT7tDLI8Yfj5y9Z50Z\"><strong><mark style=\"background-color:rgba(0, 0, 0, 0)\" class=\"has-inline-color has-luminous-vivid-orange-color\">&gt;&gt; Siga nosso canal no WhatsApp e veja mais not\u00edcias<\/mark><\/strong><\/a><\/p>\n\n\n\n<p>Na programa\u00e7\u00e3o do Junho Vermelho, entre as participa\u00e7\u00f5es j\u00e1 est\u00e3o confirmadas a banda Tio Barnab\u00e9, no dia 05\/06; o cantor Del Feliz, em 09\/06; a Banda Flor de Milho, em 14\/06; e Adelm\u00e1rio Coelho, em 16\/06.<\/p>\n\n\n\n<p>No dia 14 de junho, ser\u00e1 celebrado o <strong><mark style=\"background-color:rgba(0, 0, 0, 0)\" class=\"has-inline-color has-black-color\">Dia Mundial do Doador de Sangue<\/mark><\/strong>, data foi criada pela Organiza\u00e7\u00e3o Mundial de Sa\u00fade (OMS) para conscientizar sobre a necessidade dos hemocomponentes em diversos tratamentos e incentivar a doa\u00e7\u00e3o regular de sangue.<\/p>\n\n\n\n<figure class=\"wp-block-image aligncenter size-full is-resized\"><a href=\"https:\/\/i0.wp.com\/blogdoeloiltoncajuhy.com.br\/site\/wp-content\/uploads\/2025\/05\/GOVBA_Hemoba_Junho-Vermelho-2025.jpeg?ssl=1\"><img data-recalc-dims=\"1\" decoding=\"async\" width=\"600\" height=\"750\" src=\"https:\/\/i0.wp.com\/blogdoeloiltoncajuhy.com.br\/site\/wp-content\/uploads\/2025\/05\/GOVBA_Hemoba_Junho-Vermelho-2025.jpeg?resize=600%2C750&#038;ssl=1\" alt=\"\" class=\"wp-image-87967\" style=\"width:486px;height:auto\" srcset=\"https:\/\/i0.wp.com\/blogdoeloiltoncajuhy.com.br\/site\/wp-content\/uploads\/2025\/05\/GOVBA_Hemoba_Junho-Vermelho-2025.jpeg?w=600&amp;ssl=1 600w, https:\/\/i0.wp.com\/blogdoeloiltoncajuhy.com.br\/site\/wp-content\/uploads\/2025\/05\/GOVBA_Hemoba_Junho-Vermelho-2025.jpeg?resize=240%2C300&amp;ssl=1 240w\" sizes=\"(max-width: 600px) 100vw, 600px\" \/><\/a><\/figure>\n\n\n\n<h4 class=\"wp-block-heading\"><strong><mark style=\"background-color:rgba(0, 0, 0, 0)\" class=\"has-inline-color has-black-color\">Onde doar<\/mark><\/strong><\/h4>\n\n\n\n<p class=\"has-black-color has-text-color has-link-color wp-elements-206eef038af4069f8be08fce1a69e782\"><strong>UCT Hemoba &#8211; Senhor do Bonfim<\/strong><\/p>\n\n\n\n<ul class=\"wp-block-list\">\n<li><strong><mark style=\"background-color:rgba(0, 0, 0, 0)\" class=\"has-inline-color has-black-color\">Endere\u00e7o:<\/mark><\/strong> Pra\u00e7a Duque de Caxias, n\u00ba. 172, Centro \u2013 Cep: 48.970-000<br>Tel: (74) 3541-3256<\/li>\n<\/ul>\n\n\n\n<ul class=\"wp-block-list\">\n<li><strong><mark style=\"background-color:rgba(0, 0, 0, 0)\" class=\"has-inline-color has-black-color\">E-mail:<\/mark><\/strong> uct.bonfim@hemoba.ba.gov.br<\/li>\n<\/ul>\n\n\n\n<ul class=\"wp-block-list\">\n<li><strong><mark style=\"background-color:rgba(0, 0, 0, 0)\" class=\"has-inline-color has-black-color\">Funcionamento:<\/mark><\/strong> Segunda \u00e0 Sexta-feira : 7h30 \u00e0s 13h30 (coleta)<\/li>\n<\/ul>\n\n\n\n<ul class=\"wp-block-list\">\n<li><strong><mark style=\"background-color:rgba(0, 0, 0, 0)\" class=\"has-inline-color has-black-color\">Unidade Laborat\u00f3rio<\/mark><\/strong> (dispensa\u00e7\u00e3o): 24 horas<\/li>\n<\/ul>\n\n\n\n<p><\/p>\n\n\n\n<h4 class=\"wp-block-heading\"><strong><mark style=\"background-color:rgba(0, 0, 0, 0)\" class=\"has-inline-color has-black-color\">Crit\u00e9rios para doa\u00e7\u00e3o<\/mark><\/strong><\/h4>\n\n\n\n<p>Para doar sangue, o candidato tem que estar em boas condi\u00e7\u00f5es de sa\u00fade, pesar acima de 50 kg e ter idade entre 16 e 69 anos. Lembrando que menores de 18 anos devem ir acompanhados dos pais ou respons\u00e1vel legal, e idosos acima de 60 anos s\u00f3 podem doar se j\u00e1 tiverem doado anteriormente.<\/p>\n\n\n\n<p>No dia da doa\u00e7\u00e3o, o volunt\u00e1rio n\u00e3o pode estar em jejum, n\u00e3o ter ingerido bebida alco\u00f3lica nas 12 horas anteriores \u00e0 doa\u00e7\u00e3o e n\u00e3o ter fumado por pelo menos duas horas antes do procedimento, al\u00e9m de ter dormido por no m\u00ednimo seis horas na noite anterior.<\/p>\n\n\n\n<p>Tamb\u00e9m \u00e9 recomend\u00e1vel que evite alimentos gordurosos nas \u00faltimas 4 horas anteriores ao procedimento. Para doar, \u00e9 necess\u00e1ria apresenta\u00e7\u00e3o de um documento com foto, emitido por \u00f3rg\u00e3o oficial e v\u00e1lido em todo o territ\u00f3rio nacional.<\/p>\n","protected":false},"excerpt":{"rendered":"<p>Saiba como e onde doar em Senhor do Bonfim. Blog do Eloilton Cajuhy \u2013 BEC Com a campanha \u201cDoe sangue. \u00c9 tradi\u00e7\u00e3o que salva vidas\u201d, a Hemoba celebra o Junho Vermelho, iniciativa que objetiva conscientizar a sociedade sobre a import\u00e2ncia da doa\u00e7\u00e3o de sangue. A a\u00e7\u00e3o, que ter\u00e1 como padrinho o cantor e compositor Adelm\u00e1rio [&hellip;]<\/p>\n","protected":false},"author":2,"featured_media":59091,"comment_status":"open","ping_status":"open","sticky":false,"template":"","format":"standard","meta":{"_acf_changed":false,"_monsterinsights_skip_tracking":false,"_monsterinsights_sitenote_active":false,"_monsterinsights_sitenote_note":"","_monsterinsights_sitenote_category":0,"_jetpack_memberships_contains_paid_content":false,"footnotes":"","jetpack_publicize_message":"","jetpack_publicize_feature_enabled":true,"jetpack_social_post_already_shared":false,"jetpack_social_options":{"image_generator_settings":{"template":"highway","enabled":false},"version":2}},"categories":[7],"tags":[],"class_list":["post-87965","post","type-post","status-publish","format-standard","has-post-thumbnail","hentry","category-saude"],"acf":[],"jetpack_publicize_connections":[],"jetpack_featured_media_url":"https:\/\/i0.wp.com\/blogdoeloiltoncajuhy.com.br\/site\/wp-content\/uploads\/2021\/08\/Doacao-Sangue.jpg?fit=1170%2C700&ssl=1","jetpack_sharing_enabled":true,"publishpress_future_workflow_manual_trigger":{"enabledWorkflows":[]},"_links":{"self":[{"href":"https:\/\/blogdoeloiltoncajuhy.com.br\/site\/wp-json\/wp\/v2\/posts\/87965","targetHints":{"allow":["GET"]}}],"collection":[{"href":"https:\/\/blogdoeloiltoncajuhy.com.br\/site\/wp-json\/wp\/v2\/posts"}],"about":[{"href":"https:\/\/blogdoeloiltoncajuhy.com.br\/site\/wp-json\/wp\/v2\/types\/post"}],"author":[{"embeddable":true,"href":"https:\/\/blogdoeloiltoncajuhy.com.br\/site\/wp-json\/wp\/v2\/users\/2"}],"replies":[{"embeddable":true,"href":"https:\/\/blogdoeloiltoncajuhy.com.br\/site\/wp-json\/wp\/v2\/comments?post=87965"}],"version-history":[{"count":2,"href":"https:\/\/blogdoeloiltoncajuhy.com.br\/site\/wp-json\/wp\/v2\/posts\/87965\/revisions"}],"predecessor-version":[{"id":87969,"href":"https:\/\/blogdoeloiltoncajuhy.com.br\/site\/wp-json\/wp\/v2\/posts\/87965\/revisions\/87969"}],"wp:featuredmedia":[{"embeddable":true,"href":"https:\/\/blogdoeloiltoncajuhy.com.br\/site\/wp-json\/wp\/v2\/media\/59091"}],"wp:attachment":[{"href":"https:\/\/blogdoeloiltoncajuhy.com.br\/site\/wp-json\/wp\/v2\/media?parent=87965"}],"wp:term":[{"taxonomy":"category","embeddable":true,"href":"https:\/\/blogdoeloiltoncajuhy.com.br\/site\/wp-json\/wp\/v2\/categories?post=87965"},{"taxonomy":"post_tag","embeddable":true,"href":"https:\/\/blogdoeloiltoncajuhy.com.br\/site\/wp-json\/wp\/v2\/tags?post=87965"}],"curies":[{"name":"wp","href":"https:\/\/api.w.org\/{rel}","templated":true}]}}