{"id":87962,"date":"2025-05-30T14:50:29","date_gmt":"2025-05-30T17:50:29","guid":{"rendered":"https:\/\/blogdoeloiltoncajuhy.com.br\/site\/?p=87962"},"modified":"2025-05-30T14:50:31","modified_gmt":"2025-05-30T17:50:31","slug":"bahia-abre-143-mil-novos-postos-formais-de-trabalho-em-abril","status":"publish","type":"post","link":"https:\/\/blogdoeloiltoncajuhy.com.br\/site\/bahia-abre-143-mil-novos-postos-formais-de-trabalho-em-abril\/","title":{"rendered":"Bahia abre 14,3 mil novos postos formais de trabalho em abril"},"content":{"rendered":"\n<p class=\"has-medium-font-size\"><strong>Em todo o pa\u00eds, foram 257,5 mil empregos com carteira assinada, melhor desempenho para abril de toda a s\u00e9rie hist\u00f3rica. Brasil supera pela primeira vez a marca de 48 milh\u00f5es de v\u00ednculos formais.<\/strong><\/p>\n\n\n\n<p><strong>Blog do Eloilton Cajuhy \u2013 BEC<\/strong><\/p>\n\n\n\n<figure class=\"wp-block-image aligncenter size-full\"><a href=\"https:\/\/i0.wp.com\/blogdoeloiltoncajuhy.com.br\/site\/wp-content\/uploads\/2025\/01\/Emprego-vagas-carteira-Foto_Vitor-Vasconcelos-Secom-PR.jpg\"><img data-recalc-dims=\"1\" fetchpriority=\"high\" decoding=\"async\" width=\"768\" height=\"512\" src=\"https:\/\/i0.wp.com\/blogdoeloiltoncajuhy.com.br\/site\/wp-content\/uploads\/2025\/01\/Emprego-vagas-carteira-Foto_Vitor-Vasconcelos-Secom-PR.jpg?resize=768%2C512\" alt=\"\" class=\"wp-image-85652\" srcset=\"https:\/\/i0.wp.com\/blogdoeloiltoncajuhy.com.br\/site\/wp-content\/uploads\/2025\/01\/Emprego-vagas-carteira-Foto_Vitor-Vasconcelos-Secom-PR.jpg?w=768&amp;ssl=1 768w, https:\/\/i0.wp.com\/blogdoeloiltoncajuhy.com.br\/site\/wp-content\/uploads\/2025\/01\/Emprego-vagas-carteira-Foto_Vitor-Vasconcelos-Secom-PR.jpg?resize=300%2C200&amp;ssl=1 300w\" sizes=\"(max-width: 768px) 100vw, 768px\" \/><\/a><figcaption class=\"wp-element-caption\"><sub>Foto: Vitor Vasconcelos\/Secom-PR<\/sub><\/figcaption><\/figure>\n\n\n\n<p>A Bahia foi um dos destaques da regi\u00e3o Nordeste em abril na gera\u00e7\u00e3o de empregos com carteira assinada. O estado fechou o m\u00eas com 14.353 novos postos formais, resultado de 90.186 admiss\u00f5es e 75.833 desligamentos, de acordo com os dados do Cadastro Geral de Empregados e Desempregados (Novo Caged), divulgados nesta quarta-feira (28) pelo Minist\u00e9rio do Trabalho e Emprego.<\/p>\n\n\n\n<p>No acumulado do ano, entre janeiro e abril de 2025, a Bahia tem saldo de 46.450 novos empregos formais. Nos \u00faltimos 12 meses, o estado abriu 95 mil novos postos de trabalho com carteira assinada.<\/p>\n\n\n\n<p>Em abril, o desempenho positivo foi registrado em quatro dos cinco grandes grupamentos de atividades econ\u00f4micas avaliados na Bahia. O destaque foi o setor de Servi\u00e7os, que terminou o m\u00eas com um saldo de 7.850 mil vagas. Na sequ\u00eancia aparecem Ind\u00fastria (2.712), Constru\u00e7\u00e3o (2.304) e Com\u00e9rcio (1.982). Apenas o setor da Agropecu\u00e1ria registrou resultado negativo, com -495 vagas.<\/p>\n\n\n\n<p><a href=\"https:\/\/whatsapp.com\/channel\/0029VaAT7tDLI8Yfj5y9Z50Z\"><strong><mark style=\"background-color:rgba(0, 0, 0, 0)\" class=\"has-inline-color has-vivid-red-color\">>> Siga nosso canal no WhatsApp e veja mais not\u00edcias<\/mark><\/strong><\/a><\/p>\n\n\n\n<p>As novas vagas com carteira assinada geradas em abril no estado foram ocupadas, em sua maioria, por pessoas do sexo masculino (7.554). Pessoas com ensino m\u00e9dio completo foram as principais atendidas (10.820) com as vagas no estado. Jovens entre 18 e 24 anos s\u00e3o o grupo com maior saldo de vagas no estado: 6.586.<\/p>\n\n\n\n<h4 class=\"wp-block-heading\"><strong><mark style=\"background-color:rgba(0, 0, 0, 0)\" class=\"has-inline-color has-black-color\">Munic\u00edpios<\/mark><\/strong><\/h4>\n\n\n\n<p>A capital, Salvador, foi o munic\u00edpio baiano com melhor saldo em abril, com 3.906 novos postos. A cidade tem hoje um estoque de 684,3 mil empregos formais. Na sequ\u00eancia aparecem Lauro de Freitas (1.111), Feira de Santana (907), Medeiros Neto (872) e Vit\u00f3ria da Conquista (495).<\/p>\n\n\n\n<figure class=\"wp-block-image aligncenter size-full\"><a href=\"https:\/\/i0.wp.com\/blogdoeloiltoncajuhy.com.br\/site\/wp-content\/uploads\/2025\/05\/GOVFED_Caged-BA-Abril-2025.jpg?ssl=1\"><img data-recalc-dims=\"1\" decoding=\"async\" width=\"530\" height=\"750\" src=\"https:\/\/i0.wp.com\/blogdoeloiltoncajuhy.com.br\/site\/wp-content\/uploads\/2025\/05\/GOVFED_Caged-BA-Abril-2025.jpg?resize=530%2C750&#038;ssl=1\" alt=\"\" class=\"wp-image-87963\" srcset=\"https:\/\/i0.wp.com\/blogdoeloiltoncajuhy.com.br\/site\/wp-content\/uploads\/2025\/05\/GOVFED_Caged-BA-Abril-2025.jpg?w=530&amp;ssl=1 530w, https:\/\/i0.wp.com\/blogdoeloiltoncajuhy.com.br\/site\/wp-content\/uploads\/2025\/05\/GOVFED_Caged-BA-Abril-2025.jpg?resize=212%2C300&amp;ssl=1 212w\" sizes=\"(max-width: 530px) 100vw, 530px\" \/><\/a><figcaption class=\"wp-element-caption\"><sub>Um resumo dos dados do Novo Caged em abril de 2025, com dados nacionais, por estados e regi\u00f5es<\/sub><\/figcaption><\/figure>\n","protected":false},"excerpt":{"rendered":"<p>Em todo o pa\u00eds, foram 257,5 mil empregos com carteira assinada, melhor desempenho para abril de toda a s\u00e9rie hist\u00f3rica. Brasil supera pela primeira vez a marca de 48 milh\u00f5es de v\u00ednculos formais. Blog do Eloilton Cajuhy \u2013 BEC A Bahia foi um dos destaques da regi\u00e3o Nordeste em abril na gera\u00e7\u00e3o de empregos com [&hellip;]<\/p>\n","protected":false},"author":2,"featured_media":77789,"comment_status":"open","ping_status":"open","sticky":false,"template":"","format":"standard","meta":{"_acf_changed":false,"_monsterinsights_skip_tracking":false,"_monsterinsights_sitenote_active":false,"_monsterinsights_sitenote_note":"","_monsterinsights_sitenote_category":0,"_jetpack_memberships_contains_paid_content":false,"footnotes":"","jetpack_publicize_message":"","jetpack_publicize_feature_enabled":true,"jetpack_social_post_already_shared":false,"jetpack_social_options":{"image_generator_settings":{"template":"highway","enabled":false},"version":2}},"categories":[31],"tags":[],"class_list":["post-87962","post","type-post","status-publish","format-standard","has-post-thumbnail","hentry","category-economia"],"acf":[],"jetpack_publicize_connections":[],"jetpack_featured_media_url":"https:\/\/i0.wp.com\/blogdoeloiltoncajuhy.com.br\/site\/wp-content\/uploads\/2023\/11\/carteira-trabalho-emprego-vagas-291123.jpg?fit=768%2C512&ssl=1","jetpack_sharing_enabled":true,"publishpress_future_workflow_manual_trigger":{"enabledWorkflows":[]},"_links":{"self":[{"href":"https:\/\/blogdoeloiltoncajuhy.com.br\/site\/wp-json\/wp\/v2\/posts\/87962","targetHints":{"allow":["GET"]}}],"collection":[{"href":"https:\/\/blogdoeloiltoncajuhy.com.br\/site\/wp-json\/wp\/v2\/posts"}],"about":[{"href":"https:\/\/blogdoeloiltoncajuhy.com.br\/site\/wp-json\/wp\/v2\/types\/post"}],"author":[{"embeddable":true,"href":"https:\/\/blogdoeloiltoncajuhy.com.br\/site\/wp-json\/wp\/v2\/users\/2"}],"replies":[{"embeddable":true,"href":"https:\/\/blogdoeloiltoncajuhy.com.br\/site\/wp-json\/wp\/v2\/comments?post=87962"}],"version-history":[{"count":1,"href":"https:\/\/blogdoeloiltoncajuhy.com.br\/site\/wp-json\/wp\/v2\/posts\/87962\/revisions"}],"predecessor-version":[{"id":87964,"href":"https:\/\/blogdoeloiltoncajuhy.com.br\/site\/wp-json\/wp\/v2\/posts\/87962\/revisions\/87964"}],"wp:featuredmedia":[{"embeddable":true,"href":"https:\/\/blogdoeloiltoncajuhy.com.br\/site\/wp-json\/wp\/v2\/media\/77789"}],"wp:attachment":[{"href":"https:\/\/blogdoeloiltoncajuhy.com.br\/site\/wp-json\/wp\/v2\/media?parent=87962"}],"wp:term":[{"taxonomy":"category","embeddable":true,"href":"https:\/\/blogdoeloiltoncajuhy.com.br\/site\/wp-json\/wp\/v2\/categories?post=87962"},{"taxonomy":"post_tag","embeddable":true,"href":"https:\/\/blogdoeloiltoncajuhy.com.br\/site\/wp-json\/wp\/v2\/tags?post=87962"}],"curies":[{"name":"wp","href":"https:\/\/api.w.org\/{rel}","templated":true}]}}