{"id":87958,"date":"2025-05-30T09:14:27","date_gmt":"2025-05-30T12:14:27","guid":{"rendered":"https:\/\/blogdoeloiltoncajuhy.com.br\/site\/?p=87958"},"modified":"2025-05-30T09:14:29","modified_gmt":"2025-05-30T12:14:29","slug":"governo-americano-amplia-exigencias-para-controle-das-moscas-das-frutas-no-vale-do-sao-francisco","status":"publish","type":"post","link":"https:\/\/blogdoeloiltoncajuhy.com.br\/site\/governo-americano-amplia-exigencias-para-controle-das-moscas-das-frutas-no-vale-do-sao-francisco\/","title":{"rendered":"Governo americano amplia exig\u00eancias para controle das moscas-das-frutas no Vale do S\u00e3o Francisco"},"content":{"rendered":"\n<p><strong>Blog do Eloilton Cajuhy &#8211; BEC<\/strong><\/p>\n\n\n\n<figure class=\"wp-block-image aligncenter size-full\"><a href=\"https:\/\/i0.wp.com\/blogdoeloiltoncajuhy.com.br\/site\/wp-content\/uploads\/2025\/05\/VSF_01.jpeg?ssl=1\"><img data-recalc-dims=\"1\" fetchpriority=\"high\" decoding=\"async\" width=\"740\" height=\"573\" src=\"https:\/\/i0.wp.com\/blogdoeloiltoncajuhy.com.br\/site\/wp-content\/uploads\/2025\/05\/VSF_01.jpeg?resize=740%2C573&#038;ssl=1\" alt=\"\" class=\"wp-image-87959\" srcset=\"https:\/\/i0.wp.com\/blogdoeloiltoncajuhy.com.br\/site\/wp-content\/uploads\/2025\/05\/VSF_01.jpeg?w=740&amp;ssl=1 740w, https:\/\/i0.wp.com\/blogdoeloiltoncajuhy.com.br\/site\/wp-content\/uploads\/2025\/05\/VSF_01.jpeg?resize=300%2C232&amp;ssl=1 300w\" sizes=\"(max-width: 740px) 100vw, 740px\" \/><\/a><figcaption class=\"wp-element-caption\"><sub>Governo americano amplia exig\u00eancias para controle das moscas-das-frutas no Vale do S\u00e3o Francisco<\/sub><\/figcaption><\/figure>\n\n\n\n<p>Os exportadores de manga para os EUA ter\u00e3o que aumentar os cuidados com o controle e monitoramento da praga das moscas-das-frutas, sob pena de perderem as habilita\u00e7\u00f5es para comercializa\u00e7\u00e3o com o mercado americano, um dos maiores consumidores da fruta do mundo.<\/p>\n\n\n\n<p>O alerta foi dado pelo chefe de programas especiais de exporta\u00e7\u00e3o do Minist\u00e9rio da Agricultura (MAPA), Caio C\u00e9sar Sim\u00e3o, durante reuni\u00e3o nesta quinta-feira (29), na Valexport (Associa\u00e7\u00e3o dos Produtores e Exportadores de Hortigranjeiros e Derivados do Vale do S\u00e3o Francisco), em Petrolina.<\/p>\n\n\n\n<p>Falando para um p\u00fablico de exportadores, produtores e respons\u00e1veis t\u00e9cnicos de unidades produtoras de manga destinadas aos Estados Unidos, Caio C\u00e9sar detalhou as novas regras do plano de trabalho, visando reduzir o \u00edndice populacional da praga quarenten\u00e1ria nos pomares da regi\u00e3o.<\/p>\n\n\n\n<p><a href=\"https:\/\/whatsapp.com\/channel\/0029VaAT7tDLI8Yfj5y9Z50Z\"><strong><mark style=\"background-color:rgba(0, 0, 0, 0)\" class=\"has-inline-color has-vivid-red-color\">>> Siga nosso canal no WhatsApp e veja mais not\u00edcias<\/mark><\/strong><\/a><\/p>\n\n\n\n<p>Durante a reuni\u00e3o t\u00e9cnica, que teve o apoio do Minist\u00e9rio da Agricultura e Pecu\u00e1ria (MAPA), Adagro, Senar, Moscamed Brasil, Adab e Corteva, o auditor fiscal federal agropecu\u00e1rio (Vigivale), Antonio Rom\u00e3o, falou sobre os sistemas para manejo de risco da praga (SMR), e o p\u00fablico conferiu ainda o detalhamento do papel das ag\u00eancias estaduais (Adab\/BA e Adagro\/PE).<\/p>\n\n\n\n<figure class=\"wp-block-image aligncenter size-full\"><a href=\"https:\/\/i0.wp.com\/blogdoeloiltoncajuhy.com.br\/site\/wp-content\/uploads\/2025\/05\/VSF_02.jpeg?ssl=1\"><img data-recalc-dims=\"1\" decoding=\"async\" width=\"740\" height=\"464\" src=\"https:\/\/i0.wp.com\/blogdoeloiltoncajuhy.com.br\/site\/wp-content\/uploads\/2025\/05\/VSF_02.jpeg?resize=740%2C464&#038;ssl=1\" alt=\"\" class=\"wp-image-87960\" srcset=\"https:\/\/i0.wp.com\/blogdoeloiltoncajuhy.com.br\/site\/wp-content\/uploads\/2025\/05\/VSF_02.jpeg?w=740&amp;ssl=1 740w, https:\/\/i0.wp.com\/blogdoeloiltoncajuhy.com.br\/site\/wp-content\/uploads\/2025\/05\/VSF_02.jpeg?resize=300%2C188&amp;ssl=1 300w\" sizes=\"(max-width: 740px) 100vw, 740px\" \/><\/a><figcaption class=\"wp-element-caption\"><sub>Governo americano amplia exig\u00eancias para controle das moscas-das-frutas no Vale do S\u00e3o Francisco<\/sub><\/figcaption><\/figure>\n\n\n\n<p>E na etapa final da reuni\u00e3o, a respons\u00e1vel t\u00e9cnica da Moscamed Brasil, Itala Cruz Damasceno, esclareceu detalhes importantes acerca do panorama populacional e sistema de monitoramento da praga no Vale do S\u00e3o Francisco. Concluindo o bloco de palestras, os representantes comerciais da Corteva, Manoel Neto e Jadna Mylena, apresentaram as estrat\u00e9gias de manejo integrado para controle das moscas-das-frutas. Na sequ\u00eancia, um f\u00f3rum de discuss\u00e3o mobilizou a participa\u00e7\u00e3o do p\u00fablico, que apresentou questionamentos e tirou d\u00favidas.<\/p>\n\n\n\n<p>O gerente executivo da Valexport, T\u00e1ssio Lustoza, concluiu os trabalhos, revelando que o Vale do S\u00e3o Francisco exportou, na safra 2024, cerca de 237 mil toneladas de mangas para 101 pa\u00edses em todo o mundo. \u201cOs EUA, terceiro maior importador da fruta, compraram cerca de 37 mil toneladas, 14,27% desse total. Nossa expectativa para esta safra \u00e9 ampliar para 56 mil toneladas as exporta\u00e7\u00f5es para o mercado americano. Esse crescimento s\u00f3 pode acontecer se toda a cadeia produtiva trabalhar em conjunto, realizando de forma adequada o monitoramento e controle da praga das moscas-das-frutas\u201d, ressaltou.<\/p>\n","protected":false},"excerpt":{"rendered":"<p>Blog do Eloilton Cajuhy &#8211; BEC Os exportadores de manga para os EUA ter\u00e3o que aumentar os cuidados com o controle e monitoramento da praga das moscas-das-frutas, sob pena de perderem as habilita\u00e7\u00f5es para comercializa\u00e7\u00e3o com o mercado americano, um dos maiores consumidores da fruta do mundo. O alerta foi dado pelo chefe de programas [&hellip;]<\/p>\n","protected":false},"author":2,"featured_media":87960,"comment_status":"open","ping_status":"open","sticky":false,"template":"","format":"standard","meta":{"_acf_changed":false,"_monsterinsights_skip_tracking":false,"_monsterinsights_sitenote_active":false,"_monsterinsights_sitenote_note":"","_monsterinsights_sitenote_category":0,"_jetpack_memberships_contains_paid_content":false,"footnotes":"","jetpack_publicize_message":"","jetpack_publicize_feature_enabled":true,"jetpack_social_post_already_shared":false,"jetpack_social_options":{"image_generator_settings":{"template":"highway","enabled":false},"version":2}},"categories":[31],"tags":[],"class_list":["post-87958","post","type-post","status-publish","format-standard","has-post-thumbnail","hentry","category-economia"],"acf":[],"jetpack_publicize_connections":[],"jetpack_featured_media_url":"https:\/\/i0.wp.com\/blogdoeloiltoncajuhy.com.br\/site\/wp-content\/uploads\/2025\/05\/VSF_02.jpeg?fit=740%2C464&ssl=1","jetpack_sharing_enabled":true,"publishpress_future_workflow_manual_trigger":{"enabledWorkflows":[]},"_links":{"self":[{"href":"https:\/\/blogdoeloiltoncajuhy.com.br\/site\/wp-json\/wp\/v2\/posts\/87958","targetHints":{"allow":["GET"]}}],"collection":[{"href":"https:\/\/blogdoeloiltoncajuhy.com.br\/site\/wp-json\/wp\/v2\/posts"}],"about":[{"href":"https:\/\/blogdoeloiltoncajuhy.com.br\/site\/wp-json\/wp\/v2\/types\/post"}],"author":[{"embeddable":true,"href":"https:\/\/blogdoeloiltoncajuhy.com.br\/site\/wp-json\/wp\/v2\/users\/2"}],"replies":[{"embeddable":true,"href":"https:\/\/blogdoeloiltoncajuhy.com.br\/site\/wp-json\/wp\/v2\/comments?post=87958"}],"version-history":[{"count":1,"href":"https:\/\/blogdoeloiltoncajuhy.com.br\/site\/wp-json\/wp\/v2\/posts\/87958\/revisions"}],"predecessor-version":[{"id":87961,"href":"https:\/\/blogdoeloiltoncajuhy.com.br\/site\/wp-json\/wp\/v2\/posts\/87958\/revisions\/87961"}],"wp:featuredmedia":[{"embeddable":true,"href":"https:\/\/blogdoeloiltoncajuhy.com.br\/site\/wp-json\/wp\/v2\/media\/87960"}],"wp:attachment":[{"href":"https:\/\/blogdoeloiltoncajuhy.com.br\/site\/wp-json\/wp\/v2\/media?parent=87958"}],"wp:term":[{"taxonomy":"category","embeddable":true,"href":"https:\/\/blogdoeloiltoncajuhy.com.br\/site\/wp-json\/wp\/v2\/categories?post=87958"},{"taxonomy":"post_tag","embeddable":true,"href":"https:\/\/blogdoeloiltoncajuhy.com.br\/site\/wp-json\/wp\/v2\/tags?post=87958"}],"curies":[{"name":"wp","href":"https:\/\/api.w.org\/{rel}","templated":true}]}}