{"id":87956,"date":"2025-05-30T09:02:17","date_gmt":"2025-05-30T12:02:17","guid":{"rendered":"https:\/\/blogdoeloiltoncajuhy.com.br\/site\/?p=87956"},"modified":"2025-05-30T09:02:19","modified_gmt":"2025-05-30T12:02:19","slug":"sec-abre-inscricoes-para-mais-de-18-mil-vagas-de-cursos-tecnicos-na-bahia-saiba-como-se-inscrever","status":"publish","type":"post","link":"https:\/\/blogdoeloiltoncajuhy.com.br\/site\/sec-abre-inscricoes-para-mais-de-18-mil-vagas-de-cursos-tecnicos-na-bahia-saiba-como-se-inscrever\/","title":{"rendered":"SEC abre inscri\u00e7\u00f5es para mais de 18 mil vagas de cursos t\u00e9cnicos na Bahia; saiba como se inscrever"},"content":{"rendered":"\n<p class=\"has-medium-font-size\"><strong>Interessados em participar devem se inscrever at\u00e9 17 de junho, no Portal da Educa\u00e7\u00e3o. As 18.550 vagas est\u00e3o distribu\u00eddas por todo o estado.<\/strong><\/p>\n\n\n\n<p><strong>Por g1 BA<\/strong><\/p>\n\n\n\n<figure class=\"wp-block-image aligncenter size-full\"><a href=\"https:\/\/i0.wp.com\/blogdoeloiltoncajuhy.com.br\/site\/wp-content\/uploads\/2024\/10\/Cursos_iSTock-PeopleImages.jpeg\"><img data-recalc-dims=\"1\" fetchpriority=\"high\" decoding=\"async\" width=\"768\" height=\"467\" src=\"https:\/\/i0.wp.com\/blogdoeloiltoncajuhy.com.br\/site\/wp-content\/uploads\/2024\/10\/Cursos_iSTock-PeopleImages.jpeg?resize=768%2C467\" alt=\"\" class=\"wp-image-83941\" srcset=\"https:\/\/i0.wp.com\/blogdoeloiltoncajuhy.com.br\/site\/wp-content\/uploads\/2024\/10\/Cursos_iSTock-PeopleImages.jpeg?w=768&amp;ssl=1 768w, https:\/\/i0.wp.com\/blogdoeloiltoncajuhy.com.br\/site\/wp-content\/uploads\/2024\/10\/Cursos_iSTock-PeopleImages.jpeg?resize=300%2C182&amp;ssl=1 300w\" sizes=\"(max-width: 768px) 100vw, 768px\" \/><\/a><figcaption class=\"wp-element-caption\"><sub>Foto: iSTock\/PeopleImages<\/sub><\/figcaption><\/figure>\n\n\n\n<p>A Secretaria de Educa\u00e7\u00e3o do Estado da Bahia (SEC) abriu inscri\u00e7\u00f5es para mais de 18 mil vagas de cursos t\u00e9cnicos gratuitos distribu\u00eddos por todo o estado. As oportunidades s\u00e3o de n\u00edvel m\u00e9dio e os interessados podem se inscrever at\u00e9 o dia 17 de junho, no <a href=\"https:\/\/processoseletivoeptec.educacao.ba.gov.br\/inscricao\"><strong><mark style=\"background-color:rgba(0, 0, 0, 0)\" class=\"has-inline-color has-vivid-cyan-blue-color\">Portal da Educa\u00e7\u00e3o<\/mark><\/strong><\/a>.<\/p>\n\n\n\n<p><a href=\"https:\/\/whatsapp.com\/channel\/0029VaAT7tDLI8Yfj5y9Z50Z\"><strong><mark style=\"background-color:rgba(0, 0, 0, 0)\" class=\"has-inline-color has-vivid-red-color\">>> Siga nosso canal no WhatsApp e veja mais not\u00edcias<\/mark><\/strong><\/a><\/p>\n\n\n\n<p>A sele\u00e7\u00e3o ser\u00e1 realizada por meio de sorteio eletr\u00f4nico, no dia 18 de junho. O resultado ser\u00e1 divulgado no mesmo dia.<\/p>\n\n\n\n<p>Vale ressaltar que as 18.550 vagas ser\u00e3o prioritariamente destinadas a estudantes que finalizaram o Ensino M\u00e9dio na rede p\u00fablica ou em escolas privadas como bolsistas integrais. Uma lista com todas as vagas e os cursos dispon\u00edveis em cada cidade tamb\u00e9m podem ser acessadas no portal do \u00f3rg\u00e3o.<\/p>\n\n\n\n<p>Os contemplados poder\u00e3o realizar a matr\u00edcula nos cursos entre os dias 14 e 15 de julho, na unidade para a qual foi selecionado. Para realizar o processo, \u00e9 necess\u00e1rio apresentar documentos como hist\u00f3rico escolar, RG, CPF, comprovante de resid\u00eancia e carteira de vacina\u00e7\u00e3o atualizada.<\/p>\n\n\n\n<p>Ao todo, s\u00e3o 41 cursos ofertados. Algumas das tem\u00e1ticas s\u00e3o Administra\u00e7\u00e3o, Servi\u00e7os Jur\u00eddicos, Finan\u00e7as, Recursos Humanos, Nutri\u00e7\u00e3o e Diet\u00e9tica, An\u00e1lises Cl\u00ednicas, Manuten\u00e7\u00e3o e Suporte em Inform\u00e1tica, Log\u00edstica, Desenvolvimento de Sistemas e Enfermagem, entre outras.<\/p>\n\n\n\n<p>Caso haja desist\u00eancia ou o n\u00e3o comparecimento dos candidatos contemplados no sorteio, as vagas ser\u00e3o redistribu\u00eddas no per\u00edodo de 16 a 18 de julho. As aulas iniciar\u00e3o no dia 23 de julho.<\/p>\n","protected":false},"excerpt":{"rendered":"<p>Interessados em participar devem se inscrever at\u00e9 17 de junho, no Portal da Educa\u00e7\u00e3o. As 18.550 vagas est\u00e3o distribu\u00eddas por todo o estado. Por g1 BA A Secretaria de Educa\u00e7\u00e3o do Estado da Bahia (SEC) abriu inscri\u00e7\u00f5es para mais de 18 mil vagas de cursos t\u00e9cnicos gratuitos distribu\u00eddos por todo o estado. As oportunidades s\u00e3o [&hellip;]<\/p>\n","protected":false},"author":2,"featured_media":74654,"comment_status":"open","ping_status":"open","sticky":false,"template":"","format":"standard","meta":{"_acf_changed":false,"_monsterinsights_skip_tracking":false,"_monsterinsights_sitenote_active":false,"_monsterinsights_sitenote_note":"","_monsterinsights_sitenote_category":0,"_jetpack_memberships_contains_paid_content":false,"footnotes":"","jetpack_publicize_message":"","jetpack_publicize_feature_enabled":true,"jetpack_social_post_already_shared":true,"jetpack_social_options":{"image_generator_settings":{"template":"highway","default_image_id":0,"font":"","enabled":false},"version":2}},"categories":[14],"tags":[],"class_list":["post-87956","post","type-post","status-publish","format-standard","has-post-thumbnail","hentry","category-educacao"],"acf":[],"jetpack_publicize_connections":[],"jetpack_featured_media_url":"https:\/\/i0.wp.com\/blogdoeloiltoncajuhy.com.br\/site\/wp-content\/uploads\/2023\/06\/Estudantes-rede-publica-cursos-tecnicos-%E2%80%94-FotoDivulgacaoSEC.webp?fit=984%2C616&ssl=1","jetpack_sharing_enabled":true,"publishpress_future_workflow_manual_trigger":{"enabledWorkflows":[]},"_links":{"self":[{"href":"https:\/\/blogdoeloiltoncajuhy.com.br\/site\/wp-json\/wp\/v2\/posts\/87956","targetHints":{"allow":["GET"]}}],"collection":[{"href":"https:\/\/blogdoeloiltoncajuhy.com.br\/site\/wp-json\/wp\/v2\/posts"}],"about":[{"href":"https:\/\/blogdoeloiltoncajuhy.com.br\/site\/wp-json\/wp\/v2\/types\/post"}],"author":[{"embeddable":true,"href":"https:\/\/blogdoeloiltoncajuhy.com.br\/site\/wp-json\/wp\/v2\/users\/2"}],"replies":[{"embeddable":true,"href":"https:\/\/blogdoeloiltoncajuhy.com.br\/site\/wp-json\/wp\/v2\/comments?post=87956"}],"version-history":[{"count":1,"href":"https:\/\/blogdoeloiltoncajuhy.com.br\/site\/wp-json\/wp\/v2\/posts\/87956\/revisions"}],"predecessor-version":[{"id":87957,"href":"https:\/\/blogdoeloiltoncajuhy.com.br\/site\/wp-json\/wp\/v2\/posts\/87956\/revisions\/87957"}],"wp:featuredmedia":[{"embeddable":true,"href":"https:\/\/blogdoeloiltoncajuhy.com.br\/site\/wp-json\/wp\/v2\/media\/74654"}],"wp:attachment":[{"href":"https:\/\/blogdoeloiltoncajuhy.com.br\/site\/wp-json\/wp\/v2\/media?parent=87956"}],"wp:term":[{"taxonomy":"category","embeddable":true,"href":"https:\/\/blogdoeloiltoncajuhy.com.br\/site\/wp-json\/wp\/v2\/categories?post=87956"},{"taxonomy":"post_tag","embeddable":true,"href":"https:\/\/blogdoeloiltoncajuhy.com.br\/site\/wp-json\/wp\/v2\/tags?post=87956"}],"curies":[{"name":"wp","href":"https:\/\/api.w.org\/{rel}","templated":true}]}}