{"id":87952,"date":"2025-05-30T08:50:13","date_gmt":"2025-05-30T11:50:13","guid":{"rendered":"https:\/\/blogdoeloiltoncajuhy.com.br\/site\/?p=87952"},"modified":"2025-05-30T08:50:15","modified_gmt":"2025-05-30T11:50:15","slug":"deputado-bobo-se-reune-com-nova-diretoria-da-aciasb-e-discute-projetos-para-o-desenvolvimento-regional","status":"publish","type":"post","link":"https:\/\/blogdoeloiltoncajuhy.com.br\/site\/deputado-bobo-se-reune-com-nova-diretoria-da-aciasb-e-discute-projetos-para-o-desenvolvimento-regional\/","title":{"rendered":"Deputado Bob\u00f4 se re\u00fane com nova diretoria da Aciasb e discute projetos para o desenvolvimento regional"},"content":{"rendered":"\n<p><strong>Blog do Eloilton Cajuhy &#8211; BEC<\/strong><\/p>\n\n\n\n<figure class=\"wp-block-image aligncenter size-full\"><a href=\"https:\/\/i0.wp.com\/blogdoeloiltoncajuhy.com.br\/site\/wp-content\/uploads\/2025\/05\/Bobo-Aciasb-29-05-25.jpeg?ssl=1\"><img data-recalc-dims=\"1\" fetchpriority=\"high\" decoding=\"async\" width=\"760\" height=\"428\" src=\"https:\/\/i0.wp.com\/blogdoeloiltoncajuhy.com.br\/site\/wp-content\/uploads\/2025\/05\/Bobo-Aciasb-29-05-25.jpeg?resize=760%2C428&#038;ssl=1\" alt=\"\" class=\"wp-image-87953\" srcset=\"https:\/\/i0.wp.com\/blogdoeloiltoncajuhy.com.br\/site\/wp-content\/uploads\/2025\/05\/Bobo-Aciasb-29-05-25.jpeg?w=760&amp;ssl=1 760w, https:\/\/i0.wp.com\/blogdoeloiltoncajuhy.com.br\/site\/wp-content\/uploads\/2025\/05\/Bobo-Aciasb-29-05-25.jpeg?resize=300%2C169&amp;ssl=1 300w\" sizes=\"(max-width: 760px) 100vw, 760px\" \/><\/a><figcaption class=\"wp-element-caption\"><sub>Foto: Ascom Deputado Bob\u00f4<\/sub><\/figcaption><\/figure>\n\n\n\n<p>O deputado estadual Bob\u00f4 participou, na tarde desta quinta-feira (29), de reuni\u00e3o com a nova diretoria da Associa\u00e7\u00e3o Comercial, Industrial e Agr\u00edcola de Senhor do Bonfim (Aciasb), presidida por Fernando Henrique. O encontro contou com secret\u00e1rios municipais, empres\u00e1rios e representantes do com\u00e9rcio, visando fortalecer parcerias e discutir projetos estrat\u00e9gicos para a regi\u00e3o.<\/p>\n\n\n\n<p>Entre os temas debatidos, destacam-se a constru\u00e7\u00e3o da Central de Abastecimento Agroalimentar (CEASA) e a organiza\u00e7\u00e3o da 2\u00aa Feira Regional de Neg\u00f3cios do Piemonte Norte do Itapicuru (FERBON). Bob\u00f4 reafirmou seu apoio \u00e0 realiza\u00e7\u00e3o da FERBON, lembrando que, na primeira edi\u00e7\u00e3o, destinou R$ 100 mil via emenda impositiva e articulou mais R$ 250 mil com o governo estadual. \u201cEstou \u00e0 disposi\u00e7\u00e3o para ajudar novamente, colaborando na elabora\u00e7\u00e3o do projeto e na capta\u00e7\u00e3o de recursos, para que a feira seja ainda melhor\u201d, afirmou.<\/p>\n\n\n\n<p><a href=\"https:\/\/whatsapp.com\/channel\/0029VaAT7tDLI8Yfj5y9Z50Z\"><strong><mark style=\"background-color:rgba(0, 0, 0, 0)\" class=\"has-inline-color has-vivid-red-color\">>> Siga nosso canal no WhatsApp e veja mais not\u00edcias<\/mark><\/strong><\/a><\/p>\n\n\n\n<p>Outro ponto central foi a discuss\u00e3o sobre a CEASA, empreendimento que deve impulsionar a comercializa\u00e7\u00e3o de produtos hortifrutigranjeiros e gerar mais de 2 mil empregos diretos. O deputado defendeu a participa\u00e7\u00e3o dos munic\u00edpios vizinhos: \u201cVamos mobilizar os prefeitos da regi\u00e3o, inclusive o de Ant\u00f4nio Gon\u00e7alves, Dudu, que tamb\u00e9m preside o Cons\u00f3rcio, para que a pauta seja debatida conjuntamente. A CEASA, junto com a inaugura\u00e7\u00e3o do Aer\u00f3dromo, ser\u00e1 um marco para o desenvolvimento do territ\u00f3rio. J\u00e1 temos o projeto executivo e o terreno, agora precisamos unir for\u00e7as para execut\u00e1-lo\u201d.<\/p>\n\n\n\n<p>Bob\u00f4 tamb\u00e9m agradeceu ao ex-presidente da Aciasb, Nelson Pinheiro \u2014 atual diretor da Federa\u00e7\u00e3o do Com\u00e9rcio do Estado da Bahia \u2014 e sua equipe, pelos avan\u00e7os conquistados nos dois anos de gest\u00e3o. Na ocasi\u00e3o, Nelson realizou a entrega simb\u00f3lica ao novo presidente Fernando Henrique do termo de posse de um trator agr\u00edcola e seus implementos, adquiridos no ano passado por meio de articula\u00e7\u00e3o do deputado junto ao Governo do Estado.<\/p>\n\n\n\n<p>Participaram ainda do encontro a vice-presidente da Aciasb, Regivan Gomes; os secret\u00e1rios municipais Raimundo Nonato (Planejamento) e Ana Cl\u00e1udia Matos (Desenvolvimento Econ\u00f4mico); o presidente do Sindicom, Cl\u00e1udio Rodrigues; e os empres\u00e1rios Osmar Jambeiro e Alexandro Santana.<\/p>\n\n\n\n<figure class=\"wp-block-image aligncenter size-full\"><a href=\"https:\/\/i0.wp.com\/blogdoeloiltoncajuhy.com.br\/site\/wp-content\/uploads\/2025\/05\/Bobo-Aciasb-29-05-25-2.jpeg?ssl=1\"><img data-recalc-dims=\"1\" decoding=\"async\" width=\"700\" height=\"569\" src=\"https:\/\/i0.wp.com\/blogdoeloiltoncajuhy.com.br\/site\/wp-content\/uploads\/2025\/05\/Bobo-Aciasb-29-05-25-2.jpeg?resize=700%2C569&#038;ssl=1\" alt=\"\" class=\"wp-image-87954\" srcset=\"https:\/\/i0.wp.com\/blogdoeloiltoncajuhy.com.br\/site\/wp-content\/uploads\/2025\/05\/Bobo-Aciasb-29-05-25-2.jpeg?w=700&amp;ssl=1 700w, https:\/\/i0.wp.com\/blogdoeloiltoncajuhy.com.br\/site\/wp-content\/uploads\/2025\/05\/Bobo-Aciasb-29-05-25-2.jpeg?resize=300%2C244&amp;ssl=1 300w\" sizes=\"(max-width: 700px) 100vw, 700px\" \/><\/a><figcaption class=\"wp-element-caption\"><sub>Foto: Ascom Deputado Bob\u00f4<\/sub><\/figcaption><\/figure>\n","protected":false},"excerpt":{"rendered":"<p>Blog do Eloilton Cajuhy &#8211; BEC O deputado estadual Bob\u00f4 participou, na tarde desta quinta-feira (29), de reuni\u00e3o com a nova diretoria da Associa\u00e7\u00e3o Comercial, Industrial e Agr\u00edcola de Senhor do Bonfim (Aciasb), presidida por Fernando Henrique. O encontro contou com secret\u00e1rios municipais, empres\u00e1rios e representantes do com\u00e9rcio, visando fortalecer parcerias e discutir projetos estrat\u00e9gicos [&hellip;]<\/p>\n","protected":false},"author":2,"featured_media":87953,"comment_status":"open","ping_status":"open","sticky":false,"template":"","format":"standard","meta":{"_acf_changed":false,"_monsterinsights_skip_tracking":false,"_monsterinsights_sitenote_active":false,"_monsterinsights_sitenote_note":"","_monsterinsights_sitenote_category":0,"_jetpack_memberships_contains_paid_content":false,"footnotes":"","jetpack_publicize_message":"","jetpack_publicize_feature_enabled":true,"jetpack_social_post_already_shared":false,"jetpack_social_options":{"image_generator_settings":{"template":"highway","enabled":false},"version":2}},"categories":[3],"tags":[],"class_list":["post-87952","post","type-post","status-publish","format-standard","has-post-thumbnail","hentry","category-politica"],"acf":[],"jetpack_publicize_connections":[],"jetpack_featured_media_url":"https:\/\/i0.wp.com\/blogdoeloiltoncajuhy.com.br\/site\/wp-content\/uploads\/2025\/05\/Bobo-Aciasb-29-05-25.jpeg?fit=760%2C428&ssl=1","jetpack_sharing_enabled":true,"publishpress_future_workflow_manual_trigger":{"enabledWorkflows":[]},"_links":{"self":[{"href":"https:\/\/blogdoeloiltoncajuhy.com.br\/site\/wp-json\/wp\/v2\/posts\/87952","targetHints":{"allow":["GET"]}}],"collection":[{"href":"https:\/\/blogdoeloiltoncajuhy.com.br\/site\/wp-json\/wp\/v2\/posts"}],"about":[{"href":"https:\/\/blogdoeloiltoncajuhy.com.br\/site\/wp-json\/wp\/v2\/types\/post"}],"author":[{"embeddable":true,"href":"https:\/\/blogdoeloiltoncajuhy.com.br\/site\/wp-json\/wp\/v2\/users\/2"}],"replies":[{"embeddable":true,"href":"https:\/\/blogdoeloiltoncajuhy.com.br\/site\/wp-json\/wp\/v2\/comments?post=87952"}],"version-history":[{"count":1,"href":"https:\/\/blogdoeloiltoncajuhy.com.br\/site\/wp-json\/wp\/v2\/posts\/87952\/revisions"}],"predecessor-version":[{"id":87955,"href":"https:\/\/blogdoeloiltoncajuhy.com.br\/site\/wp-json\/wp\/v2\/posts\/87952\/revisions\/87955"}],"wp:featuredmedia":[{"embeddable":true,"href":"https:\/\/blogdoeloiltoncajuhy.com.br\/site\/wp-json\/wp\/v2\/media\/87953"}],"wp:attachment":[{"href":"https:\/\/blogdoeloiltoncajuhy.com.br\/site\/wp-json\/wp\/v2\/media?parent=87952"}],"wp:term":[{"taxonomy":"category","embeddable":true,"href":"https:\/\/blogdoeloiltoncajuhy.com.br\/site\/wp-json\/wp\/v2\/categories?post=87952"},{"taxonomy":"post_tag","embeddable":true,"href":"https:\/\/blogdoeloiltoncajuhy.com.br\/site\/wp-json\/wp\/v2\/tags?post=87952"}],"curies":[{"name":"wp","href":"https:\/\/api.w.org\/{rel}","templated":true}]}}