{"id":87936,"date":"2025-05-29T14:44:44","date_gmt":"2025-05-29T17:44:44","guid":{"rendered":"https:\/\/blogdoeloiltoncajuhy.com.br\/site\/?p=87936"},"modified":"2025-05-29T14:45:42","modified_gmt":"2025-05-29T17:45:42","slug":"governo-do-estado-lanca-programas-de-acesso-gratuito-a-cnh","status":"publish","type":"post","link":"https:\/\/blogdoeloiltoncajuhy.com.br\/site\/governo-do-estado-lanca-programas-de-acesso-gratuito-a-cnh\/","title":{"rendered":"Governo do Estado lan\u00e7a programas de acesso gratuito \u00e0 CNH"},"content":{"rendered":"\n<p class=\"has-medium-font-size\"><strong>&#8220;A habilita\u00e7\u00e3o gratuita \u00e9 uma ferramenta que pode transformar a vida de muitas pessoas, especialmente dos jovens que buscam o primeiro emprego\u201d, destacou o governador Jer\u00f4nimo Rodrigues.<\/strong><\/p>\n\n\n\n<p><strong>Blog do Eloilton Cajuhy \u2013 BEC<\/strong><\/p>\n\n\n\n<figure class=\"wp-block-image aligncenter size-full\"><a href=\"https:\/\/i0.wp.com\/blogdoeloiltoncajuhy.com.br\/site\/wp-content\/uploads\/2025\/05\/GOVBA_CNH-gratuita_Foto-Thuane-MariaGOVBA.jpg?ssl=1\"><img data-recalc-dims=\"1\" fetchpriority=\"high\" decoding=\"async\" width=\"760\" height=\"506\" src=\"https:\/\/i0.wp.com\/blogdoeloiltoncajuhy.com.br\/site\/wp-content\/uploads\/2025\/05\/GOVBA_CNH-gratuita_Foto-Thuane-MariaGOVBA.jpg?resize=760%2C506&#038;ssl=1\" alt=\"\" class=\"wp-image-87937\" srcset=\"https:\/\/i0.wp.com\/blogdoeloiltoncajuhy.com.br\/site\/wp-content\/uploads\/2025\/05\/GOVBA_CNH-gratuita_Foto-Thuane-MariaGOVBA.jpg?w=760&amp;ssl=1 760w, https:\/\/i0.wp.com\/blogdoeloiltoncajuhy.com.br\/site\/wp-content\/uploads\/2025\/05\/GOVBA_CNH-gratuita_Foto-Thuane-MariaGOVBA.jpg?resize=300%2C200&amp;ssl=1 300w\" sizes=\"(max-width: 760px) 100vw, 760px\" \/><\/a><figcaption class=\"wp-element-caption\"><sub>Foto: Thuane Maria\/GOVBA<\/sub><\/figcaption><\/figure>\n\n\n\n<p>Com o objetivo de promover \u00e0 inclus\u00e3o social, a gera\u00e7\u00e3o de oportunidades e a inser\u00e7\u00e3o no mercado de trabalho, o governador Jer\u00f4nimo Rodrigues, oficializou, nesta quinta-feira (29), a regulamenta\u00e7\u00e3o dos programas \u2018CNH da Gente\u2019 e \u2018CNH na Escola\u2019 e autorizou o Departamento Estadual de Tr\u00e2nsito do Estado da Bahia (Detran), em parceria com as Secretarias da Educa\u00e7\u00e3o (SEC), de Assist\u00eancia e Desenvolvimento Social (Seades), e da Justi\u00e7a e Direitos Humanos (SJDH), publicar os editais para o processo de inscri\u00e7\u00e3o e sele\u00e7\u00e3o destinado \u00e0 forma\u00e7\u00e3o de condutores nas categorias &#8220;A&#8221; ou &#8220;B&#8221;. A assinatura dos decretos ocorreu na sede do Detran-BA, em Salvador.<\/p>\n\n\n\n<p>Voltadas para estudantes da rede p\u00fablica e pessoas inscritas no Cadastro \u00danico para Programas Sociais do Governo Federal (Cad\u00danico), as iniciativas oferecem acesso gratuito \u00e0 primeira habilita\u00e7\u00e3o, adi\u00e7\u00e3o ou mudan\u00e7a de categoria, sem custos para os beneficiados. Para participar, os interessados devem atender a crit\u00e9rios, como ter mais de 18 anos, estar inscrito no Cad\u00danico, saber ler e escrever e residir no estado da Bahia. Os estudantes menores de 17 anos podem iniciar a forma\u00e7\u00e3o te\u00f3rica, preparando-se para a obten\u00e7\u00e3o da CNH no futuro.<\/p>\n\n\n\n<p><a href=\"https:\/\/whatsapp.com\/channel\/0029VaAT7tDLI8Yfj5y9Z50Z\"><strong><mark style=\"background-color:rgba(0, 0, 0, 0)\" class=\"has-inline-color has-vivid-red-color\">>> Siga nosso canal no WhatsApp e veja mais not\u00edcias<\/mark><\/strong><\/a><\/p>\n\n\n\n<p>\u201cNo nosso governo, no meu governo, n\u00f3s n\u00e3o permitiremos que uma institui\u00e7\u00e3o como essa seja utilizada para qualquer outro fim que n\u00e3o seja este, por exemplo, que est\u00e3o fazendo aqui. Garantir as pessoas, cidadania, inclus\u00e3o, fonte de renda, divers\u00e3o para quem tira uma habilita\u00e7\u00e3o para passear, viajar, que gosta de dirigir. O nosso compromisso \u00e9 com uma Bahia mais justa e com mais oportunidades. A habilita\u00e7\u00e3o gratuita \u00e9 uma ferramenta que pode transformar a vida de muitas pessoas, especialmente dos jovens que buscam o primeiro emprego\u201d, destacou o governador durante o discurso. Na ocasi\u00e3o Jer\u00f4nimo Rodrigues renovou a habilita\u00e7\u00e3o.<\/p>\n\n\n\n<p>De acordo com o diretor-geral do Detran-BA Rodrigo Pimentel, \u201cs\u00e3o 12 mil vagas, sendo duas mil vagas para estudantes do ensino m\u00e9dio da rede p\u00fablica estadual, cinco mil vagas destinadas a estudantes da SEC (18+), inscritos no programa Bolsa Presen\u00e7a, mil vagas para o programa Bahia pela Paz, destinado a jovens e 50 vagas para atendimento as fam\u00edlias v\u00edtimas da explos\u00e3o na f\u00e1brica de fogos em Santo Ant\u00f4nio de Jesus, al\u00e9m de 3.950 vagas para a popula\u00e7\u00e3o cadastrada no Cad\u00danico.<\/p>\n\n\n\n<p>&#8220;O CNH na escola \u00e9 um programa que segue a Resolu\u00e7\u00e3o 265 do CONTRAN, onde um aluno no ensino m\u00e9dio, poder\u00e1 j\u00e1 iniciar sua forma\u00e7\u00e3o de condutor no col\u00e9gio. Ent\u00e3o se ele quiser depois qualificar, tirar a CNH, ele j\u00e1 vai ter em m\u00e3o a parte te\u00f3rica\u201d.<\/p>\n\n\n\n<h4 class=\"wp-block-heading\"><strong><mark style=\"background-color:rgba(0, 0, 0, 0)\" class=\"has-inline-color has-black-color\">Inscri\u00e7\u00f5es<\/mark><\/strong><\/h4>\n\n\n\n<p>As inscri\u00e7\u00f5es nos Programas ser\u00e3o realizadas exclusivamente por meio do Portal de Servi\u00e7os do Governo do Estado, no site institucional <a href=\"https:\/\/www.ba.gov.br\"><strong><mark style=\"background-color:rgba(0, 0, 0, 0)\" class=\"has-inline-color has-vivid-cyan-blue-color\">https:\/\/www.ba.gov.br<\/mark><\/strong><\/a> no per\u00edodo de 16 a 30 de junho. O \u2018CNH na Escola\u2019 e o \u2018CNH da Gente\u2019 atender\u00e3o estudantes do ensino m\u00e9dio, da educa\u00e7\u00e3o profissional e tecnol\u00f3gica da rede p\u00fablica estadual, al\u00e9m da popula\u00e7\u00e3o inscrita no Cadastro \u00danico para Programas Sociais do Governo Federal (Cad\u00danico). No dia 4 de junho ser\u00e1 publicado o edital do processo de inscri\u00e7\u00e3o e sele\u00e7\u00e3o para os interessados nos programas.<\/p>\n\n\n\n<p>O evento contou com a presen\u00e7a de diversas autoridades, incluindo a secret\u00e1ria da Educa\u00e7\u00e3o (SEC), Rowenna Brito, o diretor-geral do Detran-BA, Rodrigo Pimentel, a secret\u00e1ria de Assist\u00eancia e Desenvolvimento Social (Seades), Fabya Reis e o secret\u00e1rio do Trabalho, Emprego, Renda e Esporte (Setre), Augusto Vasconcelos. Estudantes e futuros benefici\u00e1rios tamb\u00e9m participaram do lan\u00e7amento, simbolizando o alcance social dos programas.<\/p>\n\n\n\n<h4 class=\"wp-block-heading\"><strong><mark style=\"background-color:rgba(0, 0, 0, 0)\" class=\"has-inline-color has-black-color\">Sobre os programas<\/mark><\/strong><\/h4>\n\n\n\n<p>O programa &#8220;CNH da Gente&#8221;, coordenado pelo Detran\/BA, \u00e9 uma iniciativa de inclus\u00e3o social que oferece o curso de forma\u00e7\u00e3o de condutor, para as categorias \u201cA\u201d ou \u201cB\u201d, gratuitamente a candidatos de baixa renda em todo o estado. A secret\u00e1ria Fabya Reis parabenizou a iniciativa e acrescentou, \u201ca partir do instrumento de gest\u00e3o, como o Cadastro \u00danico, conseguimos abrir e ampliar oportunidades para a popula\u00e7\u00e3o. Isso gera empregabilidade, renda e qualifica\u00e7\u00e3o\u201d.<\/p>\n\n\n\n<p>O Programa denominado &#8220;CNH na Escola&#8221; visa dar acesso \u00e0 forma\u00e7\u00e3o t\u00e9cnico-t\u00e9orica aos estudantes do ensino m\u00e9dio, t\u00e9cnico e profissional da rede p\u00fablica estadual. A a\u00e7\u00e3o conjunta da Secretaria de Educa\u00e7\u00e3o e do Detran\/BA assegura o cumprimento dos objetivos do programa, promovendo mobilidade e cidadania para a popula\u00e7\u00e3o baiana.<\/p>\n\n\n\n<p>\u201cEssa agenda \u00e9 central porque a gente faz um casamento, com a educa\u00e7\u00e3o para o tr\u00e2nsito, com a garantia de direitos e aqui tem um recorte muito especial para os estudantes que s\u00e3o de um programa que n\u00f3s constru\u00edmos na Bahia que \u00e9 o Bolsa Presen\u00e7a\u201d, pontuou a secret\u00e1ria Rowenna Brito.<\/p>\n","protected":false},"excerpt":{"rendered":"<p>&#8220;A habilita\u00e7\u00e3o gratuita \u00e9 uma ferramenta que pode transformar a vida de muitas pessoas, especialmente dos jovens que buscam o primeiro emprego\u201d, destacou o governador Jer\u00f4nimo Rodrigues. Blog do Eloilton Cajuhy \u2013 BEC Com o objetivo de promover \u00e0 inclus\u00e3o social, a gera\u00e7\u00e3o de oportunidades e a inser\u00e7\u00e3o no mercado de trabalho, o governador Jer\u00f4nimo [&hellip;]<\/p>\n","protected":false},"author":2,"featured_media":87937,"comment_status":"open","ping_status":"open","sticky":false,"template":"","format":"standard","meta":{"_acf_changed":false,"_monsterinsights_skip_tracking":false,"_monsterinsights_sitenote_active":false,"_monsterinsights_sitenote_note":"","_monsterinsights_sitenote_category":0,"_jetpack_memberships_contains_paid_content":false,"footnotes":"","jetpack_publicize_message":"","jetpack_publicize_feature_enabled":true,"jetpack_social_post_already_shared":false,"jetpack_social_options":{"image_generator_settings":{"template":"highway","enabled":false},"version":2}},"categories":[5],"tags":[],"class_list":["post-87936","post","type-post","status-publish","format-standard","has-post-thumbnail","hentry","category-cotidiano"],"acf":[],"jetpack_publicize_connections":[],"jetpack_featured_media_url":"https:\/\/i0.wp.com\/blogdoeloiltoncajuhy.com.br\/site\/wp-content\/uploads\/2025\/05\/GOVBA_CNH-gratuita_Foto-Thuane-MariaGOVBA.jpg?fit=760%2C506&ssl=1","jetpack_sharing_enabled":true,"publishpress_future_workflow_manual_trigger":{"enabledWorkflows":[]},"_links":{"self":[{"href":"https:\/\/blogdoeloiltoncajuhy.com.br\/site\/wp-json\/wp\/v2\/posts\/87936","targetHints":{"allow":["GET"]}}],"collection":[{"href":"https:\/\/blogdoeloiltoncajuhy.com.br\/site\/wp-json\/wp\/v2\/posts"}],"about":[{"href":"https:\/\/blogdoeloiltoncajuhy.com.br\/site\/wp-json\/wp\/v2\/types\/post"}],"author":[{"embeddable":true,"href":"https:\/\/blogdoeloiltoncajuhy.com.br\/site\/wp-json\/wp\/v2\/users\/2"}],"replies":[{"embeddable":true,"href":"https:\/\/blogdoeloiltoncajuhy.com.br\/site\/wp-json\/wp\/v2\/comments?post=87936"}],"version-history":[{"count":2,"href":"https:\/\/blogdoeloiltoncajuhy.com.br\/site\/wp-json\/wp\/v2\/posts\/87936\/revisions"}],"predecessor-version":[{"id":87939,"href":"https:\/\/blogdoeloiltoncajuhy.com.br\/site\/wp-json\/wp\/v2\/posts\/87936\/revisions\/87939"}],"wp:featuredmedia":[{"embeddable":true,"href":"https:\/\/blogdoeloiltoncajuhy.com.br\/site\/wp-json\/wp\/v2\/media\/87937"}],"wp:attachment":[{"href":"https:\/\/blogdoeloiltoncajuhy.com.br\/site\/wp-json\/wp\/v2\/media?parent=87936"}],"wp:term":[{"taxonomy":"category","embeddable":true,"href":"https:\/\/blogdoeloiltoncajuhy.com.br\/site\/wp-json\/wp\/v2\/categories?post=87936"},{"taxonomy":"post_tag","embeddable":true,"href":"https:\/\/blogdoeloiltoncajuhy.com.br\/site\/wp-json\/wp\/v2\/tags?post=87936"}],"curies":[{"name":"wp","href":"https:\/\/api.w.org\/{rel}","templated":true}]}}