{"id":87933,"date":"2025-05-29T09:04:13","date_gmt":"2025-05-29T12:04:13","guid":{"rendered":"https:\/\/blogdoeloiltoncajuhy.com.br\/site\/?p=87933"},"modified":"2025-05-29T09:05:18","modified_gmt":"2025-05-29T12:05:18","slug":"homem-e-morto-a-pedradas-no-interior-de-campo-formoso","status":"publish","type":"post","link":"https:\/\/blogdoeloiltoncajuhy.com.br\/site\/homem-e-morto-a-pedradas-no-interior-de-campo-formoso\/","title":{"rendered":"Homem \u00e9 morto a pedradas no interior de Campo Formoso"},"content":{"rendered":"\n<p class=\"has-medium-font-size\"><strong>Crime ocorreu na ter\u00e7a-feira (27), mas o corpo s\u00f3 foi encontrado nesta quarta.<\/strong><\/p>\n\n\n\n<p><strong>Por Blog do Eloilton Cajuhy \u2013 BEC<\/strong><\/p>\n\n\n\n<figure class=\"wp-block-image aligncenter size-full is-resized\"><a href=\"https:\/\/i0.wp.com\/blogdoeloiltoncajuhy.com.br\/site\/wp-content\/uploads\/2025\/05\/Policia-Militar-PM-da-Bahia-%E2%80%94-Foto-Divulgacao-SSP.jpg\"><img data-recalc-dims=\"1\" fetchpriority=\"high\" decoding=\"async\" width=\"800\" height=\"614\" src=\"https:\/\/i0.wp.com\/blogdoeloiltoncajuhy.com.br\/site\/wp-content\/uploads\/2025\/05\/Policia-Militar-PM-da-Bahia-%E2%80%94-Foto-Divulgacao-SSP.jpg?resize=800%2C614\" alt=\"\" class=\"wp-image-87752\" style=\"width:636px;height:auto\" srcset=\"https:\/\/i0.wp.com\/blogdoeloiltoncajuhy.com.br\/site\/wp-content\/uploads\/2025\/05\/Policia-Militar-PM-da-Bahia-%E2%80%94-Foto-Divulgacao-SSP.jpg?w=984&amp;ssl=1 984w, https:\/\/i0.wp.com\/blogdoeloiltoncajuhy.com.br\/site\/wp-content\/uploads\/2025\/05\/Policia-Militar-PM-da-Bahia-%E2%80%94-Foto-Divulgacao-SSP.jpg?resize=300%2C230&amp;ssl=1 300w, https:\/\/i0.wp.com\/blogdoeloiltoncajuhy.com.br\/site\/wp-content\/uploads\/2025\/05\/Policia-Militar-PM-da-Bahia-%E2%80%94-Foto-Divulgacao-SSP.jpg?resize=768%2C589&amp;ssl=1 768w\" sizes=\"(max-width: 800px) 100vw, 800px\" \/><\/a><figcaption class=\"wp-element-caption\"><sub>Foto: Pol\u00edcia Militar (ilustrativa)<\/sub><\/figcaption><\/figure>\n\n\n\n<p>A Pol\u00edcia Militar de Campo Formoso localizou nesta quarta-feira (28), por volta das 15h, o corpo de um homem morto a pedradas no Povoado de Tiquara, interior do munic\u00edpio. De acordo com informa\u00e7\u00f5es da 54\u00aa CIPM, a v\u00edtima foi identificada como <strong><mark style=\"background-color:rgba(0, 0, 0, 0)\" class=\"has-inline-color has-black-color\">Cassiano Pereira da Silva<\/mark><\/strong>, e teria sido morta na ter\u00e7a-feira, 27.<\/p>\n\n\n\n<p>Ainda segundo a PM, Cassiano foi atingido na cabe\u00e7a e teve morte no local. O Departamento de Pol\u00edcia T\u00e9cnica (DPT) foi acionado e removeu o corpo.<\/p>\n\n\n\n<p>Um suspeito foi preso pela Pol\u00edcia Militar e conduzido \u00e0 Delegacia de Campo Formoso. Ele negou o crime e acusou  outro homem que est\u00e1 sendo procurado pela pol\u00edcia. Em seu depoimento, o suspeito disse que a v\u00edtima e o agressor brigaram por causa de um aparelho celular. Ap\u00f3s ser ouvido, o homem foi liberado.<\/p>\n\n\n\n<p>O caso segue sendo investigado pelas autoridades.<\/p>\n\n\n\n<p><a href=\"https:\/\/whatsapp.com\/channel\/0029VaAT7tDLI8Yfj5y9Z50Z\"><strong><mark style=\"background-color:rgba(0, 0, 0, 0)\" class=\"has-inline-color has-vivid-red-color\">&gt;&gt; Siga nosso canal no WhatsApp e veja mais not\u00edcias<\/mark><\/strong><\/a><\/p>\n","protected":false},"excerpt":{"rendered":"<p>Crime ocorreu na ter\u00e7a-feira (27), mas o corpo s\u00f3 foi encontrado nesta quarta. Por Blog do Eloilton Cajuhy \u2013 BEC A Pol\u00edcia Militar de Campo Formoso localizou nesta quarta-feira (28), por volta das 15h, o corpo de um homem morto a pedradas no Povoado de Tiquara, interior do munic\u00edpio. De acordo com informa\u00e7\u00f5es da 54\u00aa [&hellip;]<\/p>\n","protected":false},"author":2,"featured_media":87578,"comment_status":"open","ping_status":"open","sticky":false,"template":"","format":"standard","meta":{"_acf_changed":false,"_monsterinsights_skip_tracking":false,"_monsterinsights_sitenote_active":false,"_monsterinsights_sitenote_note":"","_monsterinsights_sitenote_category":0,"_jetpack_memberships_contains_paid_content":false,"footnotes":"","jetpack_publicize_message":"","jetpack_publicize_feature_enabled":true,"jetpack_social_post_already_shared":true,"jetpack_social_options":{"image_generator_settings":{"template":"highway","default_image_id":0,"font":"","enabled":false},"version":2}},"categories":[15],"tags":[],"class_list":["post-87933","post","type-post","status-publish","format-standard","has-post-thumbnail","hentry","category-policia"],"acf":[],"jetpack_publicize_connections":[],"jetpack_featured_media_url":"https:\/\/i0.wp.com\/blogdoeloiltoncajuhy.com.br\/site\/wp-content\/uploads\/2025\/05\/Tres-homens-morrem-apos-troca-de-tiros-com-a-policia-em-Arataca-%E2%80%94-Foto-PM-BA.jpeg?fit=984%2C738&ssl=1","jetpack_sharing_enabled":true,"publishpress_future_workflow_manual_trigger":{"enabledWorkflows":[]},"_links":{"self":[{"href":"https:\/\/blogdoeloiltoncajuhy.com.br\/site\/wp-json\/wp\/v2\/posts\/87933","targetHints":{"allow":["GET"]}}],"collection":[{"href":"https:\/\/blogdoeloiltoncajuhy.com.br\/site\/wp-json\/wp\/v2\/posts"}],"about":[{"href":"https:\/\/blogdoeloiltoncajuhy.com.br\/site\/wp-json\/wp\/v2\/types\/post"}],"author":[{"embeddable":true,"href":"https:\/\/blogdoeloiltoncajuhy.com.br\/site\/wp-json\/wp\/v2\/users\/2"}],"replies":[{"embeddable":true,"href":"https:\/\/blogdoeloiltoncajuhy.com.br\/site\/wp-json\/wp\/v2\/comments?post=87933"}],"version-history":[{"count":2,"href":"https:\/\/blogdoeloiltoncajuhy.com.br\/site\/wp-json\/wp\/v2\/posts\/87933\/revisions"}],"predecessor-version":[{"id":87935,"href":"https:\/\/blogdoeloiltoncajuhy.com.br\/site\/wp-json\/wp\/v2\/posts\/87933\/revisions\/87935"}],"wp:featuredmedia":[{"embeddable":true,"href":"https:\/\/blogdoeloiltoncajuhy.com.br\/site\/wp-json\/wp\/v2\/media\/87578"}],"wp:attachment":[{"href":"https:\/\/blogdoeloiltoncajuhy.com.br\/site\/wp-json\/wp\/v2\/media?parent=87933"}],"wp:term":[{"taxonomy":"category","embeddable":true,"href":"https:\/\/blogdoeloiltoncajuhy.com.br\/site\/wp-json\/wp\/v2\/categories?post=87933"},{"taxonomy":"post_tag","embeddable":true,"href":"https:\/\/blogdoeloiltoncajuhy.com.br\/site\/wp-json\/wp\/v2\/tags?post=87933"}],"curies":[{"name":"wp","href":"https:\/\/api.w.org\/{rel}","templated":true}]}}