{"id":87930,"date":"2025-05-29T08:44:20","date_gmt":"2025-05-29T11:44:20","guid":{"rendered":"https:\/\/blogdoeloiltoncajuhy.com.br\/site\/?p=87930"},"modified":"2025-05-29T08:44:23","modified_gmt":"2025-05-29T11:44:23","slug":"governo-federal-garantiu-146-mil-cisternas-e-outras-tecnologias-de-abastecimento-para-familias-da-bahia","status":"publish","type":"post","link":"https:\/\/blogdoeloiltoncajuhy.com.br\/site\/governo-federal-garantiu-146-mil-cisternas-e-outras-tecnologias-de-abastecimento-para-familias-da-bahia\/","title":{"rendered":"Governo Federal garantiu 14,6 mil cisternas e outras tecnologias de abastecimento para fam\u00edlias da Bahia"},"content":{"rendered":"\n<p class=\"has-medium-font-size\"><strong>Programa Cisternas investiu, nos \u00faltimos dois anos, R$ 679 milh\u00f5es. Como resultado, mais de 68,4 mil estruturas j\u00e1 foram instaladas em munic\u00edpios de diversos estados, apoiando fam\u00edlias rurais de baixa renda.<\/strong><\/p>\n\n\n\n<p><strong>Blog do Eloilton Cajuhy \u2013 BEC<\/strong><\/p>\n\n\n\n<figure class=\"wp-block-image aligncenter size-full\"><a href=\"https:\/\/i0.wp.com\/blogdoeloiltoncajuhy.com.br\/site\/wp-content\/uploads\/2025\/05\/GOVFED_Programa-Cisternas-Foto-Fernando-Frazao-Agencia-Brasil.jpg?ssl=1\"><img data-recalc-dims=\"1\" fetchpriority=\"high\" decoding=\"async\" width=\"768\" height=\"512\" src=\"https:\/\/i0.wp.com\/blogdoeloiltoncajuhy.com.br\/site\/wp-content\/uploads\/2025\/05\/GOVFED_Programa-Cisternas-Foto-Fernando-Frazao-Agencia-Brasil.jpg?resize=768%2C512&#038;ssl=1\" alt=\"\" class=\"wp-image-87931\" srcset=\"https:\/\/i0.wp.com\/blogdoeloiltoncajuhy.com.br\/site\/wp-content\/uploads\/2025\/05\/GOVFED_Programa-Cisternas-Foto-Fernando-Frazao-Agencia-Brasil.jpg?w=768&amp;ssl=1 768w, https:\/\/i0.wp.com\/blogdoeloiltoncajuhy.com.br\/site\/wp-content\/uploads\/2025\/05\/GOVFED_Programa-Cisternas-Foto-Fernando-Frazao-Agencia-Brasil.jpg?resize=300%2C200&amp;ssl=1 300w\" sizes=\"(max-width: 768px) 100vw, 768px\" \/><\/a><figcaption class=\"wp-element-caption\"><sub>Quatorze unidades da Federa\u00e7\u00e3o j\u00e1 foram beneficiadas pelo programa em sua retomada. &#8211; Foto: Fernando Fraz\u00e3o\/Ag\u00eancia Brasil<\/sub><\/figcaption><\/figure>\n\n\n\n<p>Estabelecido como pol\u00edtica p\u00fablica desde 2003, o Programa Cisternas, retomado pelo governo do presidente Luiz In\u00e1cio Lula da Silva, j\u00e1 investiu R$ 679 milh\u00f5es em 2023 e 2024. Nos \u00faltimos dois anos, a iniciativa foi respons\u00e1vel pela entrega de 68,4 mil cisternas e outras tecnologias de abastecimento de \u00e1gua em munic\u00edpios de diversos estados, apoiando fam\u00edlias rurais de baixa renda e equipamentos p\u00fablicos rurais afetados pela seca ou falta de \u00e1gua, em geral priorizando povos e comunidades tradicionais.<\/p>\n\n\n\n<p><a href=\"https:\/\/whatsapp.com\/channel\/0029VaAT7tDLI8Yfj5y9Z50Z\"><strong><mark style=\"background-color:rgba(0, 0, 0, 0)\" class=\"has-inline-color has-vivid-red-color\">>> Siga nosso canal no WhatsApp e veja mais not\u00edcias<\/mark><\/strong><\/a><\/p>\n\n\n\n<p>A Bahia \u00e9 a unidade da Federa\u00e7\u00e3o com mais contrata\u00e7\u00f5es realizadas: 41,5 mil, com 35% delas entregues no estado, o equivalente a 14,6 mil cisternas ou outras tecnologias j\u00e1 dispon\u00edveis para as fam\u00edlias baianas. Para participar, as fam\u00edlias precisam estar inscritas no Cadastro \u00danico para Programas Sociais do Governo Federal.<\/p>\n\n\n\n<h4 class=\"wp-block-heading\"><strong><mark style=\"background-color:rgba(0, 0, 0, 0)\" class=\"has-inline-color has-black-color\">Nacional<\/mark><\/strong><\/h4>\n\n\n\n<p>Quatorze unidades da Federa\u00e7\u00e3o j\u00e1 foram beneficiadas pelo programa em sua retomada. Desde 2023, houve 186,2 mil contrata\u00e7\u00f5es; a meta nacional \u00e9 de 220 mil cisternas para atender 905 munic\u00edpios at\u00e9 o fim de 2026.<\/p>\n\n\n\n<p>Dessas, 68,4 mil (34%) j\u00e1 foram entregues \u00e0s fam\u00edlias ou comunidades entre 2023 e o final de abril de 2025.<\/p>\n\n\n\n<p>A constru\u00e7\u00e3o das 186,2 cisternas representar\u00e1 um investimento de R$ 1,7 bilh\u00e3o. Deste valor, R$ 500 milh\u00f5es ser\u00e3o provenientes do edital, lan\u00e7ado no fim de 2024. O edital prev\u00ea a recupera\u00e7\u00e3o de 2,5 mil cisternas com mais de dez anos de uso e a constru\u00e7\u00e3o de mais 50 mil tecnologias sociais, sendo 46 mil de 1\u00aa \u00e1gua, quatro mil de 2\u00aa \u00e1gua e 245 cisternas escolares.<\/p>\n\n\n\n<h4 class=\"wp-block-heading\"><strong><mark style=\"background-color:rgba(0, 0, 0, 0)\" class=\"has-inline-color has-black-color\">Estados<\/mark><\/strong><\/h4>\n\n\n\n<p>Em n\u00fameros absolutos, o Cear\u00e1 lidera as estat\u00edsticas, com 17.716 cisternas ou outras tecnologias entregues, o equivalente a 46% das 40.994 contrata\u00e7\u00f5es efetuadas. O estado \u00e9 um dos quatro onde o percentual de entregas supera 40% do total contratado. Percentualmente, o Rio Grande do Sul tem o melhor desempenho, com 248 cisternas entregues, ou 49% das 509 contrata\u00e7\u00f5es. Na sequ\u00eancia, aparecem Minas Gerais (6.764 entregas das 14.570 contratadas) e Para\u00edba (5.330 entregas das 11.646 contratadas).<\/p>\n\n\n\n<h4 class=\"wp-block-heading\"><strong><mark style=\"background-color:rgba(0, 0, 0, 0)\" class=\"has-inline-color has-black-color\">Mais de 30%<\/mark><\/strong><\/h4>\n\n\n\n<p>Cinco estados aparecem com mais de 30% de entregas efetuadas. Pernambuco lidera nesse grupo, com 8,8 mil cisternas e outras tecnologias entregues, o equivalente a 39% de execu\u00e7\u00e3o. Em seguida aparece a Bahia, segunda unidade da Federa\u00e7\u00e3o com mais cisternas ou outras tecnologias entregues: 14.642, 35% das 41.542 contratadas. Na sequ\u00eancia, aparecem Piau\u00ed (6.921 entregues das 21.565 contratadas), com 32%, Alagoas (2.101 entregues das 6.765 contratadas) e Rio Grande do Norte (2.619 entregues das 8.475 contratadas), ambos com 31% de entregas j\u00e1 realizadas.<\/p>\n\n\n\n<h4 class=\"wp-block-heading\"><strong><mark style=\"background-color:rgba(0, 0, 0, 0)\" class=\"has-inline-color has-black-color\">Modelos de tecnologias<\/mark><\/strong><\/h4>\n\n\n\n<p>Em sua retomada, o programa tem trabalhado com os seguintes modelos de tecnologia: cisterna de enxurrada, cisterna de placas de 16 mil litros, cisterna cal\u00e7ad\u00e3o, cisterna escolar de 10 mil litros, cisterna pluvial multiuso aut\u00f4nomo, sistema pluvial multiuso comunit\u00e1rio e cisterna escolar de 52 mil litros.<\/p>\n\n\n\n<h4 class=\"wp-block-heading\"><strong><mark style=\"background-color:rgba(0, 0, 0, 0)\" class=\"has-inline-color has-black-color\">Estados do Nordeste<\/mark><\/strong><\/h4>\n\n\n\n<p>O programa adotou um edital inovador para elabora\u00e7\u00e3o de projetos com estados do Nordeste em 2024. Isso permitiu a celebra\u00e7\u00e3o de parcerias com todos os estados da regi\u00e3o ao mesmo tempo. Por meio de um investimento de R$ 311 milh\u00f5es foram viabilizadas 42 mil cisternas e outras tecnologias.<\/p>\n\n\n\n<h4 class=\"wp-block-heading\"><strong><mark style=\"background-color:rgba(0, 0, 0, 0)\" class=\"has-inline-color has-black-color\">Tecnologias sociais<\/mark><\/strong><\/h4>\n\n\n\n<p>A retomada do Programa Cisternas veio amparada pela implanta\u00e7\u00e3o de diversas tecnologias sociais:<\/p>\n\n\n\n<ul class=\"wp-block-list\">\n<li>Energia solar nos sistemas comunit\u00e1rios na Amaz\u00f4nia<\/li>\n\n\n\n<li>Incorpora\u00e7\u00e3o de componente energ\u00e9tico fotovoltaico nas tecnologias implementadas na Amaz\u00f4nia: solu\u00e7\u00e3o mais sustent\u00e1vel de bombeamento da \u00e1gua nas tecnologias comunit\u00e1rias<\/li>\n\n\n\n<li>Cisternas com banco de sementes<\/li>\n\n\n\n<li>Cisterna comunit\u00e1ria para manejo da agrobiodiversidade: banco de sementes comunit\u00e1rio associado a cisterna cal\u00e7ad\u00e3o de 30 mil litros e campo de multiplica\u00e7\u00e3o de sementes<\/li>\n\n\n\n<li>Saneamento b\u00e1sico e produ\u00e7\u00e3o de alimentos<\/li>\n\n\n\n<li>Sistema de tratamento e reuso de \u00e1gua domiciliar: solu\u00e7\u00e3o de acesso \u00e0 \u00e1gua para produ\u00e7\u00e3o de alimentos a partir do tratamento simplificado da \u00e1gua cinza (tamb\u00e9m inclui varia\u00e7\u00e3o com fossa ecol\u00f3gica para tratamento de \u00e1gua negra)<\/li>\n\n\n\n<li>Solu\u00e7\u00e3o para atendimento da popula\u00e7\u00e3o mais vulner\u00e1vel e para enfrentamento das mudan\u00e7as clim\u00e1ticas<\/li>\n\n\n\n<li>Incorpora\u00e7\u00e3o de complemento do telhado para atendimento de popula\u00e7\u00f5es mais vulner\u00e1veis (que n\u00e3o disp\u00f5em de espa\u00e7o suficiente para capta\u00e7\u00e3o de \u00e1gua de chuva) e para adapta\u00e7\u00e3o a contextos de menor regime de chuvas<\/li>\n\n\n\n<li>Recupera\u00e7\u00e3o da cisterna de placas de 16 mil litros<\/li>\n\n\n\n<li>Tecnologia voltada para recuperar a funcionalidade de cisternas constru\u00eddas h\u00e1 mais de dez anos e que devido ao tempo de uso perderam parcialmente ou integralmente sua funcionalidade<\/li>\n<\/ul>\n","protected":false},"excerpt":{"rendered":"<p>Programa Cisternas investiu, nos \u00faltimos dois anos, R$ 679 milh\u00f5es. Como resultado, mais de 68,4 mil estruturas j\u00e1 foram instaladas em munic\u00edpios de diversos estados, apoiando fam\u00edlias rurais de baixa renda. Blog do Eloilton Cajuhy \u2013 BEC Estabelecido como pol\u00edtica p\u00fablica desde 2003, o Programa Cisternas, retomado pelo governo do presidente Luiz In\u00e1cio Lula da [&hellip;]<\/p>\n","protected":false},"author":2,"featured_media":87931,"comment_status":"open","ping_status":"open","sticky":false,"template":"","format":"standard","meta":{"_acf_changed":false,"_monsterinsights_skip_tracking":false,"_monsterinsights_sitenote_active":false,"_monsterinsights_sitenote_note":"","_monsterinsights_sitenote_category":0,"_jetpack_memberships_contains_paid_content":false,"footnotes":"","jetpack_publicize_message":"","jetpack_publicize_feature_enabled":true,"jetpack_social_post_already_shared":false,"jetpack_social_options":{"image_generator_settings":{"template":"highway","enabled":false},"version":2}},"categories":[3],"tags":[],"class_list":["post-87930","post","type-post","status-publish","format-standard","has-post-thumbnail","hentry","category-politica"],"acf":[],"jetpack_publicize_connections":[],"jetpack_featured_media_url":"https:\/\/i0.wp.com\/blogdoeloiltoncajuhy.com.br\/site\/wp-content\/uploads\/2025\/05\/GOVFED_Programa-Cisternas-Foto-Fernando-Frazao-Agencia-Brasil.jpg?fit=768%2C512&ssl=1","jetpack_sharing_enabled":true,"publishpress_future_workflow_manual_trigger":{"enabledWorkflows":[]},"_links":{"self":[{"href":"https:\/\/blogdoeloiltoncajuhy.com.br\/site\/wp-json\/wp\/v2\/posts\/87930","targetHints":{"allow":["GET"]}}],"collection":[{"href":"https:\/\/blogdoeloiltoncajuhy.com.br\/site\/wp-json\/wp\/v2\/posts"}],"about":[{"href":"https:\/\/blogdoeloiltoncajuhy.com.br\/site\/wp-json\/wp\/v2\/types\/post"}],"author":[{"embeddable":true,"href":"https:\/\/blogdoeloiltoncajuhy.com.br\/site\/wp-json\/wp\/v2\/users\/2"}],"replies":[{"embeddable":true,"href":"https:\/\/blogdoeloiltoncajuhy.com.br\/site\/wp-json\/wp\/v2\/comments?post=87930"}],"version-history":[{"count":1,"href":"https:\/\/blogdoeloiltoncajuhy.com.br\/site\/wp-json\/wp\/v2\/posts\/87930\/revisions"}],"predecessor-version":[{"id":87932,"href":"https:\/\/blogdoeloiltoncajuhy.com.br\/site\/wp-json\/wp\/v2\/posts\/87930\/revisions\/87932"}],"wp:featuredmedia":[{"embeddable":true,"href":"https:\/\/blogdoeloiltoncajuhy.com.br\/site\/wp-json\/wp\/v2\/media\/87931"}],"wp:attachment":[{"href":"https:\/\/blogdoeloiltoncajuhy.com.br\/site\/wp-json\/wp\/v2\/media?parent=87930"}],"wp:term":[{"taxonomy":"category","embeddable":true,"href":"https:\/\/blogdoeloiltoncajuhy.com.br\/site\/wp-json\/wp\/v2\/categories?post=87930"},{"taxonomy":"post_tag","embeddable":true,"href":"https:\/\/blogdoeloiltoncajuhy.com.br\/site\/wp-json\/wp\/v2\/tags?post=87930"}],"curies":[{"name":"wp","href":"https:\/\/api.w.org\/{rel}","templated":true}]}}