{"id":87897,"date":"2025-05-26T16:00:56","date_gmt":"2025-05-26T19:00:56","guid":{"rendered":"https:\/\/blogdoeloiltoncajuhy.com.br\/site\/?p=87897"},"modified":"2025-05-26T16:01:33","modified_gmt":"2025-05-26T19:01:33","slug":"carlo-ancelotti-anuncia-nomes-da-sua-primeira-convocacao-da-selecao-brasileira-confira","status":"publish","type":"post","link":"https:\/\/blogdoeloiltoncajuhy.com.br\/site\/carlo-ancelotti-anuncia-nomes-da-sua-primeira-convocacao-da-selecao-brasileira-confira\/","title":{"rendered":"Carlo Ancelotti anuncia nomes da sua primeira convoca\u00e7\u00e3o da Sele\u00e7\u00e3o Brasileira; confira"},"content":{"rendered":"\n<p class=\"has-medium-font-size\"><strong>T\u00e9cnico foi apresentado na tarde desta segunda-feira (26) no Rio de Janeiro.<\/strong><\/p>\n\n\n\n<p><strong>Por Blog do Eloilton Cajuhy \u2013 BEC<\/strong><\/p>\n\n\n\n<figure class=\"wp-block-image aligncenter size-large\"><a href=\"https:\/\/i0.wp.com\/blogdoeloiltoncajuhy.com.br\/site\/wp-content\/uploads\/2025\/05\/Carlos-Ancelotti-%E2%80%94-Foto-ge-2.jpg?ssl=1\"><img data-recalc-dims=\"1\" fetchpriority=\"high\" decoding=\"async\" width=\"800\" height=\"377\" src=\"https:\/\/i0.wp.com\/blogdoeloiltoncajuhy.com.br\/site\/wp-content\/uploads\/2025\/05\/Carlos-Ancelotti-%E2%80%94-Foto-ge-2-1024x483.jpg?resize=800%2C377&#038;ssl=1\" alt=\"\" class=\"wp-image-87898\" srcset=\"https:\/\/i0.wp.com\/blogdoeloiltoncajuhy.com.br\/site\/wp-content\/uploads\/2025\/05\/Carlos-Ancelotti-%E2%80%94-Foto-ge-2.jpg?resize=1024%2C483&amp;ssl=1 1024w, https:\/\/i0.wp.com\/blogdoeloiltoncajuhy.com.br\/site\/wp-content\/uploads\/2025\/05\/Carlos-Ancelotti-%E2%80%94-Foto-ge-2.jpg?resize=300%2C141&amp;ssl=1 300w, https:\/\/i0.wp.com\/blogdoeloiltoncajuhy.com.br\/site\/wp-content\/uploads\/2025\/05\/Carlos-Ancelotti-%E2%80%94-Foto-ge-2.jpg?resize=768%2C362&amp;ssl=1 768w, https:\/\/i0.wp.com\/blogdoeloiltoncajuhy.com.br\/site\/wp-content\/uploads\/2025\/05\/Carlos-Ancelotti-%E2%80%94-Foto-ge-2.jpg?w=1073&amp;ssl=1 1073w\" sizes=\"(max-width: 800px) 100vw, 800px\" \/><\/a><figcaption class=\"wp-element-caption\"><sub>Foto: Reprodu\u00e7\u00e3o \/ ge<\/sub><\/figcaption><\/figure>\n\n\n\n<p>O t\u00e9cnico italiano Carlo Ancelotti foi apresentado agora a tarde em um hotel do Rio de Janeiro como o novo t\u00e9cnico da Sele\u00e7\u00e3o Brasileira. O evento re\u00fane o novo presidente da CBF, Samir Xaud, eleito ontem, demais diretores e um batalh\u00e3o de jornalistas. Mais de 500 se inscreveram para a entrevista coletiva.<\/p>\n\n\n\n<h4 class=\"wp-block-heading\"><strong><mark style=\"background-color:rgba(0, 0, 0, 0)\" class=\"has-inline-color has-black-color\">Confira a primeira convoca\u00e7\u00e3o de Carlo Ancelotti:<\/mark><\/strong><\/h4>\n\n\n\n<p class=\"has-black-color has-text-color has-link-color wp-elements-658ed0fc085fbb96c48c628e21bfcca9\"><strong>Goleiros<\/strong><\/p>\n\n\n\n<p>Alisson<br>Bento<br>Hugo Souza<br><\/p>\n\n\n\n<p class=\"has-black-color has-text-color has-link-color wp-elements-40b1ccd1cb89713a4e184b496b41d36e\"><strong>Defensores<\/strong><\/p>\n\n\n\n<p>Alex Sandro<br>Alexsandro<br>Lucas Beraldo<br>Carlos Augusto<br>Danilo<br>L\u00e9o Ortiz<br>Marquinhos<br>Vanderson<br>Wesley<br><\/p>\n\n\n\n<p class=\"has-black-color has-text-color has-link-color wp-elements-a9b6767c574c29f82c92e44c02b6a8ee\"><strong>Meio-campistas<\/strong><\/p>\n\n\n\n<p>Andreas Pereira<br>Andrey Santos<br>Bruno Guimar\u00e3es<br>Casemiro<br>Ederson<br>Gerson<br><\/p>\n\n\n\n<p class=\"has-black-color has-text-color has-link-color wp-elements-38ddc2e44c429b86018bc3b1a1aeb1b7\"><strong>Atacantes<\/strong><\/p>\n\n\n\n<p>Antony<br>Estev\u00e3o<br>Gabriel Martinelli<br>Matheus Cunha<br>Raphinha<br>Richarlison<br>Vinicius J\u00fanior<\/p>\n\n\n\n<h4 class=\"wp-block-heading\"><strong><mark style=\"background-color:rgba(0, 0, 0, 0)\" class=\"has-inline-color has-black-color\">Import\u00e2ncia do treinador da sele\u00e7\u00e3o para a sociedade brasileira<\/mark><\/strong><\/h4>\n\n\n\n<figure class=\"wp-block-image aligncenter size-full\"><a href=\"https:\/\/i0.wp.com\/blogdoeloiltoncajuhy.com.br\/site\/wp-content\/uploads\/2025\/05\/Carlos-Ancelotti-%E2%80%94-Foto-ge.png?ssl=1\"><img data-recalc-dims=\"1\" decoding=\"async\" width=\"709\" height=\"538\" src=\"https:\/\/i0.wp.com\/blogdoeloiltoncajuhy.com.br\/site\/wp-content\/uploads\/2025\/05\/Carlos-Ancelotti-%E2%80%94-Foto-ge.png?resize=709%2C538&#038;ssl=1\" alt=\"\" class=\"wp-image-87899\" srcset=\"https:\/\/i0.wp.com\/blogdoeloiltoncajuhy.com.br\/site\/wp-content\/uploads\/2025\/05\/Carlos-Ancelotti-%E2%80%94-Foto-ge.png?w=709&amp;ssl=1 709w, https:\/\/i0.wp.com\/blogdoeloiltoncajuhy.com.br\/site\/wp-content\/uploads\/2025\/05\/Carlos-Ancelotti-%E2%80%94-Foto-ge.png?resize=300%2C228&amp;ssl=1 300w\" sizes=\"(max-width: 709px) 100vw, 709px\" \/><\/a><figcaption class=\"wp-element-caption\"><sub>Foto: Reprodu\u00e7\u00e3o \/ ge<\/sub><\/figcaption><\/figure>\n\n\n\n<p>Durante a coletiva, Ancelotti foi questionado sobre o assunto. \u2014 O que espera a sociedade brasileira de mim, que eu fa\u00e7o um bom trabalho que permita que o Brasil volte a ganhar a Copa do Mundo. Isso est\u00e1 claro para mim, eu n\u00e3o tenho d\u00favida do que esperam de mim. O conhecimento que eu tenho de futebol, pelo tempo e experi\u00eancia que eu tenho, esperam que eu fa\u00e7a um bom trabalho. Eu posso ajudar a sele\u00e7\u00e3o e me conectar \u00e0 sele\u00e7\u00e3o. \u00c9 um aspecto importante para a CBF, para os jogadores, para o time. \u00c9 importante ter o apoio e a ajuda de um pa\u00eds.<\/p>\n\n\n\n<h4 class=\"wp-block-heading\"><strong><mark style=\"background-color:rgba(0, 0, 0, 0)\" class=\"has-inline-color has-black-color\">Utiliza\u00e7\u00e3o de jogadores brasileiros<\/mark><\/strong><\/h4>\n\n\n\n<p>\u2014 Os jogadores se conhecem, todos podem assistir a todos os jogos, n\u00f3s, logicamente, quando se est\u00e1 no clube. Na Europa, os times europeus, o Flamengo, o Palmeiras, o Botafogo, se saem bem. N\u00f3s poder\u00edamos jogar com o Botafogo no Mundial. S\u00e3o times acompanhados. Tem pessoas que trabalham aqui e olham. O que eu farei durante esse per\u00edodo \u00e9 ficar mais tempo no Brasil \u00e9 para conhecer a estrutura no Brasil, os times, os jogadores, os treinadores. E tamb\u00e9m, quando eu estiver um pouco de f\u00e9rias, porque eu quero ter f\u00e9rias, gosto de aproveitar o Rio de Janeiro, que eu n\u00e3o conhe\u00e7o. Eu n\u00e3o vou dizer que vou trabalhar 360 dias ao ano, mas algum dia de f\u00e9rias eu vou tirar para poder aproveitar o pa\u00eds.<\/p>\n\n\n\n<p><a href=\"https:\/\/whatsapp.com\/channel\/0029VaAT7tDLI8Yfj5y9Z50Z\"><strong><mark style=\"background-color:rgba(0, 0, 0, 0)\" class=\"has-inline-color has-vivid-red-color\">>> Siga nosso canal no WhatsApp e veja mais not\u00edcias<\/mark><\/strong><\/a><\/p>\n","protected":false},"excerpt":{"rendered":"<p>T\u00e9cnico foi apresentado na tarde desta segunda-feira (26) no Rio de Janeiro. Por Blog do Eloilton Cajuhy \u2013 BEC O t\u00e9cnico italiano Carlo Ancelotti foi apresentado agora a tarde em um hotel do Rio de Janeiro como o novo t\u00e9cnico da Sele\u00e7\u00e3o Brasileira. O evento re\u00fane o novo presidente da CBF, Samir Xaud, eleito ontem, [&hellip;]<\/p>\n","protected":false},"author":2,"featured_media":87899,"comment_status":"open","ping_status":"open","sticky":false,"template":"","format":"standard","meta":{"_acf_changed":false,"_monsterinsights_skip_tracking":false,"_monsterinsights_sitenote_active":false,"_monsterinsights_sitenote_note":"","_monsterinsights_sitenote_category":0,"_jetpack_memberships_contains_paid_content":false,"footnotes":"","jetpack_publicize_message":"","jetpack_publicize_feature_enabled":true,"jetpack_social_post_already_shared":true,"jetpack_social_options":{"image_generator_settings":{"template":"highway","default_image_id":0,"font":"","enabled":false},"version":2}},"categories":[6],"tags":[],"class_list":["post-87897","post","type-post","status-publish","format-standard","has-post-thumbnail","hentry","category-esportes"],"acf":[],"jetpack_publicize_connections":[],"jetpack_featured_media_url":"https:\/\/i0.wp.com\/blogdoeloiltoncajuhy.com.br\/site\/wp-content\/uploads\/2025\/05\/Carlos-Ancelotti-%E2%80%94-Foto-ge.png?fit=709%2C538&ssl=1","jetpack_sharing_enabled":true,"publishpress_future_workflow_manual_trigger":{"enabledWorkflows":[]},"_links":{"self":[{"href":"https:\/\/blogdoeloiltoncajuhy.com.br\/site\/wp-json\/wp\/v2\/posts\/87897","targetHints":{"allow":["GET"]}}],"collection":[{"href":"https:\/\/blogdoeloiltoncajuhy.com.br\/site\/wp-json\/wp\/v2\/posts"}],"about":[{"href":"https:\/\/blogdoeloiltoncajuhy.com.br\/site\/wp-json\/wp\/v2\/types\/post"}],"author":[{"embeddable":true,"href":"https:\/\/blogdoeloiltoncajuhy.com.br\/site\/wp-json\/wp\/v2\/users\/2"}],"replies":[{"embeddable":true,"href":"https:\/\/blogdoeloiltoncajuhy.com.br\/site\/wp-json\/wp\/v2\/comments?post=87897"}],"version-history":[{"count":2,"href":"https:\/\/blogdoeloiltoncajuhy.com.br\/site\/wp-json\/wp\/v2\/posts\/87897\/revisions"}],"predecessor-version":[{"id":87901,"href":"https:\/\/blogdoeloiltoncajuhy.com.br\/site\/wp-json\/wp\/v2\/posts\/87897\/revisions\/87901"}],"wp:featuredmedia":[{"embeddable":true,"href":"https:\/\/blogdoeloiltoncajuhy.com.br\/site\/wp-json\/wp\/v2\/media\/87899"}],"wp:attachment":[{"href":"https:\/\/blogdoeloiltoncajuhy.com.br\/site\/wp-json\/wp\/v2\/media?parent=87897"}],"wp:term":[{"taxonomy":"category","embeddable":true,"href":"https:\/\/blogdoeloiltoncajuhy.com.br\/site\/wp-json\/wp\/v2\/categories?post=87897"},{"taxonomy":"post_tag","embeddable":true,"href":"https:\/\/blogdoeloiltoncajuhy.com.br\/site\/wp-json\/wp\/v2\/tags?post=87897"}],"curies":[{"name":"wp","href":"https:\/\/api.w.org\/{rel}","templated":true}]}}