{"id":87894,"date":"2025-05-26T15:19:07","date_gmt":"2025-05-26T18:19:07","guid":{"rendered":"https:\/\/blogdoeloiltoncajuhy.com.br\/site\/?p=87894"},"modified":"2025-05-26T15:19:09","modified_gmt":"2025-05-26T18:19:09","slug":"tragedia-com-familia-de-pindobacu-no-interior-de-sp-homem-e-preso-em-flagrante-suspeito-de-matar-a-mulher-e-a-filha-de-5-anos-a-facadas","status":"publish","type":"post","link":"https:\/\/blogdoeloiltoncajuhy.com.br\/site\/tragedia-com-familia-de-pindobacu-no-interior-de-sp-homem-e-preso-em-flagrante-suspeito-de-matar-a-mulher-e-a-filha-de-5-anos-a-facadas\/","title":{"rendered":"Trag\u00e9dia com fam\u00edlia de Pindoba\u00e7u no interior de SP: Homem \u00e9 preso em flagrante suspeito de matar a mulher e a filha de 5 anos a facadas"},"content":{"rendered":"\n<p class=\"has-medium-font-size\"><strong>Crime foi cometido na casa em que a fam\u00edlia vivia em Cruz das Posses, distrito de Sert\u00e3ozinho (SP).<\/strong><\/p>\n\n\n\n<p><strong>Blog do Eloilton Cajuhy \u2013 BEC<\/strong><\/p>\n\n\n\n<figure class=\"wp-block-image aligncenter size-full\"><a href=\"https:\/\/i0.wp.com\/blogdoeloiltoncajuhy.com.br\/site\/wp-content\/uploads\/2025\/05\/Pindobacu_Homem-mata-esposa-e-filha-em-SP-%E2%80%94-Foto-Redes-Sociais.jpg?ssl=1\"><img data-recalc-dims=\"1\" fetchpriority=\"high\" decoding=\"async\" width=\"800\" height=\"501\" src=\"https:\/\/i0.wp.com\/blogdoeloiltoncajuhy.com.br\/site\/wp-content\/uploads\/2025\/05\/Pindobacu_Homem-mata-esposa-e-filha-em-SP-%E2%80%94-Foto-Redes-Sociais.jpg?resize=800%2C501&#038;ssl=1\" alt=\"\" class=\"wp-image-87895\" srcset=\"https:\/\/i0.wp.com\/blogdoeloiltoncajuhy.com.br\/site\/wp-content\/uploads\/2025\/05\/Pindobacu_Homem-mata-esposa-e-filha-em-SP-%E2%80%94-Foto-Redes-Sociais.jpg?w=984&amp;ssl=1 984w, https:\/\/i0.wp.com\/blogdoeloiltoncajuhy.com.br\/site\/wp-content\/uploads\/2025\/05\/Pindobacu_Homem-mata-esposa-e-filha-em-SP-%E2%80%94-Foto-Redes-Sociais.jpg?resize=300%2C188&amp;ssl=1 300w, https:\/\/i0.wp.com\/blogdoeloiltoncajuhy.com.br\/site\/wp-content\/uploads\/2025\/05\/Pindobacu_Homem-mata-esposa-e-filha-em-SP-%E2%80%94-Foto-Redes-Sociais.jpg?resize=768%2C481&amp;ssl=1 768w\" sizes=\"(max-width: 800px) 100vw, 800px\" \/><\/a><figcaption class=\"wp-element-caption\"><sub>Homem mata esposa e filha de cinco anos a facadas em Cruz das Posses, Distrito de Sert\u00e3ozinho, SP \u2014 Foto: Redes Sociais<\/sub><\/figcaption><\/figure>\n\n\n\n<p>Um homem foi preso em flagrante na noite de sexta-feira (23) suspeito de matar a mulher e a filha de 5 anos a facadas dentro da casa da fam\u00edlia em Cruz das Posses, distrito de Sert\u00e3ozinho (SP), na regi\u00e3o de Ribeir\u00e3o Preto (SP).<\/p>\n\n\n\n<p><strong><mark style=\"background-color:rgba(0, 0, 0, 0)\" class=\"has-inline-color has-black-color\">Edson Silva de Oliveira<\/mark><\/strong>, de 37 anos, foi detido pela Pol\u00edcia Militar logo ap\u00f3s o crime e confirmou, sem a presen\u00e7a de um advogado, aos policiais, que \u00e9 o autor das facadas que resultaram na morte da esposa dele, <strong><mark style=\"background-color:rgba(0, 0, 0, 0)\" class=\"has-inline-color has-black-color\">Valdirene Lopes de Oliveira<\/mark><\/strong>, de 34 anos, e <strong><mark style=\"background-color:rgba(0, 0, 0, 0)\" class=\"has-inline-color has-black-color\">Vanessa Lopes de Oliveira<\/mark><\/strong>, de 5 anos.<\/p>\n\n\n\n<p><a href=\"https:\/\/whatsapp.com\/channel\/0029VaAT7tDLI8Yfj5y9Z50Z\"><strong><mark style=\"background-color:rgba(0, 0, 0, 0)\" class=\"has-inline-color has-vivid-red-color\">>> Siga nosso canal no WhatsApp e veja mais not\u00edcias<\/mark><\/strong><\/a><\/p>\n\n\n\n<p>Edson foi levado para a cadeia p\u00fablica de Prad\u00f3polis (SP). O caso ser\u00e1 investigado como homic\u00eddio e feminic\u00eddio qualificado.<\/p>\n\n\n\n<p>Depois da libera\u00e7\u00e3o do Instituto M\u00e9dico Legal (IML), os corpos das v\u00edtimas foram transferidos para Pindoba\u00e7u (BA), terra natal da fam\u00edlia, onde elas devem ser veladas e sepultadas.<\/p>\n\n\n\n<p>Um outro filho do casal, de 17 anos, est\u00e1 sob os cuidados do Conselho Tutelar de Sert\u00e3ozinho e foi acolhido por um professor da escola dele, antes de tamb\u00e9m ser transferido para a Bahia.<\/p>\n\n\n\n<h4 class=\"wp-block-heading\"><strong><mark style=\"background-color:rgba(0, 0, 0, 0)\" class=\"has-inline-color has-black-color\">M\u00e3e e filha mortas a facadas<\/mark><\/strong><\/h4>\n\n\n\n<p>O crime ocorreu na Rua Visconde do Rio Branco, por volta das 21h. Segundo o boletim de ocorr\u00eancia, ao confirmar as facadas, Edson disse que tudo come\u00e7ou ap\u00f3s uma discuss\u00e3o com a esposa.<\/p>\n\n\n\n<p>Ele afirmou que, em determinado momento, a mulher pegou uma faca e o feriu no pesco\u00e7o e que, na sequ\u00eancia, ele partiu para cima dela, tomou o objeto e com ele come\u00e7ou a golpe\u00e1-la.<\/p>\n\n\n\n<p>O suspeito tamb\u00e9m afirmou que a crian\u00e7a acabou atingida ao tentar proteger a m\u00e3e das facadas. Edson tamb\u00e9m afirmou, segundo a PM, que ao ver a filha morta, voltou a esfaquear a esposa, por culp\u00e1-la pelo que havia acontecido. O suspeito ainda relatou que, depois disso, deixou a faca sobre uma pia.<\/p>\n\n\n\n<p>A PM, que encontrou o suspeito assim que chegou, preservou o local do crime para realiza\u00e7\u00e3o da per\u00edcia e o levou por risco de revolta de moradores da vizinhan\u00e7a.<\/p>\n\n\n\n<p>Edson chegou a ser atendido em uma unidade de pronto atendimento antes de ser levado para a delegacia e para a cadeia.<\/p>\n","protected":false},"excerpt":{"rendered":"<p>Crime foi cometido na casa em que a fam\u00edlia vivia em Cruz das Posses, distrito de Sert\u00e3ozinho (SP). Blog do Eloilton Cajuhy \u2013 BEC Um homem foi preso em flagrante na noite de sexta-feira (23) suspeito de matar a mulher e a filha de 5 anos a facadas dentro da casa da fam\u00edlia em Cruz [&hellip;]<\/p>\n","protected":false},"author":2,"featured_media":87895,"comment_status":"open","ping_status":"open","sticky":false,"template":"","format":"standard","meta":{"_acf_changed":false,"_monsterinsights_skip_tracking":false,"_monsterinsights_sitenote_active":false,"_monsterinsights_sitenote_note":"","_monsterinsights_sitenote_category":0,"_jetpack_memberships_contains_paid_content":false,"footnotes":"","jetpack_publicize_message":"","jetpack_publicize_feature_enabled":true,"jetpack_social_post_already_shared":false,"jetpack_social_options":{"image_generator_settings":{"template":"highway","enabled":false},"version":2}},"categories":[15],"tags":[],"class_list":["post-87894","post","type-post","status-publish","format-standard","has-post-thumbnail","hentry","category-policia"],"acf":[],"jetpack_publicize_connections":[],"jetpack_featured_media_url":"https:\/\/i0.wp.com\/blogdoeloiltoncajuhy.com.br\/site\/wp-content\/uploads\/2025\/05\/Pindobacu_Homem-mata-esposa-e-filha-em-SP-%E2%80%94-Foto-Redes-Sociais.jpg?fit=984%2C616&ssl=1","jetpack_sharing_enabled":true,"publishpress_future_workflow_manual_trigger":{"enabledWorkflows":[]},"_links":{"self":[{"href":"https:\/\/blogdoeloiltoncajuhy.com.br\/site\/wp-json\/wp\/v2\/posts\/87894","targetHints":{"allow":["GET"]}}],"collection":[{"href":"https:\/\/blogdoeloiltoncajuhy.com.br\/site\/wp-json\/wp\/v2\/posts"}],"about":[{"href":"https:\/\/blogdoeloiltoncajuhy.com.br\/site\/wp-json\/wp\/v2\/types\/post"}],"author":[{"embeddable":true,"href":"https:\/\/blogdoeloiltoncajuhy.com.br\/site\/wp-json\/wp\/v2\/users\/2"}],"replies":[{"embeddable":true,"href":"https:\/\/blogdoeloiltoncajuhy.com.br\/site\/wp-json\/wp\/v2\/comments?post=87894"}],"version-history":[{"count":1,"href":"https:\/\/blogdoeloiltoncajuhy.com.br\/site\/wp-json\/wp\/v2\/posts\/87894\/revisions"}],"predecessor-version":[{"id":87896,"href":"https:\/\/blogdoeloiltoncajuhy.com.br\/site\/wp-json\/wp\/v2\/posts\/87894\/revisions\/87896"}],"wp:featuredmedia":[{"embeddable":true,"href":"https:\/\/blogdoeloiltoncajuhy.com.br\/site\/wp-json\/wp\/v2\/media\/87895"}],"wp:attachment":[{"href":"https:\/\/blogdoeloiltoncajuhy.com.br\/site\/wp-json\/wp\/v2\/media?parent=87894"}],"wp:term":[{"taxonomy":"category","embeddable":true,"href":"https:\/\/blogdoeloiltoncajuhy.com.br\/site\/wp-json\/wp\/v2\/categories?post=87894"},{"taxonomy":"post_tag","embeddable":true,"href":"https:\/\/blogdoeloiltoncajuhy.com.br\/site\/wp-json\/wp\/v2\/tags?post=87894"}],"curies":[{"name":"wp","href":"https:\/\/api.w.org\/{rel}","templated":true}]}}