{"id":87891,"date":"2025-05-26T09:18:35","date_gmt":"2025-05-26T12:18:35","guid":{"rendered":"https:\/\/blogdoeloiltoncajuhy.com.br\/site\/?p=87891"},"modified":"2025-05-26T09:18:37","modified_gmt":"2025-05-26T12:18:37","slug":"inscricoes-para-o-enem-comecam-nesta-segunda-feira","status":"publish","type":"post","link":"https:\/\/blogdoeloiltoncajuhy.com.br\/site\/inscricoes-para-o-enem-comecam-nesta-segunda-feira\/","title":{"rendered":"Inscri\u00e7\u00f5es para o Enem come\u00e7am nesta segunda-feira"},"content":{"rendered":"\n<p class=\"has-medium-font-size\"><strong>Taxa de inscri\u00e7\u00e3o pode ser paga por boleto, Pix e cart\u00e3o de cr\u00e9dito.<\/strong><\/p>\n\n\n\n<p><strong>Paula Laboissi\u00e8re\/Ag\u00eancia Brasil*<\/strong><\/p>\n\n\n\n<p><a href=\"https:\/\/whatsapp.com\/channel\/0029VaAT7tDLI8Yfj5y9Z50Z\"><strong><mark style=\"background-color:rgba(0, 0, 0, 0)\" class=\"has-inline-color has-vivid-red-color\">>> Siga nosso canal no WhatsApp e veja mais not\u00edcias<\/mark><\/strong><\/a><\/p>\n\n\n\n<figure class=\"wp-block-image aligncenter size-full\"><a href=\"https:\/\/i0.wp.com\/blogdoeloiltoncajuhy.com.br\/site\/wp-content\/uploads\/2025\/05\/Enem-2025-Foto-Jose-Cruz-Agencia-Brasil.png?ssl=1\"><img data-recalc-dims=\"1\" fetchpriority=\"high\" decoding=\"async\" width=\"760\" height=\"455\" src=\"https:\/\/i0.wp.com\/blogdoeloiltoncajuhy.com.br\/site\/wp-content\/uploads\/2025\/05\/Enem-2025-Foto-Jose-Cruz-Agencia-Brasil.png?resize=760%2C455&#038;ssl=1\" alt=\"\" class=\"wp-image-87892\" srcset=\"https:\/\/i0.wp.com\/blogdoeloiltoncajuhy.com.br\/site\/wp-content\/uploads\/2025\/05\/Enem-2025-Foto-Jose-Cruz-Agencia-Brasil.png?w=760&amp;ssl=1 760w, https:\/\/i0.wp.com\/blogdoeloiltoncajuhy.com.br\/site\/wp-content\/uploads\/2025\/05\/Enem-2025-Foto-Jose-Cruz-Agencia-Brasil.png?resize=300%2C180&amp;ssl=1 300w\" sizes=\"(max-width: 760px) 100vw, 760px\" \/><\/a><figcaption class=\"wp-element-caption\"><sub>Foto: Jos\u00e9 Cruz\/Ag\u00eancia Brasil<\/sub><\/figcaption><\/figure>\n\n\n\n<p>Interessados em participar do Exame Nacional do Ensino M\u00e9dio (Enem) 2025 podem se inscrever a partir desta segunda-feira (26) exclusivamente por meio da <a href=\"https:\/\/enem.inep.gov.br\/participante\/#!\/\"><strong><mark style=\"background-color:rgba(0, 0, 0, 0)\" class=\"has-inline-color has-vivid-cyan-blue-color\">P\u00e1gina do Participante<\/mark><\/strong><\/a>. O prazo termina no dia 6 de junho.<\/p>\n\n\n\n<p>Em nota, o Instituto Nacional de Estudos e Pesquisas Educacionais An\u00edsio Teixeira (Inep) refor\u00e7ou que as inscri\u00e7\u00f5es para todos os exames e avalia\u00e7\u00f5es sob sua responsabilidade s\u00f3 podem ser feitas pelos sistemas oficiais da autarquia.<\/p>\n\n\n\n<blockquote class=\"wp-block-quote is-layout-flow wp-block-quote-is-layout-flow\">\n<p><strong><mark style=\"background-color:rgba(0, 0, 0, 0)\" class=\"has-inline-color has-black-color\">\u201cQualquer outra plataforma ou canal n\u00e3o autorizado configura tentativa de fraude\u201d, destacou a entidade.<\/mark><\/strong><\/p>\n<\/blockquote>\n\n\n\n<h4 class=\"wp-block-heading\"><strong><mark style=\"background-color:rgba(0, 0, 0, 0)\" class=\"has-inline-color has-black-color\">Taxa de inscri\u00e7\u00e3o<\/mark><\/strong><\/h4>\n\n\n\n<p>A taxa de inscri\u00e7\u00e3o &#8211; R$ 85 &#8211; pode ser paga por boleto (gerado na P\u00e1gina do Participante), Pix, cart\u00e3o de cr\u00e9dito, d\u00e9bito em conta corrente ou poupan\u00e7a (a depender do banco).<\/p>\n\n\n\n<p>O prazo para realizar o pagamento vai at\u00e9 11 de junho e, segundo o Inep, n\u00e3o haver\u00e1 prorroga\u00e7\u00e3o.<\/p>\n\n\n\n<h4 class=\"wp-block-heading\"><strong><mark style=\"background-color:rgba(0, 0, 0, 0)\" class=\"has-inline-color has-black-color\">Provas<\/mark><\/strong><\/h4>\n\n\n\n<p>O Enem 2025 ser\u00e1 aplicado nos dias 9 e 16 de novembro em todo o Brasil. O exame \u00e9 composto por quatro provas objetivas, com 45 quest\u00f5es de m\u00faltipla escolha cada e uma reda\u00e7\u00e3o em l\u00edngua portuguesa.<\/p>\n\n\n\n<p>No primeiro dia do exame, ser\u00e3o aplicadas as provas de reda\u00e7\u00e3o e provas objetivas de l\u00edngua portuguesa, l\u00edngua estrangeira (ingl\u00eas ou espanhol), hist\u00f3ria, geografia, filosofia e sociologia. A aplica\u00e7\u00e3o ter\u00e1 cinco horas e 30 minutos de dura\u00e7\u00e3o.<\/p>\n\n\n\n<p>J\u00e1 no segundo dia, ser\u00e3o feitas as provas de matem\u00e1tica, qu\u00edmica, f\u00edsica e biologia. Nesta data, a aplica\u00e7\u00e3o ter\u00e1 cinco horas de dura\u00e7\u00e3o.<\/p>\n\n\n\n<p>Os port\u00f5es de acesso aos locais de prova ser\u00e3o abertos \u00e0s 12h e fechados \u00e0s 13h (hor\u00e1rio de Bras\u00edlia). O in\u00edcio ser\u00e1 \u00e0s 13h30.<\/p>\n\n\n\n<h4 class=\"wp-block-heading\"><strong><mark style=\"background-color:rgba(0, 0, 0, 0)\" class=\"has-inline-color has-black-color\">Reaplica\u00e7\u00e3o<\/mark><\/strong><\/h4>\n\n\n\n<p>Ainda de acordo com o edital, as provas do Enem ser\u00e3o reaplicadas nos dias 16 e 17 de dezembro para participantes que faltaram por problemas log\u00edsticos ou doen\u00e7as infectocontagiosas.<\/p>\n\n\n\n<h4 class=\"wp-block-heading\"><strong><mark style=\"background-color:rgba(0, 0, 0, 0)\" class=\"has-inline-color has-black-color\">O exame<\/mark><\/strong><\/h4>\n\n\n\n<p>O Enem avalia o desempenho escolar dos estudantes ao t\u00e9rmino da educa\u00e7\u00e3o b\u00e1sica. O exame \u00e9 considerado a principal porta de entrada para a educa\u00e7\u00e3o superior no Brasil, por meio do Sistema de Sele\u00e7\u00e3o Unificada (Sisu) e de iniciativas como o Programa Universidade para Todos (Prouni).\u202f<\/p>\n\n\n\n<p>Institui\u00e7\u00f5es de ensino p\u00fablicas e privadas utilizam o Enem para selecionar estudantes. Os resultados funcionam como crit\u00e9rio \u00fanico ou complementar dos processos seletivos, al\u00e9m de servir de par\u00e2metro para acesso a aux\u00edlios governamentais, como o Fundo de Financiamento Estudantil (Fies).\u202f<\/p>\n\n\n\n<p>Os resultados individuais do Enem tamb\u00e9m podem ser aproveitados em processos seletivos de institui\u00e7\u00f5es portuguesas de ensino superior que possuem conv\u00eanio com o Inep.<\/p>\n\n\n\n<p><em>*Colaborou Daniella Almeida<\/em><\/p>\n","protected":false},"excerpt":{"rendered":"<p>Taxa de inscri\u00e7\u00e3o pode ser paga por boleto, Pix e cart\u00e3o de cr\u00e9dito. Paula Laboissi\u00e8re\/Ag\u00eancia Brasil* >> Siga nosso canal no WhatsApp e veja mais not\u00edcias Interessados em participar do Exame Nacional do Ensino M\u00e9dio (Enem) 2025 podem se inscrever a partir desta segunda-feira (26) exclusivamente por meio da P\u00e1gina do Participante. O prazo termina [&hellip;]<\/p>\n","protected":false},"author":2,"featured_media":87892,"comment_status":"open","ping_status":"open","sticky":false,"template":"","format":"standard","meta":{"_acf_changed":false,"_monsterinsights_skip_tracking":false,"_monsterinsights_sitenote_active":false,"_monsterinsights_sitenote_note":"","_monsterinsights_sitenote_category":0,"_jetpack_memberships_contains_paid_content":false,"footnotes":"","jetpack_publicize_message":"","jetpack_publicize_feature_enabled":true,"jetpack_social_post_already_shared":true,"jetpack_social_options":{"image_generator_settings":{"template":"highway","default_image_id":0,"font":"","enabled":false},"version":2}},"categories":[14],"tags":[],"class_list":["post-87891","post","type-post","status-publish","format-standard","has-post-thumbnail","hentry","category-educacao"],"acf":[],"jetpack_publicize_connections":[],"jetpack_featured_media_url":"https:\/\/i0.wp.com\/blogdoeloiltoncajuhy.com.br\/site\/wp-content\/uploads\/2025\/05\/Enem-2025-Foto-Jose-Cruz-Agencia-Brasil.png?fit=760%2C455&ssl=1","jetpack_sharing_enabled":true,"publishpress_future_workflow_manual_trigger":{"enabledWorkflows":[]},"_links":{"self":[{"href":"https:\/\/blogdoeloiltoncajuhy.com.br\/site\/wp-json\/wp\/v2\/posts\/87891","targetHints":{"allow":["GET"]}}],"collection":[{"href":"https:\/\/blogdoeloiltoncajuhy.com.br\/site\/wp-json\/wp\/v2\/posts"}],"about":[{"href":"https:\/\/blogdoeloiltoncajuhy.com.br\/site\/wp-json\/wp\/v2\/types\/post"}],"author":[{"embeddable":true,"href":"https:\/\/blogdoeloiltoncajuhy.com.br\/site\/wp-json\/wp\/v2\/users\/2"}],"replies":[{"embeddable":true,"href":"https:\/\/blogdoeloiltoncajuhy.com.br\/site\/wp-json\/wp\/v2\/comments?post=87891"}],"version-history":[{"count":1,"href":"https:\/\/blogdoeloiltoncajuhy.com.br\/site\/wp-json\/wp\/v2\/posts\/87891\/revisions"}],"predecessor-version":[{"id":87893,"href":"https:\/\/blogdoeloiltoncajuhy.com.br\/site\/wp-json\/wp\/v2\/posts\/87891\/revisions\/87893"}],"wp:featuredmedia":[{"embeddable":true,"href":"https:\/\/blogdoeloiltoncajuhy.com.br\/site\/wp-json\/wp\/v2\/media\/87892"}],"wp:attachment":[{"href":"https:\/\/blogdoeloiltoncajuhy.com.br\/site\/wp-json\/wp\/v2\/media?parent=87891"}],"wp:term":[{"taxonomy":"category","embeddable":true,"href":"https:\/\/blogdoeloiltoncajuhy.com.br\/site\/wp-json\/wp\/v2\/categories?post=87891"},{"taxonomy":"post_tag","embeddable":true,"href":"https:\/\/blogdoeloiltoncajuhy.com.br\/site\/wp-json\/wp\/v2\/tags?post=87891"}],"curies":[{"name":"wp","href":"https:\/\/api.w.org\/{rel}","templated":true}]}}