{"id":87799,"date":"2025-05-21T00:10:00","date_gmt":"2025-05-21T03:10:00","guid":{"rendered":"https:\/\/blogdoeloiltoncajuhy.com.br\/site\/?p=87799"},"modified":"2025-05-20T20:34:48","modified_gmt":"2025-05-20T23:34:48","slug":"aos-80-anos-renato-teixeira-e-celebrado-com-ranking-de-suas-musicas-mais-tocadas","status":"publish","type":"post","link":"https:\/\/blogdoeloiltoncajuhy.com.br\/site\/aos-80-anos-renato-teixeira-e-celebrado-com-ranking-de-suas-musicas-mais-tocadas\/","title":{"rendered":"Aos 80 anos, Renato Teixeira \u00e9 celebrado com ranking de suas m\u00fasicas mais tocadas"},"content":{"rendered":"\n<p class=\"has-medium-font-size\"><strong>Levantamento do Ecad destaca \u201cTocando em frente\u201d como a m\u00fasica mais executada e regravada do artista<\/strong><\/p>\n\n\n\n<p><strong>Blog do Eloilton Cajuhy \u2013 BEC<\/strong><\/p>\n\n\n\n<figure class=\"wp-block-image aligncenter size-full\"><a href=\"https:\/\/i0.wp.com\/blogdoeloiltoncajuhy.com.br\/site\/wp-content\/uploads\/2025\/05\/Renato-Teixeira-80-anos-Divulgacao.jpg?ssl=1\"><img data-recalc-dims=\"1\" fetchpriority=\"high\" decoding=\"async\" width=\"760\" height=\"507\" src=\"https:\/\/i0.wp.com\/blogdoeloiltoncajuhy.com.br\/site\/wp-content\/uploads\/2025\/05\/Renato-Teixeira-80-anos-Divulgacao.jpg?resize=760%2C507&#038;ssl=1\" alt=\"\" class=\"wp-image-87800\" srcset=\"https:\/\/i0.wp.com\/blogdoeloiltoncajuhy.com.br\/site\/wp-content\/uploads\/2025\/05\/Renato-Teixeira-80-anos-Divulgacao.jpg?w=760&amp;ssl=1 760w, https:\/\/i0.wp.com\/blogdoeloiltoncajuhy.com.br\/site\/wp-content\/uploads\/2025\/05\/Renato-Teixeira-80-anos-Divulgacao.jpg?resize=300%2C200&amp;ssl=1 300w\" sizes=\"(max-width: 760px) 100vw, 760px\" \/><\/a><figcaption class=\"wp-element-caption\"><sub>Renato Teixeira completou 80 anos nesta ter\u00e7a-feira, dia 20 de maio &#8211; Foto: Divulga\u00e7\u00e3o<\/sub><\/figcaption><\/figure>\n\n\n\n<p>Nesta ter\u00e7a-feira, dia 20, Renato Teixeira celebrou 80 anos de vida e de contribui\u00e7\u00e3o \u00e0 m\u00fasica brasileira. Para marcar a data, o Ecad (Escrit\u00f3rio Central de Arrecada\u00e7\u00e3o e Distribui\u00e7\u00e3o) preparou um levantamento especial sobre a trajet\u00f3ria musical do artista, que \u00e9 refer\u00eancia quando se fala em can\u00e7\u00e3o caipira e m\u00fasica de raiz.<\/p>\n\n\n\n<p><a href=\"https:\/\/whatsapp.com\/channel\/0029VaAT7tDLI8Yfj5y9Z50Z\"><strong><mark style=\"background-color:rgba(0, 0, 0, 0)\" class=\"has-inline-color has-vivid-red-color\">>> Siga nosso canal no WhatsApp e veja mais not\u00edcias<\/mark><\/strong><\/a><\/p>\n\n\n\n<p>Segundo os dados da entidade, o artista possui 412 obras musicais e 559 grava\u00e7\u00f5es cadastradas no banco de dados da gest\u00e3o coletiva no Brasil. O destaque vai para \u201cTocando em frente\u201d, parceria com Almir Sater, que lidera tanto o ranking de obras mais executadas quanto o de mais regravadas, com 225 fonogramas identificados na base do Ecad. Logo atr\u00e1s aparece o cl\u00e1ssico \u201cRomaria\u201d.<\/p>\n\n\n\n<p>Entre os int\u00e9rpretes que mais gravaram obras do compositor, Almir Sater lidera com 51 regrava\u00e7\u00f5es, seguido por S\u00e9rgio Reis, Pena Branca e Daniel.<\/p>\n\n\n\n<p>O levantamento do Ecad considerou execu\u00e7\u00f5es p\u00fablicas registradas em segmentos como R\u00e1dio, Sonoriza\u00e7\u00e3o Ambiental, Shows, Casas de Festas, Carnaval e Festas Juninas.<\/p>\n\n\n\n<p><strong><mark style=\"background-color:rgba(0, 0, 0, 0)\" class=\"has-inline-color has-black-color\">Ranking das m\u00fasicas de autoria de Renato Teixeira mais tocadas nos \u00faltimos cinco anos no Brasil nos principais segmentos de execu\u00e7\u00e3o p\u00fablica<\/mark><\/strong> (R\u00e1dio, Shows, Sonoriza\u00e7\u00e3o Ambiental, M\u00fasica ao Vivo, Casas de Festas e Divers\u00e3o, Carnaval e Festa Junina)<\/p>\n\n\n\n<figure class=\"wp-block-table\"><table class=\"has-fixed-layout\"><tbody><tr><td><strong><mark style=\"background-color:rgba(0, 0, 0, 0)\" class=\"has-inline-color has-black-color\">Posi\u00e7\u00e3o<\/mark>\u00a0<\/strong><\/td><td><strong><mark style=\"background-color:rgba(0, 0, 0, 0)\" class=\"has-inline-color has-black-color\">M\u00fasica\u00a0<\/mark><\/strong><\/td><td><strong><mark style=\"background-color:rgba(0, 0, 0, 0)\" class=\"has-inline-color has-black-color\">Autores\u00a0<\/mark><\/strong><\/td><\/tr><tr><td><strong>1&nbsp;<\/strong><\/td><td>Tocando em frente<\/td><td>Almir Sater \/ Renato Teixeira<\/td><\/tr><tr><td><strong>2&nbsp;<\/strong><\/td><td>Romaria<\/td><td>Renato Teixeira<\/td><\/tr><tr><td><strong>3&nbsp;<\/strong><\/td><td>Um violeiro toca<\/td><td>Renato Teixeira \/ Almir Sater<\/td><\/tr><tr><td><strong>4&nbsp;<\/strong><\/td><td>Amanheceu, peguei a viola<\/td><td>Renato Teixeira<\/td><\/tr><tr><td><strong>5<\/strong><\/td><td>Pe\u00e3o<\/td><td>Almir Sater \/ Renato Teixeira<\/td><\/tr><tr><td><strong>6<\/strong><\/td><td>Frete<\/td><td>Renato Teixeira<\/td><\/tr><tr><td><strong>7<\/strong><\/td><td>Recado<\/td><td>Renato Teixeira<\/td><\/tr><tr><td><strong>8<\/strong><\/td><td>Assim os dias passar\u00e3o<\/td><td>Renato Teixeira \/ Almir Sater \/ Paulo Sim\u00f5es<\/td><\/tr><tr><td><strong>9<\/strong><\/td><td>Rastro da lua cheia<\/td><td>Almir Sater \/ Renato Teixeira<\/td><\/tr><tr><td><strong>10<\/strong><\/td><td>Amizade sincera<\/td><td>Renato Teixeira<\/td><\/tr><\/tbody><\/table><\/figure>\n\n\n\n<p class=\"has-black-color has-text-color has-link-color wp-elements-a7148cb134b55cf3858619f5080a96c7\"><strong>Top 5 das m\u00fasicas de autoria de Renato Teixeira mais gravadas<\/strong><\/p>\n\n\n\n<figure class=\"wp-block-table\"><table class=\"has-fixed-layout\"><tbody><tr><td><strong><mark style=\"background-color:rgba(0, 0, 0, 0)\" class=\"has-inline-color has-black-color\">Posi\u00e7\u00e3o<\/mark>\u00a0\u00a0<\/strong><\/td><td><strong><mark style=\"background-color:rgba(0, 0, 0, 0)\" class=\"has-inline-color has-black-color\">M\u00fasica<\/mark>\u00a0<\/strong><\/td><td><strong><mark style=\"background-color:rgba(0, 0, 0, 0)\" class=\"has-inline-color has-black-color\">Autores<\/mark>\u00a0<\/strong><\/td><\/tr><tr><td><strong>1<\/strong><\/td><td>Tocando em frente<\/td><td>Almir Sater \/ Renato Teixeira<\/td><\/tr><tr><td><strong>2<\/strong><\/td><td>Romaria<\/td><td>Renato Teixeira<\/td><\/tr><tr><td><strong>3<\/strong><\/td><td>Um violeiro toca<\/td><td>Renato Teixeira \/ Almir Sater<\/td><\/tr><tr><td><strong>4<\/strong><\/td><td>Irm\u00e3o da lua<\/td><td>Renato Teixeira<\/td><\/tr><tr><td><strong>5<\/strong><\/td><td>Amora<\/td><td>Renato Teixeira<\/td><\/tr><\/tbody><\/table><\/figure>\n","protected":false},"excerpt":{"rendered":"<p>Levantamento do Ecad destaca \u201cTocando em frente\u201d como a m\u00fasica mais executada e regravada do artista Blog do Eloilton Cajuhy \u2013 BEC Nesta ter\u00e7a-feira, dia 20, Renato Teixeira celebrou 80 anos de vida e de contribui\u00e7\u00e3o \u00e0 m\u00fasica brasileira. Para marcar a data, o Ecad (Escrit\u00f3rio Central de Arrecada\u00e7\u00e3o e Distribui\u00e7\u00e3o) preparou um levantamento especial [&hellip;]<\/p>\n","protected":false},"author":2,"featured_media":87800,"comment_status":"open","ping_status":"open","sticky":false,"template":"","format":"standard","meta":{"_acf_changed":false,"_monsterinsights_skip_tracking":false,"_monsterinsights_sitenote_active":false,"_monsterinsights_sitenote_note":"","_monsterinsights_sitenote_category":0,"_jetpack_memberships_contains_paid_content":false,"footnotes":"","jetpack_publicize_message":"","jetpack_publicize_feature_enabled":true,"jetpack_social_post_already_shared":true,"jetpack_social_options":{"image_generator_settings":{"template":"highway","default_image_id":0,"font":"","enabled":false},"version":2}},"categories":[12],"tags":[],"class_list":["post-87799","post","type-post","status-publish","format-standard","has-post-thumbnail","hentry","category-gente-que-faz-a-nossa-historia"],"acf":[],"jetpack_publicize_connections":[],"jetpack_featured_media_url":"https:\/\/i0.wp.com\/blogdoeloiltoncajuhy.com.br\/site\/wp-content\/uploads\/2025\/05\/Renato-Teixeira-80-anos-Divulgacao.jpg?fit=760%2C507&ssl=1","jetpack_sharing_enabled":true,"publishpress_future_workflow_manual_trigger":{"enabledWorkflows":[]},"_links":{"self":[{"href":"https:\/\/blogdoeloiltoncajuhy.com.br\/site\/wp-json\/wp\/v2\/posts\/87799","targetHints":{"allow":["GET"]}}],"collection":[{"href":"https:\/\/blogdoeloiltoncajuhy.com.br\/site\/wp-json\/wp\/v2\/posts"}],"about":[{"href":"https:\/\/blogdoeloiltoncajuhy.com.br\/site\/wp-json\/wp\/v2\/types\/post"}],"author":[{"embeddable":true,"href":"https:\/\/blogdoeloiltoncajuhy.com.br\/site\/wp-json\/wp\/v2\/users\/2"}],"replies":[{"embeddable":true,"href":"https:\/\/blogdoeloiltoncajuhy.com.br\/site\/wp-json\/wp\/v2\/comments?post=87799"}],"version-history":[{"count":1,"href":"https:\/\/blogdoeloiltoncajuhy.com.br\/site\/wp-json\/wp\/v2\/posts\/87799\/revisions"}],"predecessor-version":[{"id":87801,"href":"https:\/\/blogdoeloiltoncajuhy.com.br\/site\/wp-json\/wp\/v2\/posts\/87799\/revisions\/87801"}],"wp:featuredmedia":[{"embeddable":true,"href":"https:\/\/blogdoeloiltoncajuhy.com.br\/site\/wp-json\/wp\/v2\/media\/87800"}],"wp:attachment":[{"href":"https:\/\/blogdoeloiltoncajuhy.com.br\/site\/wp-json\/wp\/v2\/media?parent=87799"}],"wp:term":[{"taxonomy":"category","embeddable":true,"href":"https:\/\/blogdoeloiltoncajuhy.com.br\/site\/wp-json\/wp\/v2\/categories?post=87799"},{"taxonomy":"post_tag","embeddable":true,"href":"https:\/\/blogdoeloiltoncajuhy.com.br\/site\/wp-json\/wp\/v2\/tags?post=87799"}],"curies":[{"name":"wp","href":"https:\/\/api.w.org\/{rel}","templated":true}]}}