{"id":87727,"date":"2025-05-16T17:24:16","date_gmt":"2025-05-16T20:24:16","guid":{"rendered":"https:\/\/blogdoeloiltoncajuhy.com.br\/site\/?p=87727"},"modified":"2025-05-16T17:24:18","modified_gmt":"2025-05-16T20:24:18","slug":"bonfim-associacao-dos-espadeiros-apresenta-plano-de-regulamentacao-da-fabricacao-de-espadas-em-reuniao-no-mp-ba","status":"publish","type":"post","link":"https:\/\/blogdoeloiltoncajuhy.com.br\/site\/bonfim-associacao-dos-espadeiros-apresenta-plano-de-regulamentacao-da-fabricacao-de-espadas-em-reuniao-no-mp-ba\/","title":{"rendered":"Bonfim: Associa\u00e7\u00e3o dos Espadeiros apresenta plano de regulamenta\u00e7\u00e3o da fabrica\u00e7\u00e3o de espadas em reuni\u00e3o no MP-BA"},"content":{"rendered":"\n<p><strong>Blog do Eloilton Cajuhy \u2013 BEC<\/strong><\/p>\n\n\n\n<figure class=\"wp-block-image aligncenter size-full is-resized\"><a href=\"https:\/\/i0.wp.com\/blogdoeloiltoncajuhy.com.br\/site\/wp-content\/uploads\/2025\/05\/Espadas-Reuniao-MP-BA.jpg?ssl=1\"><img data-recalc-dims=\"1\" fetchpriority=\"high\" decoding=\"async\" width=\"800\" height=\"539\" src=\"https:\/\/i0.wp.com\/blogdoeloiltoncajuhy.com.br\/site\/wp-content\/uploads\/2025\/05\/Espadas-Reuniao-MP-BA.jpg?resize=800%2C539&#038;ssl=1\" alt=\"\" class=\"wp-image-87728\" style=\"width:670px;height:auto\" srcset=\"https:\/\/i0.wp.com\/blogdoeloiltoncajuhy.com.br\/site\/wp-content\/uploads\/2025\/05\/Espadas-Reuniao-MP-BA.jpg?w=814&amp;ssl=1 814w, https:\/\/i0.wp.com\/blogdoeloiltoncajuhy.com.br\/site\/wp-content\/uploads\/2025\/05\/Espadas-Reuniao-MP-BA.jpg?resize=300%2C202&amp;ssl=1 300w, https:\/\/i0.wp.com\/blogdoeloiltoncajuhy.com.br\/site\/wp-content\/uploads\/2025\/05\/Espadas-Reuniao-MP-BA.jpg?resize=768%2C517&amp;ssl=1 768w\" sizes=\"(max-width: 800px) 100vw, 800px\" \/><\/a><figcaption class=\"wp-element-caption\"><sub>Reuni\u00e3o no MP-BA para apresenta\u00e7\u00e3o do plano de regulamenta\u00e7\u00e3o da fabrica\u00e7\u00e3o de espadas em Bonfim<\/sub><\/figcaption><\/figure>\n\n\n\n<p>Na manh\u00e3 desta sexta-feira (16) a Associa\u00e7\u00e3o Cultural dos Espadeiros de Senhor do Bonfim (Acesb) participou de uma reuni\u00e3o no Minist\u00e9rio P\u00fablico da Bahia, proposta pelo presidente da C\u00e2mara Municipal, vereador Ary Urbano, com o objetivo de apresentar o plano de regulamenta\u00e7\u00e3o da fabrica\u00e7\u00e3o de espadas.<\/p>\n\n\n\n<p>Estiveram presentes os promotores Filipe Pazolla, Isabela Santana e \u00cdtala Suzana; os vereadores Weslen Aquino, Sarah do Nilt\u00e3o e Jeorge Catatau; o delegado da Pol\u00edcia Civil Jailson Teixeira, al\u00e9m dos Majores Teixeira e Robston, representando o 6\u00ba Batalh\u00e3o da Pol\u00edcia Militar.<\/p>\n\n\n\n<p>A Acesb detalhou as etapas do processo de regulamenta\u00e7\u00e3o, que conta com apoio t\u00e9cnico SINDIEMG. O plano foi bem acolhido pelos representantes das institui\u00e7\u00f5es, que destacaram a import\u00e2ncia do di\u00e1logo e da constru\u00e7\u00e3o de solu\u00e7\u00f5es legais e respons\u00e1veis.<\/p>\n\n\n\n<p>A Guerra de Espadas segue proibida por decis\u00e3o judicial, mas a Acesb e os \u00f3rg\u00e3os envolvidos seguem buscando entendimentos para viabilizar sua legaliza\u00e7\u00e3o, com seguran\u00e7a e dentro da lei.<\/p>\n\n\n\n<p><a href=\"https:\/\/whatsapp.com\/channel\/0029VaAT7tDLI8Yfj5y9Z50Z\"><strong><mark style=\"background-color:rgba(0, 0, 0, 0)\" class=\"has-inline-color has-vivid-red-color\">>> Siga nosso canal no WhatsApp e veja mais not\u00edcias<\/mark><\/strong><\/a><\/p>\n","protected":false},"excerpt":{"rendered":"<p>Blog do Eloilton Cajuhy \u2013 BEC Na manh\u00e3 desta sexta-feira (16) a Associa\u00e7\u00e3o Cultural dos Espadeiros de Senhor do Bonfim (Acesb) participou de uma reuni\u00e3o no Minist\u00e9rio P\u00fablico da Bahia, proposta pelo presidente da C\u00e2mara Municipal, vereador Ary Urbano, com o objetivo de apresentar o plano de regulamenta\u00e7\u00e3o da fabrica\u00e7\u00e3o de espadas. Estiveram presentes os [&hellip;]<\/p>\n","protected":false},"author":2,"featured_media":87728,"comment_status":"open","ping_status":"open","sticky":false,"template":"","format":"standard","meta":{"_acf_changed":false,"_monsterinsights_skip_tracking":false,"_monsterinsights_sitenote_active":false,"_monsterinsights_sitenote_note":"","_monsterinsights_sitenote_category":0,"_jetpack_memberships_contains_paid_content":false,"footnotes":"","jetpack_publicize_message":"","jetpack_publicize_feature_enabled":true,"jetpack_social_post_already_shared":true,"jetpack_social_options":{"image_generator_settings":{"template":"highway","default_image_id":0,"font":"","enabled":false},"version":2}},"categories":[8],"tags":[],"class_list":["post-87727","post","type-post","status-publish","format-standard","has-post-thumbnail","hentry","category-cultura"],"acf":[],"jetpack_publicize_connections":[],"jetpack_featured_media_url":"https:\/\/i0.wp.com\/blogdoeloiltoncajuhy.com.br\/site\/wp-content\/uploads\/2025\/05\/Espadas-Reuniao-MP-BA.jpg?fit=814%2C548&ssl=1","jetpack_sharing_enabled":true,"publishpress_future_workflow_manual_trigger":{"enabledWorkflows":[]},"_links":{"self":[{"href":"https:\/\/blogdoeloiltoncajuhy.com.br\/site\/wp-json\/wp\/v2\/posts\/87727","targetHints":{"allow":["GET"]}}],"collection":[{"href":"https:\/\/blogdoeloiltoncajuhy.com.br\/site\/wp-json\/wp\/v2\/posts"}],"about":[{"href":"https:\/\/blogdoeloiltoncajuhy.com.br\/site\/wp-json\/wp\/v2\/types\/post"}],"author":[{"embeddable":true,"href":"https:\/\/blogdoeloiltoncajuhy.com.br\/site\/wp-json\/wp\/v2\/users\/2"}],"replies":[{"embeddable":true,"href":"https:\/\/blogdoeloiltoncajuhy.com.br\/site\/wp-json\/wp\/v2\/comments?post=87727"}],"version-history":[{"count":1,"href":"https:\/\/blogdoeloiltoncajuhy.com.br\/site\/wp-json\/wp\/v2\/posts\/87727\/revisions"}],"predecessor-version":[{"id":87729,"href":"https:\/\/blogdoeloiltoncajuhy.com.br\/site\/wp-json\/wp\/v2\/posts\/87727\/revisions\/87729"}],"wp:featuredmedia":[{"embeddable":true,"href":"https:\/\/blogdoeloiltoncajuhy.com.br\/site\/wp-json\/wp\/v2\/media\/87728"}],"wp:attachment":[{"href":"https:\/\/blogdoeloiltoncajuhy.com.br\/site\/wp-json\/wp\/v2\/media?parent=87727"}],"wp:term":[{"taxonomy":"category","embeddable":true,"href":"https:\/\/blogdoeloiltoncajuhy.com.br\/site\/wp-json\/wp\/v2\/categories?post=87727"},{"taxonomy":"post_tag","embeddable":true,"href":"https:\/\/blogdoeloiltoncajuhy.com.br\/site\/wp-json\/wp\/v2\/tags?post=87727"}],"curies":[{"name":"wp","href":"https:\/\/api.w.org\/{rel}","templated":true}]}}